{"id":86633,"date":"2018-03-10T00:11:16","date_gmt":"2018-03-10T00:11:16","guid":{"rendered":"https:\/\/www.deberes.net\/tesis\/sin-categoria\/juan-antonio-de-zamacola-su-vida-obra-y-concepcion\/"},"modified":"2018-03-10T00:11:16","modified_gmt":"2018-03-10T00:11:16","slug":"juan-antonio-de-zamacola-su-vida-obra-y-concepcion","status":"publish","type":"post","link":"https:\/\/www.deberes.net\/tesis\/historia\/juan-antonio-de-zamacola-su-vida-obra-y-concepcion\/","title":{"rendered":"Juan antonio de zamacola: su vida, obra y concepci\u00f3n"},"content":{"rendered":"<h2>Tesis doctoral de <strong>  Diaz Gorriti Virginia Araceli <\/strong><\/h2>\n<p>Esta tesis trata sobre el vasco juan antonio de iza y zamacola. Se distinguen en ella tres partes bien diferenciadas; su vida, obra y concepci\u00f3n est\u00e9tico-musical.  en el primer apartado se ha intentado recopilar y verter informaci\u00f3n sobre su persona, a menudo fusionada y confundida con la de su hermano, sim\u00f3n bernardo, diputado general de vizcaya y de quien los sucesos denominados como zamacolada toman su nobmre.  en la segunda parte, se analiza la obra, donde se encuentran temas de muy disinta naturaleza y car\u00e1cter. Sus primeras producciones, m\u00e1s festivas e ir\u00f3nicas nada tienen en com\u00fan con sus escritos dinales, durante su exilio en francia, por ejemplo, su \u00abhistoria de las naciones bascas\u00bb donde se narra innovadoramente la histora de este pueblo, no desde las acciones de los grandes h\u00e9roes y personajes destacados en su devenir, sino desde los acaecimientos del hombre com\u00fan, el hombre del pueblo.  podr\u00edamos considerarla casi una \u00abantropolog\u00eda cultural\u00bb, donde se nos relata las constumbres, tadiciones, modos de vida de un pueblo como es el vasco. Criticada duramente por su nuevo enfoque, es en la actualidad cuando se le reconoce su val\u00ed y relevancia.  en la tercera parte, se intenta recoger su af\u00e1n y preocupaci\u00f3n por compilar y mantener vivo nuestro acerbo musical. Considerado como el primer folklorista espa\u00f1ol, por diversos autores. Su obra \u00abcolecci\u00f3n de las mejores coplas de seguidillas, tiranas y polos\u00bb. Tomo i y ii, esboza su concepci\u00f3n est\u00e9tico-musical que supone una gran aportaci\u00f3n al conocimiento y entendimiento poco abordado siglo xviii, musicalemnte hablando.<\/p>\n<p>&nbsp;<\/p>\n<h3>Datos acad\u00e9micos de la tesis doctoral \u00ab<strong>Juan antonio de zamacola: su vida, obra y concepci\u00f3n<\/strong>\u00ab<\/h3>\n<ul>\n<li><strong>T\u00edtulo de la tesis:<\/strong>\u00a0 Juan antonio de zamacola: su vida, obra y concepci\u00f3n <\/li>\n<li><strong>Autor:<\/strong>\u00a0  Diaz Gorriti Virginia Araceli <\/li>\n<li><strong>Universidad:<\/strong>\u00a0 Deusto<\/li>\n<li><strong>Fecha de lectura de la tesis:<\/strong>\u00a0 28\/09\/2000<\/li>\n<\/ul>\n<p>&nbsp;<\/p>\n<h3>Direcci\u00f3n y tribunal<\/h3>\n<ul>\n<li><strong>Director de la tesis<\/strong>\n<ul>\n<li> Amigo Fern\u00e1ndez De Arroyabe M. Luisa<\/li>\n<\/ul>\n<\/li>\n<li><strong>Tribunal<\/strong>\n<ul>\n<li>Presidente del tribunal: alfredo Jim\u00e9nez eguiz\u00e1bal <\/li>\n<li>Jos\u00e9 Antonio Caride gomez (vocal)<\/li>\n<li>gaspar Garcia abril (vocal)<\/li>\n<li>Manuel Cuenca cabeza (vocal)<\/li>\n<\/ul>\n<\/li>\n<\/ul>\n<p>&nbsp;<\/p>\n","protected":false},"excerpt":{"rendered":"<p>Tesis doctoral de Diaz Gorriti Virginia Araceli Esta tesis trata sobre el vasco juan antonio de iza y zamacola. Se [&hellip;]<\/p>\n","protected":false},"author":1,"featured_media":0,"comment_status":"open","ping_status":"open","sticky":false,"template":"","format":"standard","meta":{"site-sidebar-layout":"default","site-content-layout":"","ast-site-content-layout":"","site-content-style":"default","site-sidebar-style":"default","ast-global-header-display":"","ast-banner-title-visibility":"","ast-main-header-display":"","ast-hfb-above-header-display":"","ast-hfb-below-header-display":"","ast-hfb-mobile-header-display":"","site-post-title":"","ast-breadcrumbs-content":"","ast-featured-img":"","footer-sml-layout":"","theme-transparent-header-meta":"","adv-header-id-meta":"","stick-header-meta":"","header-above-stick-meta":"","header-main-stick-meta":"","header-below-stick-meta":"","astra-migrate-meta-layouts":"default","ast-page-background-enabled":"default","ast-page-background-meta":{"desktop":{"background-color":"var(--ast-global-color-4)","background-image":"","background-repeat":"repeat","background-position":"center center","background-size":"auto","background-attachment":"scroll","background-type":"","background-media":"","overlay-type":"","overlay-color":"","overlay-gradient":""},"tablet":{"background-color":"","background-image":"","background-repeat":"repeat","background-position":"center center","background-size":"auto","background-attachment":"scroll","background-type":"","background-media":"","overlay-type":"","overlay-color":"","overlay-gradient":""},"mobile":{"background-color":"","background-image":"","background-repeat":"repeat","background-position":"center center","background-size":"auto","background-attachment":"scroll","background-type":"","background-media":"","overlay-type":"","overlay-color":"","overlay-gradient":""}},"ast-content-background-meta":{"desktop":{"background-color":"var(--ast-global-color-5)","background-image":"","background-repeat":"repeat","background-position":"center center","background-size":"auto","background-attachment":"scroll","background-type":"","background-media":"","overlay-type":"","overlay-color":"","overlay-gradient":""},"tablet":{"background-color":"var(--ast-global-color-5)","background-image":"","background-repeat":"repeat","background-position":"center center","background-size":"auto","background-attachment":"scroll","background-type":"","background-media":"","overlay-type":"","overlay-color":"","overlay-gradient":""},"mobile":{"background-color":"var(--ast-global-color-5)","background-image":"","background-repeat":"repeat","background-position":"center center","background-size":"auto","background-attachment":"scroll","background-type":"","background-media":"","overlay-type":"","overlay-color":"","overlay-gradient":""}},"footnotes":""},"categories":[147,31910,2965,104,989,220,9132,1111,628],"tags":[8658,31918,181766,32010,2625,31944],"class_list":["post-86633","post","type-post","status-publish","format-standard","hentry","category-ciencias-de-las-artes-y-las-letras","category-deusto","category-estilo-y-estetica-literarios","category-historia","category-historia-moderna","category-historia-por-epocas","category-musica-y-musicologia","category-teoria-analisis-y-critica-de-las-bellas-artes","category-teoria-analisis-y-critica-literarios","tag-alfredo-jimenez-eguizabal","tag-amigo-fernandez-de-arroyabe-m-luisa","tag-diaz-gorriti-virginia-araceli","tag-gaspar-garcia-abril","tag-jose-antonio-caride-gomez","tag-manuel-cuenca-cabeza"],"_links":{"self":[{"href":"https:\/\/www.deberes.net\/tesis\/wp-json\/wp\/v2\/posts\/86633","targetHints":{"allow":["GET"]}}],"collection":[{"href":"https:\/\/www.deberes.net\/tesis\/wp-json\/wp\/v2\/posts"}],"about":[{"href":"https:\/\/www.deberes.net\/tesis\/wp-json\/wp\/v2\/types\/post"}],"author":[{"embeddable":true,"href":"https:\/\/www.deberes.net\/tesis\/wp-json\/wp\/v2\/users\/1"}],"replies":[{"embeddable":true,"href":"https:\/\/www.deberes.net\/tesis\/wp-json\/wp\/v2\/comments?post=86633"}],"version-history":[{"count":0,"href":"https:\/\/www.deberes.net\/tesis\/wp-json\/wp\/v2\/posts\/86633\/revisions"}],"wp:attachment":[{"href":"https:\/\/www.deberes.net\/tesis\/wp-json\/wp\/v2\/media?parent=86633"}],"wp:term":[{"taxonomy":"category","embeddable":true,"href":"https:\/\/www.deberes.net\/tesis\/wp-json\/wp\/v2\/categories?post=86633"},{"taxonomy":"post_tag","embeddable":true,"href":"https:\/\/www.deberes.net\/tesis\/wp-json\/wp\/v2\/tags?post=86633"}],"curies":[{"name":"wp","href":"https:\/\/api.w.org\/{rel}","templated":true}]}}