{"id":86653,"date":"2018-03-10T00:11:16","date_gmt":"2018-03-10T00:11:16","guid":{"rendered":"https:\/\/www.deberes.net\/tesis\/sin-categoria\/nivel-de-satisfaccion-personal-y-profesional-de-los-as-directores-as-de-los-centros-de-educacion-infantil-primaria-y-secundaria-en-andalucia\/"},"modified":"2018-03-10T00:11:16","modified_gmt":"2018-03-10T00:11:16","slug":"nivel-de-satisfaccion-personal-y-profesional-de-los-as-directores-as-de-los-centros-de-educacion-infantil-primaria-y-secundaria-en-andalucia","status":"publish","type":"post","link":"https:\/\/www.deberes.net\/tesis\/pedagogia\/nivel-de-satisfaccion-personal-y-profesional-de-los-as-directores-as-de-los-centros-de-educacion-infantil-primaria-y-secundaria-en-andalucia\/","title":{"rendered":"Nivel de satisfaccion personal y profesional de los\/as directores\/as de los centros de educacion infantil, primaria y secundaria en andalucia"},"content":{"rendered":"<h2>Tesis doctoral de <strong> Juan Caballero Martinez <\/strong><\/h2>\n<p>Nuestra investigaci\u00f3n se estructura en dos partes muy delimitadas:  la primera parte justifica la literatura que sobre la satisfacci\u00f3n en el \u00e1mbito laboral y educativo existe, as\u00ed como la situaci\u00f3n actual por la que atraviesa la direcci\u00f3n de los centros escolares p\u00fablicos y las consecuencias derivadas  de la aplicaci\u00f3n de las distintas leyes, especialmente lode y lopegcd.  el primer cap\u00edtulo ofrece una revisi\u00f3n sobre la satisfacci\u00f3ngneral en el trabajo y en las instituciones educativas en especial, la conceptualizaci\u00f3n de la calidad, as\u00ed como los modelos y enfoques te\u00f3ricos a cerca de la gesti\u00f3n de la calidad.  el segundo cap\u00edtulo analiza la situaci\u00f3nactual de la direcci\u00f3n en los centros escolares, a paritr de un an\u00e1lisis de su historia y del estudio de los modelos de direcci\u00f3n emergentes despu\u00e9s de la promulgaci\u00f3n de la lode y lopegcd.  en la segunda parte recoge la investigaci\u00f3n propiamente dicha, que se expone en tres cap\u00edtulos sucesivos. El primero de ellos ofrece el dise\u00f1o de nuestra investigaci\u00f3n en el que se combinan distintas opciones metodol\u00f3gicas: descriptivas, correlacionales y causales-comparativas. Por medio de ellas intentamos acercarnos al nivel de satisfacci\u00f3n de los directores en los centros no universitarios, a partir de uninstrumento de encuesta (cuestionario) &#8230;  en el cap\u00edtulo de resultados se aprecia el perfil, el nivel de formaci\u00f3n, el nivel de satisfacci\u00f3n y las relaciones y diferencias entre las varibales demogr\u00e1ficas seleccionadas y el nivel de satisfacii\u00f3n, de los directores de los centros docentes de andaluc\u00eda.  y por \u00faltimo, tenemos el cap\u00edtulo que hace referencia a las conlcusiones y propuestas de mejora.<\/p>\n<p>&nbsp;<\/p>\n<h3>Datos acad\u00e9micos de la tesis doctoral \u00ab<strong>Nivel de satisfaccion personal y profesional de los\/as directores\/as de los centros de educacion infantil, primaria y secundaria en andalucia<\/strong>\u00ab<\/h3>\n<ul>\n<li><strong>T\u00edtulo de la tesis:<\/strong>\u00a0 Nivel de satisfaccion personal y profesional de los\/as directores\/as de los centros de educacion infantil, primaria y secundaria en andalucia <\/li>\n<li><strong>Autor:<\/strong>\u00a0 Juan Caballero Martinez <\/li>\n<li><strong>Universidad:<\/strong>\u00a0 Granada<\/li>\n<li><strong>Fecha de lectura de la tesis:<\/strong>\u00a0 29\/09\/2000<\/li>\n<\/ul>\n<p>&nbsp;<\/p>\n<h3>Direcci\u00f3n y tribunal<\/h3>\n<ul>\n<li><strong>Director de la tesis<\/strong>\n<ul>\n<li>Manuel Lorenzo Delgado<\/li>\n<\/ul>\n<\/li>\n<li><strong>Tribunal<\/strong>\n<ul>\n<li>Presidente del tribunal: joaquin Gairin sallan <\/li>\n<li>Jos\u00e9 Antonio Torres gonzalez (vocal)<\/li>\n<li>eduardo Garcia jimenez (vocal)<\/li>\n<li>eduardo Corchon alvarez (vocal)<\/li>\n<\/ul>\n<\/li>\n<\/ul>\n<p>&nbsp;<\/p>\n","protected":false},"excerpt":{"rendered":"<p>Tesis doctoral de Juan Caballero Martinez Nuestra investigaci\u00f3n se estructura en dos partes muy delimitadas: la primera parte justifica la [&hellip;]<\/p>\n","protected":false},"author":1,"featured_media":0,"comment_status":"open","ping_status":"open","sticky":false,"template":"","format":"standard","meta":{"site-sidebar-layout":"default","site-content-layout":"","ast-site-content-layout":"","site-content-style":"default","site-sidebar-style":"default","ast-global-header-display":"","ast-banner-title-visibility":"","ast-main-header-display":"","ast-hfb-above-header-display":"","ast-hfb-below-header-display":"","ast-hfb-mobile-header-display":"","site-post-title":"","ast-breadcrumbs-content":"","ast-featured-img":"","footer-sml-layout":"","theme-transparent-header-meta":"","adv-header-id-meta":"","stick-header-meta":"","header-above-stick-meta":"","header-main-stick-meta":"","header-below-stick-meta":"","astra-migrate-meta-layouts":"default","ast-page-background-enabled":"default","ast-page-background-meta":{"desktop":{"background-color":"var(--ast-global-color-4)","background-image":"","background-repeat":"repeat","background-position":"center center","background-size":"auto","background-attachment":"scroll","background-type":"","background-media":"","overlay-type":"","overlay-color":"","overlay-gradient":""},"tablet":{"background-color":"","background-image":"","background-repeat":"repeat","background-position":"center center","background-size":"auto","background-attachment":"scroll","background-type":"","background-media":"","overlay-type":"","overlay-color":"","overlay-gradient":""},"mobile":{"background-color":"","background-image":"","background-repeat":"repeat","background-position":"center center","background-size":"auto","background-attachment":"scroll","background-type":"","background-media":"","overlay-type":"","overlay-color":"","overlay-gradient":""}},"ast-content-background-meta":{"desktop":{"background-color":"var(--ast-global-color-5)","background-image":"","background-repeat":"repeat","background-position":"center center","background-size":"auto","background-attachment":"scroll","background-type":"","background-media":"","overlay-type":"","overlay-color":"","overlay-gradient":""},"tablet":{"background-color":"var(--ast-global-color-5)","background-image":"","background-repeat":"repeat","background-position":"center center","background-size":"auto","background-attachment":"scroll","background-type":"","background-media":"","overlay-type":"","overlay-color":"","overlay-gradient":""},"mobile":{"background-color":"var(--ast-global-color-5)","background-image":"","background-repeat":"repeat","background-position":"center center","background-size":"auto","background-attachment":"scroll","background-type":"","background-media":"","overlay-type":"","overlay-color":"","overlay-gradient":""}},"footnotes":""},"categories":[7611,1184,1141],"tags":[181794,17229,6624,35407,123299,8686],"class_list":["post-86653","post","type-post","status-publish","format-standard","hentry","category-organizacion-y-direccion-de-las-instituciones-educativas","category-organizacion-y-planificacion-de-la-educacion","category-pedagogia","tag-eduardo-corchon-alvarez","tag-eduardo-garcia-jimenez","tag-joaquin-gairin-sallan","tag-jose-antonio-torres-gonzalez","tag-juan-caballero-Martinez","tag-manuel-lorenzo-delgado"],"_links":{"self":[{"href":"https:\/\/www.deberes.net\/tesis\/wp-json\/wp\/v2\/posts\/86653","targetHints":{"allow":["GET"]}}],"collection":[{"href":"https:\/\/www.deberes.net\/tesis\/wp-json\/wp\/v2\/posts"}],"about":[{"href":"https:\/\/www.deberes.net\/tesis\/wp-json\/wp\/v2\/types\/post"}],"author":[{"embeddable":true,"href":"https:\/\/www.deberes.net\/tesis\/wp-json\/wp\/v2\/users\/1"}],"replies":[{"embeddable":true,"href":"https:\/\/www.deberes.net\/tesis\/wp-json\/wp\/v2\/comments?post=86653"}],"version-history":[{"count":0,"href":"https:\/\/www.deberes.net\/tesis\/wp-json\/wp\/v2\/posts\/86653\/revisions"}],"wp:attachment":[{"href":"https:\/\/www.deberes.net\/tesis\/wp-json\/wp\/v2\/media?parent=86653"}],"wp:term":[{"taxonomy":"category","embeddable":true,"href":"https:\/\/www.deberes.net\/tesis\/wp-json\/wp\/v2\/categories?post=86653"},{"taxonomy":"post_tag","embeddable":true,"href":"https:\/\/www.deberes.net\/tesis\/wp-json\/wp\/v2\/tags?post=86653"}],"curies":[{"name":"wp","href":"https:\/\/api.w.org\/{rel}","templated":true}]}}