{"id":86654,"date":"2018-03-10T00:11:16","date_gmt":"2018-03-10T00:11:16","guid":{"rendered":"https:\/\/www.deberes.net\/tesis\/sin-categoria\/administracion-educativa-y-actividad-social-perspectiva-autonomica\/"},"modified":"2018-03-10T00:11:16","modified_gmt":"2018-03-10T00:11:16","slug":"administracion-educativa-y-actividad-social-perspectiva-autonomica","status":"publish","type":"post","link":"https:\/\/www.deberes.net\/tesis\/ciencias-juridicas-y-derecho\/administracion-educativa-y-actividad-social-perspectiva-autonomica\/","title":{"rendered":"Administraci\u00f3n educativa y actividad social. perspectiva auton\u00f3mica"},"content":{"rendered":"<h2>Tesis doctoral de <strong> Juan  Antonio Ruiz Lucena <\/strong><\/h2>\n<p>Es un trabajo de investigaci\u00f3n que aborda la educaci\u00f3n desde dos \u00f3pticas diferentes. Como servicio p\u00fablico, por tanto desde la perspectiva del derecho administrativo y como disfrute de un derecho fundamental, por tanto desde la posici\u00f3n que han de adoptar los ciudadanos para hacer efectivo el disfrute de ese derecho.  consta de cuatro apartados o frentes de investigaci\u00f3n, los cuales tienen entre s\u00ed un objetivo com\u00fan:\u00bbencontrar la relaci\u00f3n existente entre la acci\u00f3n social p\u00fablica y la administraci\u00f3n, como instituci\u00f3n obligada a la prestaci\u00f3n de determinados servicios, entre ellos, el servicio a la educaci\u00f3n\u00bb.  se ha partido de la teor\u00eda general del servicio p\u00fablico para determinar que la educaci\u00f3n, derecho fundamental, deber ser objeto de servicio p\u00fablico.  puesto que para hacer efectivo y real el derecho a la educaci\u00f3n el ciudadano debe hacer uso de una serie de servicios complementarios, transporte escolar, residencia escolares, comedores, etc., La investigaci\u00f3n ha profundizado en la naturaleza jur\u00eddica de estos servicios.  se ha  concluido con un an\u00e1lisis y estudio de la educaci\u00f3n y los servicios complementarios en andalucia<\/p>\n<p>&nbsp;<\/p>\n<h3>Datos acad\u00e9micos de la tesis doctoral \u00ab<strong>Administraci\u00f3n educativa y actividad social. perspectiva auton\u00f3mica<\/strong>\u00ab<\/h3>\n<ul>\n<li><strong>T\u00edtulo de la tesis:<\/strong>\u00a0 Administraci\u00f3n educativa y actividad social. perspectiva auton\u00f3mica <\/li>\n<li><strong>Autor:<\/strong>\u00a0 Juan  Antonio Ruiz Lucena <\/li>\n<li><strong>Universidad:<\/strong>\u00a0 Granada<\/li>\n<li><strong>Fecha de lectura de la tesis:<\/strong>\u00a0 29\/09\/2000<\/li>\n<\/ul>\n<p>&nbsp;<\/p>\n<h3>Direcci\u00f3n y tribunal<\/h3>\n<ul>\n<li><strong>Director de la tesis<\/strong>\n<ul>\n<li>Eduardo Roca Roca<\/li>\n<\/ul>\n<\/li>\n<li><strong>Tribunal<\/strong>\n<ul>\n<li>Presidente del tribunal: Jos\u00e9 Mar\u00eda Souvir\u00f3n morenilla <\/li>\n<li>enrique Gervilla castillo (vocal)<\/li>\n<li>Manuel Lorenzo delgado (vocal)<\/li>\n<li> Perez perez Mar\u00eda  Luisa (vocal)<\/li>\n<\/ul>\n<\/li>\n<\/ul>\n<p>&nbsp;<\/p>\n","protected":false},"excerpt":{"rendered":"<p>Tesis doctoral de Juan Antonio Ruiz Lucena Es un trabajo de investigaci\u00f3n que aborda la educaci\u00f3n desde dos \u00f3pticas diferentes. [&hellip;]<\/p>\n","protected":false},"author":1,"featured_media":0,"comment_status":"open","ping_status":"open","sticky":false,"template":"","format":"standard","meta":{"site-sidebar-layout":"default","site-content-layout":"","ast-site-content-layout":"","site-content-style":"default","site-sidebar-style":"default","ast-global-header-display":"","ast-banner-title-visibility":"","ast-main-header-display":"","ast-hfb-above-header-display":"","ast-hfb-below-header-display":"","ast-hfb-mobile-header-display":"","site-post-title":"","ast-breadcrumbs-content":"","ast-featured-img":"","footer-sml-layout":"","theme-transparent-header-meta":"","adv-header-id-meta":"","stick-header-meta":"","header-above-stick-meta":"","header-main-stick-meta":"","header-below-stick-meta":"","astra-migrate-meta-layouts":"default","ast-page-background-enabled":"default","ast-page-background-meta":{"desktop":{"background-color":"var(--ast-global-color-4)","background-image":"","background-repeat":"repeat","background-position":"center center","background-size":"auto","background-attachment":"scroll","background-type":"","background-media":"","overlay-type":"","overlay-color":"","overlay-gradient":""},"tablet":{"background-color":"","background-image":"","background-repeat":"repeat","background-position":"center center","background-size":"auto","background-attachment":"scroll","background-type":"","background-media":"","overlay-type":"","overlay-color":"","overlay-gradient":""},"mobile":{"background-color":"","background-image":"","background-repeat":"repeat","background-position":"center center","background-size":"auto","background-attachment":"scroll","background-type":"","background-media":"","overlay-type":"","overlay-color":"","overlay-gradient":""}},"ast-content-background-meta":{"desktop":{"background-color":"var(--ast-global-color-5)","background-image":"","background-repeat":"repeat","background-position":"center center","background-size":"auto","background-attachment":"scroll","background-type":"","background-media":"","overlay-type":"","overlay-color":"","overlay-gradient":""},"tablet":{"background-color":"var(--ast-global-color-5)","background-image":"","background-repeat":"repeat","background-position":"center center","background-size":"auto","background-attachment":"scroll","background-type":"","background-media":"","overlay-type":"","overlay-color":"","overlay-gradient":""},"mobile":{"background-color":"var(--ast-global-color-5)","background-image":"","background-repeat":"repeat","background-position":"center center","background-size":"auto","background-attachment":"scroll","background-type":"","background-media":"","overlay-type":"","overlay-color":"","overlay-gradient":""}},"footnotes":""},"categories":[612,1442,979],"tags":[3454,35829,52489,130679,8686,171002],"class_list":["post-86654","post","type-post","status-publish","format-standard","hentry","category-ciencias-juridicas-y-derecho","category-derecho-administrativo","category-derecho-y-legislacion-nacionales","tag-eduardo-roca-roca","tag-enrique-gervilla-castillo","tag-jose-maria-souviron-morenilla","tag-juan-antonio-ruiz-lucena","tag-manuel-lorenzo-delgado","tag-perez-perez-maria-luisa"],"_links":{"self":[{"href":"https:\/\/www.deberes.net\/tesis\/wp-json\/wp\/v2\/posts\/86654","targetHints":{"allow":["GET"]}}],"collection":[{"href":"https:\/\/www.deberes.net\/tesis\/wp-json\/wp\/v2\/posts"}],"about":[{"href":"https:\/\/www.deberes.net\/tesis\/wp-json\/wp\/v2\/types\/post"}],"author":[{"embeddable":true,"href":"https:\/\/www.deberes.net\/tesis\/wp-json\/wp\/v2\/users\/1"}],"replies":[{"embeddable":true,"href":"https:\/\/www.deberes.net\/tesis\/wp-json\/wp\/v2\/comments?post=86654"}],"version-history":[{"count":0,"href":"https:\/\/www.deberes.net\/tesis\/wp-json\/wp\/v2\/posts\/86654\/revisions"}],"wp:attachment":[{"href":"https:\/\/www.deberes.net\/tesis\/wp-json\/wp\/v2\/media?parent=86654"}],"wp:term":[{"taxonomy":"category","embeddable":true,"href":"https:\/\/www.deberes.net\/tesis\/wp-json\/wp\/v2\/categories?post=86654"},{"taxonomy":"post_tag","embeddable":true,"href":"https:\/\/www.deberes.net\/tesis\/wp-json\/wp\/v2\/tags?post=86654"}],"curies":[{"name":"wp","href":"https:\/\/api.w.org\/{rel}","templated":true}]}}