{"id":86666,"date":"2018-03-10T00:11:16","date_gmt":"2018-03-10T00:11:16","guid":{"rendered":"https:\/\/www.deberes.net\/tesis\/sin-categoria\/propiedad-y-jurisdiccion-en-los-valles-del-cea-y-del-valderaduey-villavicencio-en-los-siglos-xii-y-xiii\/"},"modified":"2018-03-10T00:11:16","modified_gmt":"2018-03-10T00:11:16","slug":"propiedad-y-jurisdiccion-en-los-valles-del-cea-y-del-valderaduey-villavicencio-en-los-siglos-xii-y-xiii","status":"publish","type":"post","link":"https:\/\/www.deberes.net\/tesis\/historia\/propiedad-y-jurisdiccion-en-los-valles-del-cea-y-del-valderaduey-villavicencio-en-los-siglos-xii-y-xiii\/","title":{"rendered":"Propiedad y jurisdiccion en los valles del cea y del valderaduey.villavicencio en los siglos xii y xiii"},"content":{"rendered":"<h2>Tesis doctoral de <strong> Fernando Luis Corral <\/strong><\/h2>\n<p>Esta tesis pretende hacer una puesta en escena de la situaci\u00f3n pol\u00edtica que se produjo en reinos de le\u00f3n y de castilla tras el acceso al trono de le\u00f3n de fernando ii y sancho iii al de castilla. Hemos querido valorar las crisis pol\u00edticas c\u00edclicas que se produjeron y las soluciones que se les pretendieron dar a trav\u00e9s de la firma de tratatos de paz que buscaron la fijaci\u00f3n de una frontera n\u00edtida entre los dos reinos; problema que aparece en primera l\u00edena a la muerta de alfonso vii y que en realidad enmascara otros mucho m\u00e1s importantes de cara a definir las relaciones entre los monarcas de ambos reinos, y entre \u00e9stos y sus nobles. La tesis muestra c\u00f3mo se produjo en villavicencio un reflejo a escala reducida de la lucha que la monarqu\u00eda entabl\u00f3 frente a la nobleza por defender la integridad del realengo de las frecuentes usurpaciones de prerrogativas regias que \u00e9stos hab\u00edan efectuado en un nivel m\u00e1s general en toda la tierra de campos. en los valles del bajo cea y del valderaduey medio, y tambi\u00e9n en villavicencio, se dieron los factores para entender como se produjo la organizaci\u00f3n de este territorio en el avance repoblador de los siglos ix y x hacia el sur, su se\u00f1orializaci\u00f3n y el nacimiento de entidades pol\u00edticas nuevas que ayudaron a fortalecer el poder pol\u00edtico de la monarqu\u00eda frente a las disgregadoras tendencias de los se\u00f1ores.  el estudio de las cuatro cartas forales que se conservan de villavicencio nos ayuda a entender la compleja situaci\u00f3n pol\u00edtica que se dio en el enclave, y que fue un reflejo de la que en general se dio en los reinos castellanoleoneses.<\/p>\n<p>&nbsp;<\/p>\n<h3>Datos acad\u00e9micos de la tesis doctoral \u00ab<strong>Propiedad y jurisdiccion en los valles del cea y del valderaduey.villavicencio en los siglos xii y xiii<\/strong>\u00ab<\/h3>\n<ul>\n<li><strong>T\u00edtulo de la tesis:<\/strong>\u00a0 Propiedad y jurisdiccion en los valles del cea y del valderaduey.villavicencio en los siglos xii y xiii <\/li>\n<li><strong>Autor:<\/strong>\u00a0 Fernando Luis Corral <\/li>\n<li><strong>Universidad:<\/strong>\u00a0 Salamanca<\/li>\n<li><strong>Fecha de lectura de la tesis:<\/strong>\u00a0 29\/09\/2000<\/li>\n<\/ul>\n<p>&nbsp;<\/p>\n<h3>Direcci\u00f3n y tribunal<\/h3>\n<ul>\n<li><strong>Director de la tesis<\/strong>\n<ul>\n<li> Minguez Fernandez Jos\u00e9 M.<\/li>\n<\/ul>\n<\/li>\n<li><strong>Tribunal<\/strong>\n<ul>\n<li>Presidente del tribunal: Jos\u00e9 Luis Mart\u00edn rodr\u00edguez <\/li>\n<li>Santiago Aguad\u00e9 nieto (vocal)<\/li>\n<li>Francisco Javier Fern\u00e1ndez conde (vocal)<\/li>\n<li>angel salvador Barrios Garc\u00eda (vocal)<\/li>\n<\/ul>\n<\/li>\n<\/ul>\n<p>&nbsp;<\/p>\n","protected":false},"excerpt":{"rendered":"<p>Tesis doctoral de Fernando Luis Corral Esta tesis pretende hacer una puesta en escena de la situaci\u00f3n pol\u00edtica que se [&hellip;]<\/p>\n","protected":false},"author":1,"featured_media":0,"comment_status":"open","ping_status":"open","sticky":false,"template":"","format":"standard","meta":{"site-sidebar-layout":"default","site-content-layout":"","ast-site-content-layout":"","site-content-style":"default","site-sidebar-style":"default","ast-global-header-display":"","ast-banner-title-visibility":"","ast-main-header-display":"","ast-hfb-above-header-display":"","ast-hfb-below-header-display":"","ast-hfb-mobile-header-display":"","site-post-title":"","ast-breadcrumbs-content":"","ast-featured-img":"","footer-sml-layout":"","theme-transparent-header-meta":"","adv-header-id-meta":"","stick-header-meta":"","header-above-stick-meta":"","header-main-stick-meta":"","header-below-stick-meta":"","astra-migrate-meta-layouts":"default","ast-page-background-enabled":"default","ast-page-background-meta":{"desktop":{"background-color":"var(--ast-global-color-4)","background-image":"","background-repeat":"repeat","background-position":"center center","background-size":"auto","background-attachment":"scroll","background-type":"","background-media":"","overlay-type":"","overlay-color":"","overlay-gradient":""},"tablet":{"background-color":"","background-image":"","background-repeat":"repeat","background-position":"center center","background-size":"auto","background-attachment":"scroll","background-type":"","background-media":"","overlay-type":"","overlay-color":"","overlay-gradient":""},"mobile":{"background-color":"","background-image":"","background-repeat":"repeat","background-position":"center center","background-size":"auto","background-attachment":"scroll","background-type":"","background-media":"","overlay-type":"","overlay-color":"","overlay-gradient":""}},"ast-content-background-meta":{"desktop":{"background-color":"var(--ast-global-color-5)","background-image":"","background-repeat":"repeat","background-position":"center center","background-size":"auto","background-attachment":"scroll","background-type":"","background-media":"","overlay-type":"","overlay-color":"","overlay-gradient":""},"tablet":{"background-color":"var(--ast-global-color-5)","background-image":"","background-repeat":"repeat","background-position":"center center","background-size":"auto","background-attachment":"scroll","background-type":"","background-media":"","overlay-type":"","overlay-color":"","overlay-gradient":""},"mobile":{"background-color":"var(--ast-global-color-5)","background-image":"","background-repeat":"repeat","background-position":"center center","background-size":"auto","background-attachment":"scroll","background-type":"","background-media":"","overlay-type":"","overlay-color":"","overlay-gradient":""}},"footnotes":""},"categories":[104,639,2224,119,220,981,9386],"tags":[7043,181806,2818,422,56604,72949],"class_list":["post-86666","post","type-post","status-publish","format-standard","hentry","category-historia","category-historia-de-paises","category-historia-local","category-historia-medieval","category-historia-por-epocas","category-historia-regional","category-salamanca","tag-angel-salvador-barrios-garcia","tag-fernando-luis-corral","tag-francisco-javier-fernandez-conde","tag-jose-luis-martin-rodriguez","tag-minguez-fernandez-jose-m","tag-santiago-aguade-nieto"],"_links":{"self":[{"href":"https:\/\/www.deberes.net\/tesis\/wp-json\/wp\/v2\/posts\/86666","targetHints":{"allow":["GET"]}}],"collection":[{"href":"https:\/\/www.deberes.net\/tesis\/wp-json\/wp\/v2\/posts"}],"about":[{"href":"https:\/\/www.deberes.net\/tesis\/wp-json\/wp\/v2\/types\/post"}],"author":[{"embeddable":true,"href":"https:\/\/www.deberes.net\/tesis\/wp-json\/wp\/v2\/users\/1"}],"replies":[{"embeddable":true,"href":"https:\/\/www.deberes.net\/tesis\/wp-json\/wp\/v2\/comments?post=86666"}],"version-history":[{"count":0,"href":"https:\/\/www.deberes.net\/tesis\/wp-json\/wp\/v2\/posts\/86666\/revisions"}],"wp:attachment":[{"href":"https:\/\/www.deberes.net\/tesis\/wp-json\/wp\/v2\/media?parent=86666"}],"wp:term":[{"taxonomy":"category","embeddable":true,"href":"https:\/\/www.deberes.net\/tesis\/wp-json\/wp\/v2\/categories?post=86666"},{"taxonomy":"post_tag","embeddable":true,"href":"https:\/\/www.deberes.net\/tesis\/wp-json\/wp\/v2\/tags?post=86666"}],"curies":[{"name":"wp","href":"https:\/\/api.w.org\/{rel}","templated":true}]}}