{"id":86679,"date":"2018-03-10T00:11:20","date_gmt":"2018-03-10T00:11:20","guid":{"rendered":"https:\/\/www.deberes.net\/tesis\/sin-categoria\/evaluacion-de-la-formacion-profesional-ocupacional-y-continua-estudio-de-validacion-de-un-modelo\/"},"modified":"2018-03-10T00:11:20","modified_gmt":"2018-03-10T00:11:20","slug":"evaluacion-de-la-formacion-profesional-ocupacional-y-continua-estudio-de-validacion-de-un-modelo","status":"publish","type":"post","link":"https:\/\/www.deberes.net\/tesis\/pedagogia\/evaluacion-de-la-formacion-profesional-ocupacional-y-continua-estudio-de-validacion-de-un-modelo\/","title":{"rendered":"Evaluacion de la formacion profesional ocupacional y continua. estudio de validacion de un modelo."},"content":{"rendered":"<h2>Tesis doctoral de <strong> M. Jes\u00fas Perales Montolio <\/strong><\/h2>\n<p>Esta tesis doctoral propone un modelo para evaluar la formaci\u00f3n profesional ocupacional y continua, y ofrece diversas evidencias de validaci\u00f3n que muestran su capacidad para responder a las demandas evaluativas que se plantean en este sector.  el modelo propuesto, \u00abmodelo efo\u00bb, utiliza de un modo integrado los dos enfoques fundamentales en que se sit\u00faan las anteriores propuestas de evaluaci\u00f3n centr\u00e1ndose enla calidad de servicio y abordando la calidad de programa mediante un estudio de impacto.  el estudio de validaci\u00f3n del modelo se fundamenta en la propia estructura del modelo y enlos usos para los que fue dise\u00f1ado, construy\u00e9ndose desde la complementariedad metodol\u00f3gica (cuantitativa\/cualitativa), en base a una investigaci\u00f3n evaluativa realizada en un contexto natural, se plantea, por tanto, tres l\u00edneas de estudio:  &#8211; validaci\u00f3n de la evaluaci\u00f3n de la caliddad del servicio.  &#8211; validaci\u00f3n de la evaluaci\u00f3n de la calidad de programa.  &#8211; validaci\u00f3n global del modelo.  los estudios realizados permiten concluir que el modelo efo es v\u00e1lido, fiable, cre\u00edble y \u00fatil, para los usos que pretend\u00eda, y deja el camino abierto a la continuidad de la investigaci\u00f3n desde la perspectiva de la evaluaci\u00f3n como invesigaci\u00f3n constante y din\u00e1mica.<\/p>\n<p>&nbsp;<\/p>\n<h3>Datos acad\u00e9micos de la tesis doctoral \u00ab<strong>Evaluacion de la formacion profesional ocupacional y continua. estudio de validacion de un modelo.<\/strong>\u00ab<\/h3>\n<ul>\n<li><strong>T\u00edtulo de la tesis:<\/strong>\u00a0 Evaluacion de la formacion profesional ocupacional y continua. estudio de validacion de un modelo. <\/li>\n<li><strong>Autor:<\/strong>\u00a0 M. Jes\u00fas Perales Montolio <\/li>\n<li><strong>Universidad:<\/strong>\u00a0 Universitat de val\u00e9ncia (estudi general)<\/li>\n<li><strong>Fecha de lectura de la tesis:<\/strong>\u00a0 29\/09\/2000<\/li>\n<\/ul>\n<p>&nbsp;<\/p>\n<h3>Direcci\u00f3n y tribunal<\/h3>\n<ul>\n<li><strong>Director de la tesis<\/strong>\n<ul>\n<li>Jes\u00fas Miguel Jornet Melia<\/li>\n<\/ul>\n<\/li>\n<li><strong>Tribunal<\/strong>\n<ul>\n<li>Presidente del tribunal: fuensanta Hern\u00e1ndez pina <\/li>\n<li>Mar\u00eda  Jos\u00e9 Rodriguez conde (vocal)<\/li>\n<li>Juan Esc\u00e1mez s\u00e1nchez (vocal)<\/li>\n<li>Jos\u00e9 Sanmart\u00edn esplugues (vocal)<\/li>\n<\/ul>\n<\/li>\n<\/ul>\n<p>&nbsp;<\/p>\n","protected":false},"excerpt":{"rendered":"<p>Tesis doctoral de M. Jes\u00fas Perales Montolio Esta tesis doctoral propone un modelo para evaluar la formaci\u00f3n profesional ocupacional y [&hellip;]<\/p>\n","protected":false},"author":1,"featured_media":0,"comment_status":"open","ping_status":"open","sticky":false,"template":"","format":"standard","meta":{"site-sidebar-layout":"default","site-content-layout":"","ast-site-content-layout":"","site-content-style":"default","site-sidebar-style":"default","ast-global-header-display":"","ast-banner-title-visibility":"","ast-main-header-display":"","ast-hfb-above-header-display":"","ast-hfb-below-header-display":"","ast-hfb-mobile-header-display":"","site-post-title":"","ast-breadcrumbs-content":"","ast-featured-img":"","footer-sml-layout":"","theme-transparent-header-meta":"","adv-header-id-meta":"","stick-header-meta":"","header-above-stick-meta":"","header-main-stick-meta":"","header-below-stick-meta":"","astra-migrate-meta-layouts":"default","ast-page-background-enabled":"default","ast-page-background-meta":{"desktop":{"background-color":"var(--ast-global-color-4)","background-image":"","background-repeat":"repeat","background-position":"center center","background-size":"auto","background-attachment":"scroll","background-type":"","background-media":"","overlay-type":"","overlay-color":"","overlay-gradient":""},"tablet":{"background-color":"","background-image":"","background-repeat":"repeat","background-position":"center center","background-size":"auto","background-attachment":"scroll","background-type":"","background-media":"","overlay-type":"","overlay-color":"","overlay-gradient":""},"mobile":{"background-color":"","background-image":"","background-repeat":"repeat","background-position":"center center","background-size":"auto","background-attachment":"scroll","background-type":"","background-media":"","overlay-type":"","overlay-color":"","overlay-gradient":""}},"ast-content-background-meta":{"desktop":{"background-color":"var(--ast-global-color-5)","background-image":"","background-repeat":"repeat","background-position":"center center","background-size":"auto","background-attachment":"scroll","background-type":"","background-media":"","overlay-type":"","overlay-color":"","overlay-gradient":""},"tablet":{"background-color":"var(--ast-global-color-5)","background-image":"","background-repeat":"repeat","background-position":"center center","background-size":"auto","background-attachment":"scroll","background-type":"","background-media":"","overlay-type":"","overlay-color":"","overlay-gradient":""},"mobile":{"background-color":"var(--ast-global-color-5)","background-image":"","background-repeat":"repeat","background-position":"center center","background-size":"auto","background-attachment":"scroll","background-type":"","background-media":"","overlay-type":"","overlay-color":"","overlay-gradient":""}},"footnotes":""},"categories":[1183,1184,1141],"tags":[8808,54977,12305,10327,181824,9827],"class_list":["post-86679","post","type-post","status-publish","format-standard","hentry","category-formacion-profesional","category-organizacion-y-planificacion-de-la-educacion","category-pedagogia","tag-fuensanta-hernandez-pina","tag-jesus-miguel-jornet-melia","tag-jose-sanmartin-esplugues","tag-juan-escamez-sanchez","tag-m-jesus-perales-montolio","tag-maria-jose-rodriguez-conde"],"_links":{"self":[{"href":"https:\/\/www.deberes.net\/tesis\/wp-json\/wp\/v2\/posts\/86679","targetHints":{"allow":["GET"]}}],"collection":[{"href":"https:\/\/www.deberes.net\/tesis\/wp-json\/wp\/v2\/posts"}],"about":[{"href":"https:\/\/www.deberes.net\/tesis\/wp-json\/wp\/v2\/types\/post"}],"author":[{"embeddable":true,"href":"https:\/\/www.deberes.net\/tesis\/wp-json\/wp\/v2\/users\/1"}],"replies":[{"embeddable":true,"href":"https:\/\/www.deberes.net\/tesis\/wp-json\/wp\/v2\/comments?post=86679"}],"version-history":[{"count":0,"href":"https:\/\/www.deberes.net\/tesis\/wp-json\/wp\/v2\/posts\/86679\/revisions"}],"wp:attachment":[{"href":"https:\/\/www.deberes.net\/tesis\/wp-json\/wp\/v2\/media?parent=86679"}],"wp:term":[{"taxonomy":"category","embeddable":true,"href":"https:\/\/www.deberes.net\/tesis\/wp-json\/wp\/v2\/categories?post=86679"},{"taxonomy":"post_tag","embeddable":true,"href":"https:\/\/www.deberes.net\/tesis\/wp-json\/wp\/v2\/tags?post=86679"}],"curies":[{"name":"wp","href":"https:\/\/api.w.org\/{rel}","templated":true}]}}