{"id":86709,"date":"2018-03-10T00:11:20","date_gmt":"2018-03-10T00:11:20","guid":{"rendered":"https:\/\/www.deberes.net\/tesis\/sin-categoria\/la-programacion-maestra-en-los-sistemas-integrados-de-planificacion-y-control-de-la-produccion-propuesta-de-un-modelo-de-simulacion-asistido-por-ordenador\/"},"modified":"2018-03-10T00:11:20","modified_gmt":"2018-03-10T00:11:20","slug":"la-programacion-maestra-en-los-sistemas-integrados-de-planificacion-y-control-de-la-produccion-propuesta-de-un-modelo-de-simulacion-asistido-por-ordenador","status":"publish","type":"post","link":"https:\/\/www.deberes.net\/tesis\/ciencias-economicas\/la-programacion-maestra-en-los-sistemas-integrados-de-planificacion-y-control-de-la-produccion-propuesta-de-un-modelo-de-simulacion-asistido-por-ordenador\/","title":{"rendered":"La programaci\u00f3n maestra en los sistemas integrados de planificaci\u00f3n y control de la producci\u00f3n: propuesta de un modelo de simulaci\u00f3n asistido por ordenador."},"content":{"rendered":"<h2>Tesis doctoral de <strong> Francisco Aguado Correa <\/strong><\/h2>\n<p>La escasez de modelos empresariales de programaci\u00f3n maestra que respetan el enfoque jer\u00e1rquico e integrado que debe presidir el proceso de planificaci\u00f3n y control de la producci\u00f3n, nos ha impulsado a proponer un modelo que contempla la integraci\u00f3n entre el plan agregado y el programa maestro, y que se caracteriza, fundamentalmente, por la inclusi\u00f3n de un nuevo planteamiento de desagregaci\u00f3n y la asistencia al usuario, mediante un proceso de simulaci\u00f3n, en la selecci\u00f3n de la t\u00e9cnica de dimensionado de los lotes m\u00e1s adecuada desde el punto de vista de los objetivos del subsistema de operaciones.  para facilitar su uso y difusi\u00f3n, esta investigaci\u00f3n, incluye, adem\u00e1s, el desarrollo del software mps2000, que informatiza el modelo propuesto, dando lugar a un modelo de simulaci\u00f3n asistido por ordenador para el caso de la fabricaci\u00f3n discreta, concretamente para la fabricaci\u00f3n para inventario y fabricaci\u00f3n bajo pedido (componentes et\u00e1ndares), que puede ser utilizado por cualquier peque\u00f1a y mediana empresa que disponga de ordenadores con sistemas operativos windows. El software pretende ser \u00fatil, tambi\u00e9n ,para la docencia, por lo que plantea un amplio sistema de ayudas que lo hacen apto, incluso, para usuarios no especialistas en la materia.  por \u00faltimo, tratamos de ofrecer bajo un mismo enfoque todas las cuestiones y aspectos relativos a la programaci\u00f3n maestra de la producci\u00f3n en los diferentes sistemas integrados de planificaci\u00f3n y control de la producci\u00f3n (mrp ii, jit y opt).<\/p>\n<p>&nbsp;<\/p>\n<h3>Datos acad\u00e9micos de la tesis doctoral \u00ab<strong>La programaci\u00f3n maestra en los sistemas integrados de planificaci\u00f3n y control de la producci\u00f3n: propuesta de un modelo de simulaci\u00f3n asistido por ordenador.<\/strong>\u00ab<\/h3>\n<ul>\n<li><strong>T\u00edtulo de la tesis:<\/strong>\u00a0 La programaci\u00f3n maestra en los sistemas integrados de planificaci\u00f3n y control de la producci\u00f3n: propuesta de un modelo de simulaci\u00f3n asistido por ordenador. <\/li>\n<li><strong>Autor:<\/strong>\u00a0 Francisco Aguado Correa <\/li>\n<li><strong>Universidad:<\/strong>\u00a0 Huelva<\/li>\n<li><strong>Fecha de lectura de la tesis:<\/strong>\u00a0 29\/09\/2000<\/li>\n<\/ul>\n<p>&nbsp;<\/p>\n<h3>Direcci\u00f3n y tribunal<\/h3>\n<ul>\n<li><strong>Director de la tesis<\/strong>\n<ul>\n<li>Santiago Garc\u00eda Gonz\u00e1lez<\/li>\n<\/ul>\n<\/li>\n<li><strong>Tribunal<\/strong>\n<ul>\n<li>Presidente del tribunal:  Dom\u00ednguez machuca Jos\u00e9 Antonio <\/li>\n<li>alejandrino Gallego rodr\u00edguez (vocal)<\/li>\n<li>esteban Fernandez sanchez (vocal)<\/li>\n<li>Mar\u00eda Jos\u00e9 \u00e1lvarez gil (vocal)<\/li>\n<\/ul>\n<\/li>\n<\/ul>\n<p>&nbsp;<\/p>\n","protected":false},"excerpt":{"rendered":"<p>Tesis doctoral de Francisco Aguado Correa La escasez de modelos empresariales de programaci\u00f3n maestra que respetan el enfoque jer\u00e1rquico e [&hellip;]<\/p>\n","protected":false},"author":1,"featured_media":0,"comment_status":"open","ping_status":"open","sticky":false,"template":"","format":"standard","meta":{"site-sidebar-layout":"default","site-content-layout":"","ast-site-content-layout":"","site-content-style":"default","site-sidebar-style":"default","ast-global-header-display":"","ast-banner-title-visibility":"","ast-main-header-display":"","ast-hfb-above-header-display":"","ast-hfb-below-header-display":"","ast-hfb-mobile-header-display":"","site-post-title":"","ast-breadcrumbs-content":"","ast-featured-img":"","footer-sml-layout":"","theme-transparent-header-meta":"","adv-header-id-meta":"","stick-header-meta":"","header-above-stick-meta":"","header-main-stick-meta":"","header-below-stick-meta":"","astra-migrate-meta-layouts":"default","ast-page-background-enabled":"default","ast-page-background-meta":{"desktop":{"background-color":"var(--ast-global-color-4)","background-image":"","background-repeat":"repeat","background-position":"center center","background-size":"auto","background-attachment":"scroll","background-type":"","background-media":"","overlay-type":"","overlay-color":"","overlay-gradient":""},"tablet":{"background-color":"","background-image":"","background-repeat":"repeat","background-position":"center center","background-size":"auto","background-attachment":"scroll","background-type":"","background-media":"","overlay-type":"","overlay-color":"","overlay-gradient":""},"mobile":{"background-color":"","background-image":"","background-repeat":"repeat","background-position":"center center","background-size":"auto","background-attachment":"scroll","background-type":"","background-media":"","overlay-type":"","overlay-color":"","overlay-gradient":""}},"ast-content-background-meta":{"desktop":{"background-color":"var(--ast-global-color-5)","background-image":"","background-repeat":"repeat","background-position":"center center","background-size":"auto","background-attachment":"scroll","background-type":"","background-media":"","overlay-type":"","overlay-color":"","overlay-gradient":""},"tablet":{"background-color":"var(--ast-global-color-5)","background-image":"","background-repeat":"repeat","background-position":"center center","background-size":"auto","background-attachment":"scroll","background-type":"","background-media":"","overlay-type":"","overlay-color":"","overlay-gradient":""},"mobile":{"background-color":"var(--ast-global-color-5)","background-image":"","background-repeat":"repeat","background-position":"center center","background-size":"auto","background-attachment":"scroll","background-type":"","background-media":"","overlay-type":"","overlay-color":"","overlay-gradient":""}},"footnotes":""},"categories":[1890,82,18975,126,6525,1302,9463],"tags":[37975,11262,9172,181872,76009,26641],"class_list":["post-86709","post","type-post","status-publish","format-standard","hentry","category-ciencia-de-los-ordenadores","category-ciencias-economicas","category-huelva","category-matematicas","category-organizacion-de-la-produccion","category-organizacion-y-gestion-de-empresas","category-sistemas-automatizados-de-produccion","tag-alejandrino-gallego-rodriguez","tag-dominguez-machuca-jose-antonio","tag-esteban-fernandez-sanchez","tag-francisco-aguado-correa","tag-maria-jose-alvarez-gil","tag-santiago-garcia-gonzalez"],"_links":{"self":[{"href":"https:\/\/www.deberes.net\/tesis\/wp-json\/wp\/v2\/posts\/86709","targetHints":{"allow":["GET"]}}],"collection":[{"href":"https:\/\/www.deberes.net\/tesis\/wp-json\/wp\/v2\/posts"}],"about":[{"href":"https:\/\/www.deberes.net\/tesis\/wp-json\/wp\/v2\/types\/post"}],"author":[{"embeddable":true,"href":"https:\/\/www.deberes.net\/tesis\/wp-json\/wp\/v2\/users\/1"}],"replies":[{"embeddable":true,"href":"https:\/\/www.deberes.net\/tesis\/wp-json\/wp\/v2\/comments?post=86709"}],"version-history":[{"count":0,"href":"https:\/\/www.deberes.net\/tesis\/wp-json\/wp\/v2\/posts\/86709\/revisions"}],"wp:attachment":[{"href":"https:\/\/www.deberes.net\/tesis\/wp-json\/wp\/v2\/media?parent=86709"}],"wp:term":[{"taxonomy":"category","embeddable":true,"href":"https:\/\/www.deberes.net\/tesis\/wp-json\/wp\/v2\/categories?post=86709"},{"taxonomy":"post_tag","embeddable":true,"href":"https:\/\/www.deberes.net\/tesis\/wp-json\/wp\/v2\/tags?post=86709"}],"curies":[{"name":"wp","href":"https:\/\/api.w.org\/{rel}","templated":true}]}}