{"id":86743,"date":"2000-03-10T00:00:00","date_gmt":"2000-03-10T00:00:00","guid":{"rendered":"https:\/\/www.deberes.net\/tesis\/sin-categoria\/a-lexical-common-core-in-english-for-information-science-and-tecnology\/"},"modified":"2000-03-10T00:00:00","modified_gmt":"2000-03-10T00:00:00","slug":"a-lexical-common-core-in-english-for-information-science-and-tecnology","status":"publish","type":"post","link":"https:\/\/www.deberes.net\/tesis\/linguistica\/a-lexical-common-core-in-english-for-information-science-and-tecnology\/","title":{"rendered":"A lexical common core in english for information science and tecnology"},"content":{"rendered":"<h2>Tesis doctoral de <strong> Alejandro Curado Fuentes <\/strong><\/h2>\n<p>El prop\u00f3sito principaln de esta tesis en abarcar y presentar un conjunto l\u00e9xico com\u00fan a distintas disciplinas relacionadas tem\u00e1ticamente en el \u00e1rea de la tecnolog\u00eda y ciencia de la informaci\u00f3n. En realidad, nuestro n\u00facleo l\u00e9xico investigado contiene distintos grados de utilidad y relevancia dependiente, sobre todo, de su frecuencia y distribuci\u00f3n por y a lo largo de las categor\u00edas estil\u00edsticas o gen\u00e9ricas abarcadas, temas relacionados y textos tipo o funcionales en el discurso. As\u00ed, nuestros resultados revelan no s\u00f3lo una configuraci\u00f3n l\u00e9xica de puntos centrales ling\u00ed\u00bcisticos comunes a \u00e1reas como la inform\u00e1tica y telecomunicaciones(eg. Sonido e imagen), sino tambi\u00e9n diversos grados de variaci\u00f3n l\u00e9xica seg\u00fan el foco textual objeto de estudio (eg. Gesti\u00f3n de unidades de informaci\u00f3n, com\u00fan a las dos disciplinas se\u00f1aladas junto con biblioteconom\u00eda y documentaci\u00f3n). Las aportaciones centrales de esta investigaci\u00f3n por tanto residen precisamente en la aplicaci\u00f3n de dichas variables estil\u00edsticas y tem\u00e1ticas(t\u00e9cnicas), en la ense\u00f1anza del ingl\u00e9s t\u00e9cnico para dichos campos o \u00e1reas.<\/p>\n<p>&nbsp;<\/p>\n<h3>Datos acad\u00e9micos de la tesis doctoral \u00ab<strong>A lexical common core in english for information science and tecnology<\/strong>\u00ab<\/h3>\n<ul>\n<li><strong>T\u00edtulo de la tesis:<\/strong>\u00a0 A lexical common core in english for information science and tecnology <\/li>\n<li><strong>Autor:<\/strong>\u00a0 Alejandro Curado Fuentes <\/li>\n<li><strong>Universidad:<\/strong>\u00a0 Extremadura<\/li>\n<li><strong>Fecha de lectura de la tesis:<\/strong>\u00a0 03\/10\/2000<\/li>\n<\/ul>\n<p>&nbsp;<\/p>\n<h3>Direcci\u00f3n y tribunal<\/h3>\n<ul>\n<li><strong>Director de la tesis<\/strong>\n<ul>\n<li>Patricia Edwars Rokowski<\/li>\n<\/ul>\n<\/li>\n<li><strong>Tribunal<\/strong>\n<ul>\n<li>Presidente del tribunal: Eugenio Cort\u00e9s  G\u00f3mez <\/li>\n<li>Santiago Posteguillo G\u00f3mez (vocal)<\/li>\n<li>Antonio Lozano Palacios (vocal)<\/li>\n<li>Guadalupe Aguado De Cea (vocal)<\/li>\n<\/ul>\n<\/li>\n<\/ul>\n<p>&nbsp;<\/p>\n","protected":false},"excerpt":{"rendered":"<p>Tesis doctoral de Alejandro Curado Fuentes El prop\u00f3sito principaln de esta tesis en abarcar y presentar un conjunto l\u00e9xico com\u00fan [&hellip;]<\/p>\n","protected":false},"author":1,"featured_media":0,"comment_status":"open","ping_status":"open","sticky":false,"template":"","format":"standard","meta":{"site-sidebar-layout":"default","site-content-layout":"","ast-site-content-layout":"","site-content-style":"default","site-sidebar-style":"default","ast-global-header-display":"","ast-banner-title-visibility":"","ast-main-header-display":"","ast-hfb-above-header-display":"","ast-hfb-below-header-display":"","ast-hfb-mobile-header-display":"","site-post-title":"","ast-breadcrumbs-content":"","ast-featured-img":"","footer-sml-layout":"","theme-transparent-header-meta":"","adv-header-id-meta":"","stick-header-meta":"","header-above-stick-meta":"","header-main-stick-meta":"","header-below-stick-meta":"","astra-migrate-meta-layouts":"default","ast-page-background-enabled":"default","ast-page-background-meta":{"desktop":{"background-color":"var(--ast-global-color-4)","background-image":"","background-repeat":"repeat","background-position":"center center","background-size":"auto","background-attachment":"scroll","background-type":"","background-media":"","overlay-type":"","overlay-color":"","overlay-gradient":""},"tablet":{"background-color":"","background-image":"","background-repeat":"repeat","background-position":"center center","background-size":"auto","background-attachment":"scroll","background-type":"","background-media":"","overlay-type":"","overlay-color":"","overlay-gradient":""},"mobile":{"background-color":"","background-image":"","background-repeat":"repeat","background-position":"center center","background-size":"auto","background-attachment":"scroll","background-type":"","background-media":"","overlay-type":"","overlay-color":"","overlay-gradient":""}},"ast-content-background-meta":{"desktop":{"background-color":"var(--ast-global-color-5)","background-image":"","background-repeat":"repeat","background-position":"center center","background-size":"auto","background-attachment":"scroll","background-type":"","background-media":"","overlay-type":"","overlay-color":"","overlay-gradient":""},"tablet":{"background-color":"var(--ast-global-color-5)","background-image":"","background-repeat":"repeat","background-position":"center center","background-size":"auto","background-attachment":"scroll","background-type":"","background-media":"","overlay-type":"","overlay-color":"","overlay-gradient":""},"mobile":{"background-color":"var(--ast-global-color-5)","background-image":"","background-repeat":"repeat","background-position":"center center","background-size":"auto","background-attachment":"scroll","background-type":"","background-media":"","overlay-type":"","overlay-color":"","overlay-gradient":""}},"footnotes":""},"categories":[949,61,59,423,62],"tags":[128076,92173,55738,24638,181930,52633],"class_list":["post-86743","post","type-post","status-publish","format-standard","hentry","category-extremadura","category-lexicologia","category-linguistica","category-linguistica-diacronica","category-linguistica-sincronica","tag-alejandro-curado-fuentes","tag-antonio-lozano-palacios","tag-eugenio-cortes-gomez","tag-guadalupe-aguado-de-cea","tag-patricia-edwars-rokowski","tag-santiago-posteguillo-gomez"],"_links":{"self":[{"href":"https:\/\/www.deberes.net\/tesis\/wp-json\/wp\/v2\/posts\/86743","targetHints":{"allow":["GET"]}}],"collection":[{"href":"https:\/\/www.deberes.net\/tesis\/wp-json\/wp\/v2\/posts"}],"about":[{"href":"https:\/\/www.deberes.net\/tesis\/wp-json\/wp\/v2\/types\/post"}],"author":[{"embeddable":true,"href":"https:\/\/www.deberes.net\/tesis\/wp-json\/wp\/v2\/users\/1"}],"replies":[{"embeddable":true,"href":"https:\/\/www.deberes.net\/tesis\/wp-json\/wp\/v2\/comments?post=86743"}],"version-history":[{"count":0,"href":"https:\/\/www.deberes.net\/tesis\/wp-json\/wp\/v2\/posts\/86743\/revisions"}],"wp:attachment":[{"href":"https:\/\/www.deberes.net\/tesis\/wp-json\/wp\/v2\/media?parent=86743"}],"wp:term":[{"taxonomy":"category","embeddable":true,"href":"https:\/\/www.deberes.net\/tesis\/wp-json\/wp\/v2\/categories?post=86743"},{"taxonomy":"post_tag","embeddable":true,"href":"https:\/\/www.deberes.net\/tesis\/wp-json\/wp\/v2\/tags?post=86743"}],"curies":[{"name":"wp","href":"https:\/\/api.w.org\/{rel}","templated":true}]}}