{"id":86766,"date":"2000-04-10T00:00:00","date_gmt":"2000-04-10T00:00:00","guid":{"rendered":"https:\/\/www.deberes.net\/tesis\/sin-categoria\/analisis-y-aplicacion-de-la-variable-actitudinal-en-el-ambito-de-la-ensenanza-de-lenguas-extranjeras\/"},"modified":"2000-04-10T00:00:00","modified_gmt":"2000-04-10T00:00:00","slug":"analisis-y-aplicacion-de-la-variable-actitudinal-en-el-ambito-de-la-ensenanza-de-lenguas-extranjeras","status":"publish","type":"post","link":"https:\/\/www.deberes.net\/tesis\/linguistica\/analisis-y-aplicacion-de-la-variable-actitudinal-en-el-ambito-de-la-ensenanza-de-lenguas-extranjeras\/","title":{"rendered":"Analisis y aplicaci\u00f3n de la variable actitudinal en el ambito de la ense\u00f1anza de lenguas extranjeras"},"content":{"rendered":"<h2>Tesis doctoral de <strong> Jes\u00fas Garc\u00eda Laborda <\/strong><\/h2>\n<p>Esta tesis doctoral se encuadra dentro del marco de la ense\u00f1anza del ingl\u00e9s como lengua extranjera. El objetivo \u00faltimo del trabajo se la configuraci\u00f3n del modelo de orientaci\u00f3n actitudinal(m.O.A) para la ense\u00f1anza del ingl\u00e9s. este modelo se obtiene tras estudiar los distintos elementos que inciden en el proceso de ense\u00f1anza y aprendizaje de una lengua extranjera. posteriormente, se analizan las actitudes de profesores y alumnos hacia dichos elementos. tambi\u00e9n se verifica la importancia de las actitudes de profesores y alumnos hacia dichos elementos. Tambi\u00e9n se verifica la importancia de las actitudes de los profesores en su actuaci\u00f3n en el aula de ense\u00f1anza de bachillerato\/bup. el trabajo concluye con una serie de recomendaciones para obtener unos resultados m\u00e1s positivos en la ense\u00f1anza del ingl\u00e9s que los que se consiguen en la actualidad.<\/p>\n<p>&nbsp;<\/p>\n<h3>Datos acad\u00e9micos de la tesis doctoral \u00ab<strong>Analisis y aplicaci\u00f3n de la variable actitudinal en el ambito de la ense\u00f1anza de lenguas extranjeras<\/strong>\u00ab<\/h3>\n<ul>\n<li><strong>T\u00edtulo de la tesis:<\/strong>\u00a0 Analisis y aplicaci\u00f3n de la variable actitudinal en el ambito de la ense\u00f1anza de lenguas extranjeras <\/li>\n<li><strong>Autor:<\/strong>\u00a0 Jes\u00fas Garc\u00eda Laborda <\/li>\n<li><strong>Universidad:<\/strong>\u00a0 Complutense de Madrid<\/li>\n<li><strong>Fecha de lectura de la tesis:<\/strong>\u00a0 04\/10\/2000<\/li>\n<\/ul>\n<p>&nbsp;<\/p>\n<h3>Direcci\u00f3n y tribunal<\/h3>\n<ul>\n<li><strong>Director de la tesis<\/strong>\n<ul>\n<li>M. Luisa Vega Fernandez<\/li>\n<\/ul>\n<\/li>\n<li><strong>Tribunal<\/strong>\n<ul>\n<li>Presidente del tribunal: jos\u00e9 Ruiz ibirico <\/li>\n<li>silvia Molina plaza (vocal)<\/li>\n<li>fiona Marcarthur purdon (vocal)<\/li>\n<li> Fernandez de gorostiza foronda Antonio (vocal)<\/li>\n<\/ul>\n<\/li>\n<\/ul>\n<p>&nbsp;<\/p>\n","protected":false},"excerpt":{"rendered":"<p>Tesis doctoral de Jes\u00fas Garc\u00eda Laborda Esta tesis doctoral se encuadra dentro del marco de la ense\u00f1anza del ingl\u00e9s como [&hellip;]<\/p>\n","protected":false},"author":1,"featured_media":0,"comment_status":"open","ping_status":"open","sticky":false,"template":"","format":"standard","meta":{"site-sidebar-layout":"default","site-content-layout":"","ast-site-content-layout":"","site-content-style":"default","site-sidebar-style":"default","ast-global-header-display":"","ast-banner-title-visibility":"","ast-main-header-display":"","ast-hfb-above-header-display":"","ast-hfb-below-header-display":"","ast-hfb-mobile-header-display":"","site-post-title":"","ast-breadcrumbs-content":"","ast-featured-img":"","footer-sml-layout":"","theme-transparent-header-meta":"","adv-header-id-meta":"","stick-header-meta":"","header-above-stick-meta":"","header-main-stick-meta":"","header-below-stick-meta":"","astra-migrate-meta-layouts":"default","ast-page-background-enabled":"default","ast-page-background-meta":{"desktop":{"background-color":"var(--ast-global-color-4)","background-image":"","background-repeat":"repeat","background-position":"center center","background-size":"auto","background-attachment":"scroll","background-type":"","background-media":"","overlay-type":"","overlay-color":"","overlay-gradient":""},"tablet":{"background-color":"","background-image":"","background-repeat":"repeat","background-position":"center center","background-size":"auto","background-attachment":"scroll","background-type":"","background-media":"","overlay-type":"","overlay-color":"","overlay-gradient":""},"mobile":{"background-color":"","background-image":"","background-repeat":"repeat","background-position":"center center","background-size":"auto","background-attachment":"scroll","background-type":"","background-media":"","overlay-type":"","overlay-color":"","overlay-gradient":""}},"ast-content-background-meta":{"desktop":{"background-color":"var(--ast-global-color-5)","background-image":"","background-repeat":"repeat","background-position":"center center","background-size":"auto","background-attachment":"scroll","background-type":"","background-media":"","overlay-type":"","overlay-color":"","overlay-gradient":""},"tablet":{"background-color":"var(--ast-global-color-5)","background-image":"","background-repeat":"repeat","background-position":"center center","background-size":"auto","background-attachment":"scroll","background-type":"","background-media":"","overlay-type":"","overlay-color":"","overlay-gradient":""},"mobile":{"background-color":"var(--ast-global-color-5)","background-image":"","background-repeat":"repeat","background-position":"center center","background-size":"auto","background-attachment":"scroll","background-type":"","background-media":"","overlay-type":"","overlay-color":"","overlay-gradient":""}},"footnotes":""},"categories":[1891,59,60,62],"tags":[181967,155188,181965,181966,85307,6781],"class_list":["post-86766","post","type-post","status-publish","format-standard","hentry","category-ensenanza-de-lenguas","category-linguistica","category-linguistica-aplicada","category-linguistica-sincronica","tag-fernandez-de-gorostiza-foronda-antonio","tag-fiona-marcarthur-purdon","tag-jesus-garcia-laborda","tag-jose-ruiz-ibirico","tag-m-luisa-vega-fernandez","tag-silvia-molina-plaza"],"_links":{"self":[{"href":"https:\/\/www.deberes.net\/tesis\/wp-json\/wp\/v2\/posts\/86766","targetHints":{"allow":["GET"]}}],"collection":[{"href":"https:\/\/www.deberes.net\/tesis\/wp-json\/wp\/v2\/posts"}],"about":[{"href":"https:\/\/www.deberes.net\/tesis\/wp-json\/wp\/v2\/types\/post"}],"author":[{"embeddable":true,"href":"https:\/\/www.deberes.net\/tesis\/wp-json\/wp\/v2\/users\/1"}],"replies":[{"embeddable":true,"href":"https:\/\/www.deberes.net\/tesis\/wp-json\/wp\/v2\/comments?post=86766"}],"version-history":[{"count":0,"href":"https:\/\/www.deberes.net\/tesis\/wp-json\/wp\/v2\/posts\/86766\/revisions"}],"wp:attachment":[{"href":"https:\/\/www.deberes.net\/tesis\/wp-json\/wp\/v2\/media?parent=86766"}],"wp:term":[{"taxonomy":"category","embeddable":true,"href":"https:\/\/www.deberes.net\/tesis\/wp-json\/wp\/v2\/categories?post=86766"},{"taxonomy":"post_tag","embeddable":true,"href":"https:\/\/www.deberes.net\/tesis\/wp-json\/wp\/v2\/tags?post=86766"}],"curies":[{"name":"wp","href":"https:\/\/api.w.org\/{rel}","templated":true}]}}