{"id":86798,"date":"2000-06-10T00:00:00","date_gmt":"2000-06-10T00:00:00","guid":{"rendered":"https:\/\/www.deberes.net\/tesis\/sin-categoria\/retencion-de-triton-x-100y-dodecil-sulfato-sodico-sobre-matriales-carbonosos-caracterizacion-termodinamica-de-la-interfase\/"},"modified":"2000-06-10T00:00:00","modified_gmt":"2000-06-10T00:00:00","slug":"retencion-de-triton-x-100y-dodecil-sulfato-sodico-sobre-matriales-carbonosos-caracterizacion-termodinamica-de-la-interfase","status":"publish","type":"post","link":"https:\/\/www.deberes.net\/tesis\/fisica\/retencion-de-triton-x-100y-dodecil-sulfato-sodico-sobre-matriales-carbonosos-caracterizacion-termodinamica-de-la-interfase\/","title":{"rendered":"Retenci\u00f3n de trit\u00f3n x-100y dodecil sulfato s\u00f3dico sobre matriales carbonosos: caracterizaci\u00f3n termodin\u00e1mica de la interfase."},"content":{"rendered":"<h2>Tesis doctoral de <strong> Carmen M. Gonz\u00e1lez Garc\u00eda <\/strong><\/h2>\n<p>Estudio termodin\u00e1mico del proceso de retenci\u00f3n de un tensiactivo i\u00f3nico y otro no i\u00f3nico sobre negros de carb\u00f3n y carbones activados con diferentes caracter\u00edsticas texturales y s\u00f1uperficiales. Esta caracterizaci\u00f3n se ha efectuado a partir de las isotermas de adsorci\u00f3n, evaluaci\u00f3n de energ\u00edas libres superficiales y calorimetr\u00eda. La inforamci\u00f3n obtenida por estos tres m\u00e9todos permite establecer que la retenci\u00f3n progresa desde la superficie m\u00e1s interna hac\u00eda la externa, condicionada por las ca racter\u00edsticas texturales de los absorbentes y la naturaleza ionica o no de los tensioactivos. Este progreso lleva a la formaci\u00f3n de agregados superficiales de tensioactivo al alcanzarse concentraciones de equilibrio pr\u00f3ximas a la concentraci\u00f3n micelas cr\u00edtica del tensioactivo.<\/p>\n<p>&nbsp;<\/p>\n<h3>Datos acad\u00e9micos de la tesis doctoral \u00ab<strong>Retenci\u00f3n de trit\u00f3n x-100y dodecil sulfato s\u00f3dico sobre matriales carbonosos: caracterizaci\u00f3n termodin\u00e1mica de la interfase.<\/strong>\u00ab<\/h3>\n<ul>\n<li><strong>T\u00edtulo de la tesis:<\/strong>\u00a0 Retenci\u00f3n de trit\u00f3n x-100y dodecil sulfato s\u00f3dico sobre matriales carbonosos: caracterizaci\u00f3n termodin\u00e1mica de la interfase. <\/li>\n<li><strong>Autor:<\/strong>\u00a0 Carmen M. Gonz\u00e1lez Garc\u00eda <\/li>\n<li><strong>Universidad:<\/strong>\u00a0 Extremadura<\/li>\n<li><strong>Fecha de lectura de la tesis:<\/strong>\u00a0 06\/10\/2000<\/li>\n<\/ul>\n<p>&nbsp;<\/p>\n<h3>Direcci\u00f3n y tribunal<\/h3>\n<ul>\n<li><strong>Director de la tesis<\/strong>\n<ul>\n<li>Vicente Gomez Serrano<\/li>\n<\/ul>\n<\/li>\n<li><strong>Tribunal<\/strong>\n<ul>\n<li>Presidente del tribunal: cristobal Valenzuela calahorro <\/li>\n<li>Jos\u00e9 Morales bruque (vocal)<\/li>\n<li>Antonio Navarrete guijosa (vocal)<\/li>\n<li>\u00e1lvaro Bernalte Garc\u00eda (vocal)<\/li>\n<\/ul>\n<\/li>\n<\/ul>\n<p>&nbsp;<\/p>\n","protected":false},"excerpt":{"rendered":"<p>Tesis doctoral de Carmen M. Gonz\u00e1lez Garc\u00eda Estudio termodin\u00e1mico del proceso de retenci\u00f3n de un tensiactivo i\u00f3nico y otro no [&hellip;]<\/p>\n","protected":false},"author":1,"featured_media":0,"comment_status":"open","ping_status":"open","sticky":false,"template":"","format":"standard","meta":{"site-sidebar-layout":"default","site-content-layout":"","ast-site-content-layout":"","site-content-style":"default","site-sidebar-style":"default","ast-global-header-display":"","ast-banner-title-visibility":"","ast-main-header-display":"","ast-hfb-above-header-display":"","ast-hfb-below-header-display":"","ast-hfb-mobile-header-display":"","site-post-title":"","ast-breadcrumbs-content":"","ast-featured-img":"","footer-sml-layout":"","theme-transparent-header-meta":"","adv-header-id-meta":"","stick-header-meta":"","header-above-stick-meta":"","header-main-stick-meta":"","header-below-stick-meta":"","astra-migrate-meta-layouts":"default","ast-page-background-enabled":"default","ast-page-background-meta":{"desktop":{"background-color":"var(--ast-global-color-4)","background-image":"","background-repeat":"repeat","background-position":"center center","background-size":"auto","background-attachment":"scroll","background-type":"","background-media":"","overlay-type":"","overlay-color":"","overlay-gradient":""},"tablet":{"background-color":"","background-image":"","background-repeat":"repeat","background-position":"center center","background-size":"auto","background-attachment":"scroll","background-type":"","background-media":"","overlay-type":"","overlay-color":"","overlay-gradient":""},"mobile":{"background-color":"","background-image":"","background-repeat":"repeat","background-position":"center center","background-size":"auto","background-attachment":"scroll","background-type":"","background-media":"","overlay-type":"","overlay-color":"","overlay-gradient":""}},"ast-content-background-meta":{"desktop":{"background-color":"var(--ast-global-color-5)","background-image":"","background-repeat":"repeat","background-position":"center center","background-size":"auto","background-attachment":"scroll","background-type":"","background-media":"","overlay-type":"","overlay-color":"","overlay-gradient":""},"tablet":{"background-color":"var(--ast-global-color-5)","background-image":"","background-repeat":"repeat","background-position":"center center","background-size":"auto","background-attachment":"scroll","background-type":"","background-media":"","overlay-type":"","overlay-color":"","overlay-gradient":""},"mobile":{"background-color":"var(--ast-global-color-5)","background-image":"","background-repeat":"repeat","background-position":"center center","background-size":"auto","background-attachment":"scroll","background-type":"","background-media":"","overlay-type":"","overlay-color":"","overlay-gradient":""}},"footnotes":""},"categories":[5474,949,199,560,2793],"tags":[3639,3638,182020,21168,4410,40960],"class_list":["post-86798","post","type-post","status-publish","format-standard","hentry","category-equilibrios-termodinamicos","category-extremadura","category-fisica","category-quimica-fisica","category-termodinamica","tag-alvaro-bernalte-garcia","tag-antonio-navarrete-guijosa","tag-carmen-m-gonzalez-garcia","tag-cristobal-valenzuela-calahorro","tag-jose-morales-bruque","tag-vicente-gomez-serrano"],"_links":{"self":[{"href":"https:\/\/www.deberes.net\/tesis\/wp-json\/wp\/v2\/posts\/86798","targetHints":{"allow":["GET"]}}],"collection":[{"href":"https:\/\/www.deberes.net\/tesis\/wp-json\/wp\/v2\/posts"}],"about":[{"href":"https:\/\/www.deberes.net\/tesis\/wp-json\/wp\/v2\/types\/post"}],"author":[{"embeddable":true,"href":"https:\/\/www.deberes.net\/tesis\/wp-json\/wp\/v2\/users\/1"}],"replies":[{"embeddable":true,"href":"https:\/\/www.deberes.net\/tesis\/wp-json\/wp\/v2\/comments?post=86798"}],"version-history":[{"count":0,"href":"https:\/\/www.deberes.net\/tesis\/wp-json\/wp\/v2\/posts\/86798\/revisions"}],"wp:attachment":[{"href":"https:\/\/www.deberes.net\/tesis\/wp-json\/wp\/v2\/media?parent=86798"}],"wp:term":[{"taxonomy":"category","embeddable":true,"href":"https:\/\/www.deberes.net\/tesis\/wp-json\/wp\/v2\/categories?post=86798"},{"taxonomy":"post_tag","embeddable":true,"href":"https:\/\/www.deberes.net\/tesis\/wp-json\/wp\/v2\/tags?post=86798"}],"curies":[{"name":"wp","href":"https:\/\/api.w.org\/{rel}","templated":true}]}}