{"id":86807,"date":"2000-06-10T00:00:00","date_gmt":"2000-06-10T00:00:00","guid":{"rendered":"https:\/\/www.deberes.net\/tesis\/sin-categoria\/guerra-e-ideologia-en-la-espana-medieval-cultura-y-actitudes-historicas-ante-el-giro-de-principios-del-siglo-xiii-batallas-de-las-navas-de-tolosa-1212-y-muret-1213\/"},"modified":"2000-06-10T00:00:00","modified_gmt":"2000-06-10T00:00:00","slug":"guerra-e-ideologia-en-la-espana-medieval-cultura-y-actitudes-historicas-ante-el-giro-de-principios-del-siglo-xiii-batallas-de-las-navas-de-tolosa-1212-y-muret-1213","status":"publish","type":"post","link":"https:\/\/www.deberes.net\/tesis\/historia\/guerra-e-ideologia-en-la-espana-medieval-cultura-y-actitudes-historicas-ante-el-giro-de-principios-del-siglo-xiii-batallas-de-las-navas-de-tolosa-1212-y-muret-1213\/","title":{"rendered":"\u00abguerra e ideolog\u00eda en la espa\u00f1a medieval: cultura y actitudes historicas ante el giro de principios del siglo xiii-batallas de las navas de tolosa (1212) y muret (1213)\u00bb"},"content":{"rendered":"<h2>Tesis doctoral de <strong> Martin Alvira Cabrer <\/strong><\/h2>\n<p>An\u00e1lisis de las batallas de las navas de tolosa(16 de julio de 1212) y muret(12 de septiembre de 1213), de sus circunstancias hist\u00f3ricas, de sus principales protagonistas y de sus interpretaciones en el seno de la \u00abcultura hist\u00f3rica\u00bb medieval y moderna, desde las perspectivas pol\u00edtico-militar, historiografica, ideol\u00f3gica, lit\u00fargica, simb\u00f3lica y de la \u00abhistoria de las mentalidades\u00bb, todo ello a partir del modelo de estudio creado por georges duby en su obra le dimanche de bouvines.  las fuentes manejadas alcanzan al conjunto del occidente medieval del siglo xiii y cubren cronol\u00f3gicamente un per\u00edodo que supera la edad media en el caso concreto de la historiograf\u00eda hisp\u00e1nica-. Son fundamentalmente historiogr\u00e1ficas(grandes cr\u00f3nicas, anales mon\u00e1sticos) e hist\u00f3rico-literarias (poemas hist\u00f3ricos, composiciones trovadorescas, tratados), sin olvidar las documentales o el trabajo de campo para los aspectos puramente militares.  la batalla campal-\u00abjuicio de dios\u00bb y sy \u00abliturgia\u00bb se convierten en una ventana abierta a las realidades ideol\u00f3gicas y mentales de un momento hist\u00f3rico fundamental en la evoluci\u00f3n del occidente medieval.<\/p>\n<p>&nbsp;<\/p>\n<h3>Datos acad\u00e9micos de la tesis doctoral \u00ab<strong>\u00abguerra e ideolog\u00eda en la espa\u00f1a medieval: cultura y actitudes historicas ante el giro de principios del siglo xiii-batallas de las navas de tolosa (1212) y muret (1213)\u00bb<\/strong>\u00ab<\/h3>\n<ul>\n<li><strong>T\u00edtulo de la tesis:<\/strong>\u00a0 \u00abguerra e ideolog\u00eda en la espa\u00f1a medieval: cultura y actitudes historicas ante el giro de principios del siglo xiii-batallas de las navas de tolosa (1212) y muret (1213)\u00bb <\/li>\n<li><strong>Autor:<\/strong>\u00a0 Martin Alvira Cabrer <\/li>\n<li><strong>Universidad:<\/strong>\u00a0 Complutense de Madrid<\/li>\n<li><strong>Fecha de lectura de la tesis:<\/strong>\u00a0 06\/10\/2000<\/li>\n<\/ul>\n<p>&nbsp;<\/p>\n<h3>Direcci\u00f3n y tribunal<\/h3>\n<ul>\n<li><strong>Director de la tesis<\/strong>\n<ul>\n<li>Emilio Mitre Fernandez<\/li>\n<\/ul>\n<\/li>\n<li><strong>Tribunal<\/strong>\n<ul>\n<li>Presidente del tribunal: Miguel \u00e1ngel Ladero quesada <\/li>\n<li>salvador Claramunt rodriguez (vocal)<\/li>\n<li>eloy Benito ruano (vocal)<\/li>\n<li>Francisco Garcia fitz (vocal)<\/li>\n<\/ul>\n<\/li>\n<\/ul>\n<p>&nbsp;<\/p>\n","protected":false},"excerpt":{"rendered":"<p>Tesis doctoral de Martin Alvira Cabrer An\u00e1lisis de las batallas de las navas de tolosa(16 de julio de 1212) y [&hellip;]<\/p>\n","protected":false},"author":1,"featured_media":0,"comment_status":"open","ping_status":"open","sticky":false,"template":"","format":"standard","meta":{"site-sidebar-layout":"default","site-content-layout":"","ast-site-content-layout":"","site-content-style":"default","site-sidebar-style":"default","ast-global-header-display":"","ast-banner-title-visibility":"","ast-main-header-display":"","ast-hfb-above-header-display":"","ast-hfb-below-header-display":"","ast-hfb-mobile-header-display":"","site-post-title":"","ast-breadcrumbs-content":"","ast-featured-img":"","footer-sml-layout":"","theme-transparent-header-meta":"","adv-header-id-meta":"","stick-header-meta":"","header-above-stick-meta":"","header-main-stick-meta":"","header-below-stick-meta":"","astra-migrate-meta-layouts":"default","ast-page-background-enabled":"default","ast-page-background-meta":{"desktop":{"background-color":"var(--ast-global-color-4)","background-image":"","background-repeat":"repeat","background-position":"center center","background-size":"auto","background-attachment":"scroll","background-type":"","background-media":"","overlay-type":"","overlay-color":"","overlay-gradient":""},"tablet":{"background-color":"","background-image":"","background-repeat":"repeat","background-position":"center center","background-size":"auto","background-attachment":"scroll","background-type":"","background-media":"","overlay-type":"","overlay-color":"","overlay-gradient":""},"mobile":{"background-color":"","background-image":"","background-repeat":"repeat","background-position":"center center","background-size":"auto","background-attachment":"scroll","background-type":"","background-media":"","overlay-type":"","overlay-color":"","overlay-gradient":""}},"ast-content-background-meta":{"desktop":{"background-color":"var(--ast-global-color-5)","background-image":"","background-repeat":"repeat","background-position":"center center","background-size":"auto","background-attachment":"scroll","background-type":"","background-media":"","overlay-type":"","overlay-color":"","overlay-gradient":""},"tablet":{"background-color":"var(--ast-global-color-5)","background-image":"","background-repeat":"repeat","background-position":"center center","background-size":"auto","background-attachment":"scroll","background-type":"","background-media":"","overlay-type":"","overlay-color":"","overlay-gradient":""},"mobile":{"background-color":"var(--ast-global-color-5)","background-image":"","background-repeat":"repeat","background-position":"center center","background-size":"auto","background-attachment":"scroll","background-type":"","background-media":"","overlay-type":"","overlay-color":"","overlay-gradient":""}},"footnotes":""},"categories":[104,413,106,119,220,222],"tags":[644,5942,66525,182031,5296,3088],"class_list":["post-86807","post","type-post","status-publish","format-standard","hentry","category-historia","category-historia-de-la-guerra","category-historia-general","category-historia-medieval","category-historia-por-epocas","category-historias-especializadas","tag-eloy-benito-ruano","tag-emilio-mitre-fernandez","tag-francisco-garcia-fitz","tag-martin-alvira-cabrer","tag-miguel-angel-ladero-quesada","tag-salvador-claramunt-rodriguez"],"_links":{"self":[{"href":"https:\/\/www.deberes.net\/tesis\/wp-json\/wp\/v2\/posts\/86807","targetHints":{"allow":["GET"]}}],"collection":[{"href":"https:\/\/www.deberes.net\/tesis\/wp-json\/wp\/v2\/posts"}],"about":[{"href":"https:\/\/www.deberes.net\/tesis\/wp-json\/wp\/v2\/types\/post"}],"author":[{"embeddable":true,"href":"https:\/\/www.deberes.net\/tesis\/wp-json\/wp\/v2\/users\/1"}],"replies":[{"embeddable":true,"href":"https:\/\/www.deberes.net\/tesis\/wp-json\/wp\/v2\/comments?post=86807"}],"version-history":[{"count":0,"href":"https:\/\/www.deberes.net\/tesis\/wp-json\/wp\/v2\/posts\/86807\/revisions"}],"wp:attachment":[{"href":"https:\/\/www.deberes.net\/tesis\/wp-json\/wp\/v2\/media?parent=86807"}],"wp:term":[{"taxonomy":"category","embeddable":true,"href":"https:\/\/www.deberes.net\/tesis\/wp-json\/wp\/v2\/categories?post=86807"},{"taxonomy":"post_tag","embeddable":true,"href":"https:\/\/www.deberes.net\/tesis\/wp-json\/wp\/v2\/tags?post=86807"}],"curies":[{"name":"wp","href":"https:\/\/api.w.org\/{rel}","templated":true}]}}