{"id":86814,"date":"2000-06-10T00:00:00","date_gmt":"2000-06-10T00:00:00","guid":{"rendered":"https:\/\/www.deberes.net\/tesis\/sin-categoria\/analisis-de-los-desequilibrios-ahorro-inversion-en-los-paa%c2%adses-de-la-union-monetaria-implicaciones-sobre-la-integracion-financiera\/"},"modified":"2000-06-10T00:00:00","modified_gmt":"2000-06-10T00:00:00","slug":"analisis-de-los-desequilibrios-ahorro-inversion-en-los-paa%c2%adses-de-la-union-monetaria-implicaciones-sobre-la-integracion-financiera","status":"publish","type":"post","link":"https:\/\/www.deberes.net\/tesis\/ciencias-economicas\/analisis-de-los-desequilibrios-ahorro-inversion-en-los-paa%c2%adses-de-la-union-monetaria-implicaciones-sobre-la-integracion-financiera\/","title":{"rendered":"An\u00e1lisis de los desequilibrios ahorro-inversi\u00f3n en los pa\u00edses de la uni\u00f3n monetaria. implicaciones sobre la integraci\u00f3n financiera"},"content":{"rendered":"<h2>Tesis doctoral de <strong>  S\u00e1nchez De La Vega Jos\u00e9 Carlos <\/strong><\/h2>\n<p>El objetivo de la tesis es el an\u00e1lisis del grado de integraci\u00f3n financiera de los pa\u00edses que desde el 1 de enero de 1999 pasaron a formar parte de la uni\u00f3n monetaria europea. A partir de las diferentes definiciones que ofrece la literatura sobre movilidad de capitales, se contrasta el grado de integraci\u00f3n en los mercados de capitales en alemania, austria, b\u00e9lgica, espa\u00f1a, finlandia, francia, holanda, irlanda, luxemburgo y portugal, as\u00ed como del agrado denominado zona-euro cuyas series se han construido a partir de las variables de estos 11 pa\u00edeses previa conversi\u00f3n a una moneda com\u00fan. las variables utilizadas han sido las tasas de ahorro e inversi\u00f3n agregadas y sectoriales (privadas y p\u00fablicas), los saldos corrientes relativos y los desfases ahorro-inversi\u00f3n privados y p\u00fablicos.  la contrastaci\u00f3n se lleva a cabo utilizando los tests de ra\u00edces unitarias propuestos por dickey y fuller y philips y perron, de causalidad d\u00e9bil de granger y de cointegraci\u00f3n de johansen. Igualmente se estima un modelo de correcci\u00f3n del error que da cuenta de las din\u00e1micas a corto y largo plazo de las variables agregadas. Los resultados confirman algunas de las evidencias econtradas en trabajos precedentes a \u00e9ste, sobre los cuales se realiza una revisi\u00f3n en el cap\u00edtulo primero, lo que permite concluir que el grupo de pa\u00edses m\u00e1s integrados en virtud de una mayor independencia entre sus variables dom\u00e9sticas est\u00e1 compuesto por alemania, austria, b\u00e9lgica, irlanda y luxemburgo, mientras los que presentan una mayor\u00eda de evidencias a favor de la reducida integraci\u00f3n son espa\u00f1a, finlandia, francia, italia, portugal y el agregado zona-euro.  los resultados no permiten extraer conclusiones definitvas para el caso de holanda, situ\u00e1ndose en una zona de indecisi\u00f3n. La consideraci\u00f3n de variables adicionales dentro del esquema general, la inclusi\u00f3n de las transferencias de capital en el enfoque cantidades, el estudio m\u00e1s detallado de los flu<\/p>\n<p>&nbsp;<\/p>\n<h3>Datos acad\u00e9micos de la tesis doctoral \u00ab<strong>An\u00e1lisis de los desequilibrios ahorro-inversi\u00f3n en los pa\u00edses de la uni\u00f3n monetaria. implicaciones sobre la integraci\u00f3n financiera<\/strong>\u00ab<\/h3>\n<ul>\n<li><strong>T\u00edtulo de la tesis:<\/strong>\u00a0 An\u00e1lisis de los desequilibrios ahorro-inversi\u00f3n en los pa\u00edses de la uni\u00f3n monetaria. implicaciones sobre la integraci\u00f3n financiera <\/li>\n<li><strong>Autor:<\/strong>\u00a0  S\u00e1nchez De La Vega Jos\u00e9 Carlos <\/li>\n<li><strong>Universidad:<\/strong>\u00a0 Murcia<\/li>\n<li><strong>Fecha de lectura de la tesis:<\/strong>\u00a0 06\/10\/2000<\/li>\n<\/ul>\n<p>&nbsp;<\/p>\n<h3>Direcci\u00f3n y tribunal<\/h3>\n<ul>\n<li><strong>Director de la tesis<\/strong>\n<ul>\n<li> Buend\u00eda Azor\u00edan Jos\u00e9 Daniel<\/li>\n<\/ul>\n<\/li>\n<li><strong>Tribunal<\/strong>\n<ul>\n<li>Presidente del tribunal: Antonio Pulido san rom\u00e1n <\/li>\n<li>Jos\u00e9 Antonio Martinez serrano (vocal)<\/li>\n<li>Jos\u00e9 Garcia solanes (vocal)<\/li>\n<li>Javier S\u00e1ez fern\u00e1ndez (vocal)<\/li>\n<\/ul>\n<\/li>\n<\/ul>\n<p>&nbsp;<\/p>\n","protected":false},"excerpt":{"rendered":"<p>Tesis doctoral de S\u00e1nchez De La Vega Jos\u00e9 Carlos El objetivo de la tesis es el an\u00e1lisis del grado de [&hellip;]<\/p>\n","protected":false},"author":1,"featured_media":0,"comment_status":"open","ping_status":"open","sticky":false,"template":"","format":"standard","meta":{"site-sidebar-layout":"default","site-content-layout":"","ast-site-content-layout":"","site-content-style":"default","site-sidebar-style":"default","ast-global-header-display":"","ast-banner-title-visibility":"","ast-main-header-display":"","ast-hfb-above-header-display":"","ast-hfb-below-header-display":"","ast-hfb-mobile-header-display":"","site-post-title":"","ast-breadcrumbs-content":"","ast-featured-img":"","footer-sml-layout":"","theme-transparent-header-meta":"","adv-header-id-meta":"","stick-header-meta":"","header-above-stick-meta":"","header-main-stick-meta":"","header-below-stick-meta":"","astra-migrate-meta-layouts":"default","ast-page-background-enabled":"default","ast-page-background-meta":{"desktop":{"background-color":"var(--ast-global-color-4)","background-image":"","background-repeat":"repeat","background-position":"center center","background-size":"auto","background-attachment":"scroll","background-type":"","background-media":"","overlay-type":"","overlay-color":"","overlay-gradient":""},"tablet":{"background-color":"","background-image":"","background-repeat":"repeat","background-position":"center center","background-size":"auto","background-attachment":"scroll","background-type":"","background-media":"","overlay-type":"","overlay-color":"","overlay-gradient":""},"mobile":{"background-color":"","background-image":"","background-repeat":"repeat","background-position":"center center","background-size":"auto","background-attachment":"scroll","background-type":"","background-media":"","overlay-type":"","overlay-color":"","overlay-gradient":""}},"ast-content-background-meta":{"desktop":{"background-color":"var(--ast-global-color-5)","background-image":"","background-repeat":"repeat","background-position":"center center","background-size":"auto","background-attachment":"scroll","background-type":"","background-media":"","overlay-type":"","overlay-color":"","overlay-gradient":""},"tablet":{"background-color":"var(--ast-global-color-5)","background-image":"","background-repeat":"repeat","background-position":"center center","background-size":"auto","background-attachment":"scroll","background-type":"","background-media":"","overlay-type":"","overlay-color":"","overlay-gradient":""},"mobile":{"background-color":"var(--ast-global-color-5)","background-image":"","background-repeat":"repeat","background-position":"center center","background-size":"auto","background-attachment":"scroll","background-type":"","background-media":"","overlay-type":"","overlay-color":"","overlay-gradient":""}},"footnotes":""},"categories":[82,83,910,15054,8235],"tags":[12418,182041,132939,8577,11537,182040],"class_list":["post-86814","post","type-post","status-publish","format-standard","hentry","category-ciencias-economicas","category-economia-del-area-europea","category-economia-internacional","category-finanzas-internacionales","category-murcia","tag-antonio-pulido-san-roman","tag-buendia-azorian-jose-daniel","tag-javier-saez-fernandez","tag-jose-antonio-Martinez-serrano","tag-jose-garcia-solanes","tag-sanchez-de-la-vega-jose-carlos"],"_links":{"self":[{"href":"https:\/\/www.deberes.net\/tesis\/wp-json\/wp\/v2\/posts\/86814","targetHints":{"allow":["GET"]}}],"collection":[{"href":"https:\/\/www.deberes.net\/tesis\/wp-json\/wp\/v2\/posts"}],"about":[{"href":"https:\/\/www.deberes.net\/tesis\/wp-json\/wp\/v2\/types\/post"}],"author":[{"embeddable":true,"href":"https:\/\/www.deberes.net\/tesis\/wp-json\/wp\/v2\/users\/1"}],"replies":[{"embeddable":true,"href":"https:\/\/www.deberes.net\/tesis\/wp-json\/wp\/v2\/comments?post=86814"}],"version-history":[{"count":0,"href":"https:\/\/www.deberes.net\/tesis\/wp-json\/wp\/v2\/posts\/86814\/revisions"}],"wp:attachment":[{"href":"https:\/\/www.deberes.net\/tesis\/wp-json\/wp\/v2\/media?parent=86814"}],"wp:term":[{"taxonomy":"category","embeddable":true,"href":"https:\/\/www.deberes.net\/tesis\/wp-json\/wp\/v2\/categories?post=86814"},{"taxonomy":"post_tag","embeddable":true,"href":"https:\/\/www.deberes.net\/tesis\/wp-json\/wp\/v2\/tags?post=86814"}],"curies":[{"name":"wp","href":"https:\/\/api.w.org\/{rel}","templated":true}]}}