{"id":86826,"date":"2000-06-10T00:00:00","date_gmt":"2000-06-10T00:00:00","guid":{"rendered":"https:\/\/www.deberes.net\/tesis\/sin-categoria\/el-sistema-verbal-en-el-espanol-dominicano-del-siglo-xvi\/"},"modified":"2000-06-10T00:00:00","modified_gmt":"2000-06-10T00:00:00","slug":"el-sistema-verbal-en-el-espanol-dominicano-del-siglo-xvi","status":"publish","type":"post","link":"https:\/\/www.deberes.net\/tesis\/linguistica\/el-sistema-verbal-en-el-espanol-dominicano-del-siglo-xvi\/","title":{"rendered":"El sistema verbal en el espa\u00f1ol dominicano del siglo xvi"},"content":{"rendered":"<h2>Tesis doctoral de <strong> Mar\u00eda  Mar Melendez Matias <\/strong><\/h2>\n<p>Este trabajo, cuyo tema se incribe dentro del marco de la morfosintaxis historica del espa\u00f1ol americano se estructura en cinco partes -dedicadas a las formas personales, formas no personales, perifrasis verbales, construcciones con je y usos caracteristicos de los verbos haber,tener,ver y estar-con las que se pretende profundizar en todos los aspectos del sistema verbal en el siglo xvi dominicano.  como soporte para su realizacion, nos hemos servido de una selecci\u00f3n de documentos de archivo -procedentes tanto del archivo general de indias (sevilla). Como del archivo general de simancas(valladolid)-fechados entre 1509 y 1594 y datados en alguna de las villas o ciudades que fundaron los espa\u00f1oles al llegar a la espa\u00f1ola, lo que nos ha permitido, adem\u00e1s de profundizar en el estudio del verbo en el siglo xvi dominicano, obtener datos concluyentes relativos al estado de lengua que compartieron los primeros pobladores de la america espa\u00f1ola y constatar el momento de \u00abebullicion evolutiva\u00bb (rivarola,1990) que representa el siglo xv, al convivir, todavia, en el algunas formas verbales y construcciones heredadas de la edad media, con una mayoria de usos verbales y esquemas oracionales propios de la lengua moderna.  el analisis ling\u00ed\u00bcistico sigue la recapitulacion, en forma de conclusiones, de los datos m\u00e1s relevantes del mismo. Acaba el trabajo cuantificando los datos con los que se ha trabajado.  en cuanto al metodo de analisis seguido decir que se ha acudido a explicaciones propuestas tanto por la gramatica tradicional, como por el funcionalismo, asi como por el generativismo, pues es un estudio de estas caracteristicas es el metodo que m\u00e1s puede contribuir en la descripci\u00f3n y analisis de un sistema verbal emergente, al aprovechar las aportaciones que se realizan desde una y otra concepcion gramatical.<\/p>\n<p>&nbsp;<\/p>\n<h3>Datos acad\u00e9micos de la tesis doctoral \u00ab<strong>El sistema verbal en el espa\u00f1ol dominicano del siglo xvi<\/strong>\u00ab<\/h3>\n<ul>\n<li><strong>T\u00edtulo de la tesis:<\/strong>\u00a0 El sistema verbal en el espa\u00f1ol dominicano del siglo xvi <\/li>\n<li><strong>Autor:<\/strong>\u00a0 Mar\u00eda  Mar Melendez Matias <\/li>\n<li><strong>Universidad:<\/strong>\u00a0 Valladolid<\/li>\n<li><strong>Fecha de lectura de la tesis:<\/strong>\u00a0 06\/10\/2000<\/li>\n<\/ul>\n<p>&nbsp;<\/p>\n<h3>Direcci\u00f3n y tribunal<\/h3>\n<ul>\n<li><strong>Director de la tesis<\/strong>\n<ul>\n<li> Carrera De La Red Micaela<\/li>\n<\/ul>\n<\/li>\n<li><strong>Tribunal<\/strong>\n<ul>\n<li>Presidente del tribunal:  De granda gutierrez german <\/li>\n<li>Jos\u00e9 Mar\u00eda Enguita utrilla (vocal)<\/li>\n<li>milagros Aleza izquierdo (vocal)<\/li>\n<li>Jos\u00e9 Antonio Samper padilla (vocal)<\/li>\n<\/ul>\n<\/li>\n<\/ul>\n<p>&nbsp;<\/p>\n","protected":false},"excerpt":{"rendered":"<p>Tesis doctoral de Mar\u00eda Mar Melendez Matias Este trabajo, cuyo tema se incribe dentro del marco de la morfosintaxis historica [&hellip;]<\/p>\n","protected":false},"author":1,"featured_media":0,"comment_status":"open","ping_status":"open","sticky":false,"template":"","format":"standard","meta":{"site-sidebar-layout":"default","site-content-layout":"","ast-site-content-layout":"","site-content-style":"default","site-sidebar-style":"default","ast-global-header-display":"","ast-banner-title-visibility":"","ast-main-header-display":"","ast-hfb-above-header-display":"","ast-hfb-below-header-display":"","ast-hfb-mobile-header-display":"","site-post-title":"","ast-breadcrumbs-content":"","ast-featured-img":"","footer-sml-layout":"","theme-transparent-header-meta":"","adv-header-id-meta":"","stick-header-meta":"","header-above-stick-meta":"","header-main-stick-meta":"","header-below-stick-meta":"","astra-migrate-meta-layouts":"default","ast-page-background-enabled":"default","ast-page-background-meta":{"desktop":{"background-color":"var(--ast-global-color-4)","background-image":"","background-repeat":"repeat","background-position":"center center","background-size":"auto","background-attachment":"scroll","background-type":"","background-media":"","overlay-type":"","overlay-color":"","overlay-gradient":""},"tablet":{"background-color":"","background-image":"","background-repeat":"repeat","background-position":"center center","background-size":"auto","background-attachment":"scroll","background-type":"","background-media":"","overlay-type":"","overlay-color":"","overlay-gradient":""},"mobile":{"background-color":"","background-image":"","background-repeat":"repeat","background-position":"center center","background-size":"auto","background-attachment":"scroll","background-type":"","background-media":"","overlay-type":"","overlay-color":"","overlay-gradient":""}},"ast-content-background-meta":{"desktop":{"background-color":"var(--ast-global-color-5)","background-image":"","background-repeat":"repeat","background-position":"center center","background-size":"auto","background-attachment":"scroll","background-type":"","background-media":"","overlay-type":"","overlay-color":"","overlay-gradient":""},"tablet":{"background-color":"var(--ast-global-color-5)","background-image":"","background-repeat":"repeat","background-position":"center center","background-size":"auto","background-attachment":"scroll","background-type":"","background-media":"","overlay-type":"","overlay-color":"","overlay-gradient":""},"mobile":{"background-color":"var(--ast-global-color-5)","background-image":"","background-repeat":"repeat","background-position":"center center","background-size":"auto","background-attachment":"scroll","background-type":"","background-media":"","overlay-type":"","overlay-color":"","overlay-gradient":""}},"footnotes":""},"categories":[1624,2142,104,59,423,590,12451],"tags":[100310,27696,26104,27164,182053,27083],"class_list":["post-86826","post","type-post","status-publish","format-standard","hentry","category-ciencias-auxiliares-de-la-historia","category-filologia","category-historia","category-linguistica","category-linguistica-diacronica","category-linguistica-historica","category-valladolid","tag-carrera-de-la-red-micaela","tag-de-granda-gutierrez-german","tag-jose-antonio-samper-padilla","tag-jose-maria-enguita-utrilla","tag-maria-mar-melendez-matias","tag-milagros-aleza-izquierdo"],"_links":{"self":[{"href":"https:\/\/www.deberes.net\/tesis\/wp-json\/wp\/v2\/posts\/86826","targetHints":{"allow":["GET"]}}],"collection":[{"href":"https:\/\/www.deberes.net\/tesis\/wp-json\/wp\/v2\/posts"}],"about":[{"href":"https:\/\/www.deberes.net\/tesis\/wp-json\/wp\/v2\/types\/post"}],"author":[{"embeddable":true,"href":"https:\/\/www.deberes.net\/tesis\/wp-json\/wp\/v2\/users\/1"}],"replies":[{"embeddable":true,"href":"https:\/\/www.deberes.net\/tesis\/wp-json\/wp\/v2\/comments?post=86826"}],"version-history":[{"count":0,"href":"https:\/\/www.deberes.net\/tesis\/wp-json\/wp\/v2\/posts\/86826\/revisions"}],"wp:attachment":[{"href":"https:\/\/www.deberes.net\/tesis\/wp-json\/wp\/v2\/media?parent=86826"}],"wp:term":[{"taxonomy":"category","embeddable":true,"href":"https:\/\/www.deberes.net\/tesis\/wp-json\/wp\/v2\/categories?post=86826"},{"taxonomy":"post_tag","embeddable":true,"href":"https:\/\/www.deberes.net\/tesis\/wp-json\/wp\/v2\/tags?post=86826"}],"curies":[{"name":"wp","href":"https:\/\/api.w.org\/{rel}","templated":true}]}}