{"id":86843,"date":"2000-06-10T00:00:00","date_gmt":"2000-06-10T00:00:00","guid":{"rendered":"https:\/\/www.deberes.net\/tesis\/sin-categoria\/de-lo-posible-a-lo-necesario-semantica-de-la-modalidad\/"},"modified":"2000-06-10T00:00:00","modified_gmt":"2000-06-10T00:00:00","slug":"de-lo-posible-a-lo-necesario-semantica-de-la-modalidad","status":"publish","type":"post","link":"https:\/\/www.deberes.net\/tesis\/linguistica\/de-lo-posible-a-lo-necesario-semantica-de-la-modalidad\/","title":{"rendered":"De lo posible a lo necesario: semantica de la modalidad"},"content":{"rendered":"<h2>Tesis doctoral de <strong> Mercedes Gonzalez Vazquez <\/strong><\/h2>\n<p>Partiendo que presupuestos de la ling\u00ed\u00bc\u00edstica funcional, llevamos a cabo un analisis de la semantica de las nociones logicas de posibilidad, necesidad y probabilidad. Para su estudio, nos fundamentamos en tres parametros:  1)fuente de informacion, 2)ambito de modificacion modal, 3) naturaleza interna del grado logico. Llegamos asi a una tipolog\u00eda de significados: epistemico, deontico, radical y facultativo. Tras ello pasamos al estudio de las perifrasis modales en espa\u00f1ol, para lo cual asumimos una postura polisemica gradatina, rechazando la monosemia de la teoria de la relevancia.<\/p>\n<p>&nbsp;<\/p>\n<h3>Datos acad\u00e9micos de la tesis doctoral \u00ab<strong>De lo posible a lo necesario: semantica de la modalidad<\/strong>\u00ab<\/h3>\n<ul>\n<li><strong>T\u00edtulo de la tesis:<\/strong>\u00a0 De lo posible a lo necesario: semantica de la modalidad <\/li>\n<li><strong>Autor:<\/strong>\u00a0 Mercedes Gonzalez Vazquez <\/li>\n<li><strong>Universidad:<\/strong>\u00a0 Vigo<\/li>\n<li><strong>Fecha de lectura de la tesis:<\/strong>\u00a0 06\/10\/2000<\/li>\n<\/ul>\n<p>&nbsp;<\/p>\n<h3>Direcci\u00f3n y tribunal<\/h3>\n<ul>\n<li><strong>Director de la tesis<\/strong>\n<ul>\n<li>miguel Gallego Jos\u00e9 M. Garcia<\/li>\n<\/ul>\n<\/li>\n<li><strong>Tribunal<\/strong>\n<ul>\n<li>Presidente del tribunal: salvador Guti\u00e9rrez ord\u00f3\u00f1ez <\/li>\n<li> Costa campos M\u00aa enriqueta (vocal)<\/li>\n<li>cornelis Hengevelo pieter (vocal)<\/li>\n<li>alejandro Veiga rodriguez (vocal)<\/li>\n<\/ul>\n<\/li>\n<\/ul>\n<p>&nbsp;<\/p>\n","protected":false},"excerpt":{"rendered":"<p>Tesis doctoral de Mercedes Gonzalez Vazquez Partiendo que presupuestos de la ling\u00ed\u00bc\u00edstica funcional, llevamos a cabo un analisis de la [&hellip;]<\/p>\n","protected":false},"author":1,"featured_media":0,"comment_status":"open","ping_status":"open","sticky":false,"template":"","format":"standard","meta":{"site-sidebar-layout":"default","site-content-layout":"","ast-site-content-layout":"","site-content-style":"default","site-sidebar-style":"default","ast-global-header-display":"","ast-banner-title-visibility":"","ast-main-header-display":"","ast-hfb-above-header-display":"","ast-hfb-below-header-display":"","ast-hfb-mobile-header-display":"","site-post-title":"","ast-breadcrumbs-content":"","ast-featured-img":"","footer-sml-layout":"","theme-transparent-header-meta":"","adv-header-id-meta":"","stick-header-meta":"","header-above-stick-meta":"","header-main-stick-meta":"","header-below-stick-meta":"","astra-migrate-meta-layouts":"default","ast-page-background-enabled":"default","ast-page-background-meta":{"desktop":{"background-color":"var(--ast-global-color-4)","background-image":"","background-repeat":"repeat","background-position":"center center","background-size":"auto","background-attachment":"scroll","background-type":"","background-media":"","overlay-type":"","overlay-color":"","overlay-gradient":""},"tablet":{"background-color":"","background-image":"","background-repeat":"repeat","background-position":"center center","background-size":"auto","background-attachment":"scroll","background-type":"","background-media":"","overlay-type":"","overlay-color":"","overlay-gradient":""},"mobile":{"background-color":"","background-image":"","background-repeat":"repeat","background-position":"center center","background-size":"auto","background-attachment":"scroll","background-type":"","background-media":"","overlay-type":"","overlay-color":"","overlay-gradient":""}},"ast-content-background-meta":{"desktop":{"background-color":"var(--ast-global-color-5)","background-image":"","background-repeat":"repeat","background-position":"center center","background-size":"auto","background-attachment":"scroll","background-type":"","background-media":"","overlay-type":"","overlay-color":"","overlay-gradient":""},"tablet":{"background-color":"var(--ast-global-color-5)","background-image":"","background-repeat":"repeat","background-position":"center center","background-size":"auto","background-attachment":"scroll","background-type":"","background-media":"","overlay-type":"","overlay-color":"","overlay-gradient":""},"mobile":{"background-color":"var(--ast-global-color-5)","background-image":"","background-repeat":"repeat","background-position":"center center","background-size":"auto","background-attachment":"scroll","background-type":"","background-media":"","overlay-type":"","overlay-color":"","overlay-gradient":""}},"footnotes":""},"categories":[59,62,886,3016,18657],"tags":[53566,182078,182077,182075,182076,3018],"class_list":["post-86843","post","type-post","status-publish","format-standard","hentry","category-linguistica","category-linguistica-sincronica","category-semantica","category-teoria-linguistica","category-vigo","tag-alejandro-veiga-rodriguez","tag-cornelis-hengevelo-pieter","tag-costa-campos-ma-enriqueta","tag-mercedes-gonzalez-vazquez","tag-miguel-gallego-jose-m-garcia","tag-salvador-gutierrez-ordonez"],"_links":{"self":[{"href":"https:\/\/www.deberes.net\/tesis\/wp-json\/wp\/v2\/posts\/86843","targetHints":{"allow":["GET"]}}],"collection":[{"href":"https:\/\/www.deberes.net\/tesis\/wp-json\/wp\/v2\/posts"}],"about":[{"href":"https:\/\/www.deberes.net\/tesis\/wp-json\/wp\/v2\/types\/post"}],"author":[{"embeddable":true,"href":"https:\/\/www.deberes.net\/tesis\/wp-json\/wp\/v2\/users\/1"}],"replies":[{"embeddable":true,"href":"https:\/\/www.deberes.net\/tesis\/wp-json\/wp\/v2\/comments?post=86843"}],"version-history":[{"count":0,"href":"https:\/\/www.deberes.net\/tesis\/wp-json\/wp\/v2\/posts\/86843\/revisions"}],"wp:attachment":[{"href":"https:\/\/www.deberes.net\/tesis\/wp-json\/wp\/v2\/media?parent=86843"}],"wp:term":[{"taxonomy":"category","embeddable":true,"href":"https:\/\/www.deberes.net\/tesis\/wp-json\/wp\/v2\/categories?post=86843"},{"taxonomy":"post_tag","embeddable":true,"href":"https:\/\/www.deberes.net\/tesis\/wp-json\/wp\/v2\/tags?post=86843"}],"curies":[{"name":"wp","href":"https:\/\/api.w.org\/{rel}","templated":true}]}}