{"id":86922,"date":"2018-03-10T00:11:38","date_gmt":"2018-03-10T00:11:38","guid":{"rendered":"https:\/\/www.deberes.net\/tesis\/sin-categoria\/els-verbs-haver-i-esser-en-la-formacio-dels-temps-compostos-de-perfect-en-catala\/"},"modified":"2018-03-10T00:11:38","modified_gmt":"2018-03-10T00:11:38","slug":"els-verbs-haver-i-esser-en-la-formacio-dels-temps-compostos-de-perfect-en-catala","status":"publish","type":"post","link":"https:\/\/www.deberes.net\/tesis\/linguistica\/els-verbs-haver-i-esser-en-la-formacio-dels-temps-compostos-de-perfect-en-catala\/","title":{"rendered":"Els verbs haver i esser en la formacio dels temps compostos de perfect en catala"},"content":{"rendered":"<h2>Tesis doctoral de <strong> Mar\u00eda  Del Mar Batlle Gutierrez <\/strong><\/h2>\n<p>Esta investigaci\u00f3n se centra en el estudio de la evoluci\u00f3n de los verbos que funcionan como auxiliares en la formaci\u00f3n de los tiempos compuestos en catal\u00e1n. Como todas las lenguas rom\u00e1nicas originalmente, el catal\u00e1n presenta un sistema basado en el uso de dos verbos auxiliares, haver y \u00e9sser. Este sistema evoluciona y se simplifica. De manera que \u00e9sser desaparece progresivamente de este \u00e1mbito y haver se acaba consolidando como \u00fanico auxiliar.  a partir de la informaci\u00f3n obtenida de un corpus, se presenta una descripci\u00f3n detallada de los \u00e1mbitos en que aparecen ambos auxiliares. I trous el an\u00e1lisis comparativo de los ejemplos en que haver ya aparece como auxiliar, se apunta la hip\u00f3tesis sobre c\u00f3mo y porque haver puede introducirse en el \u00e1mbito de \u00e9sser.  i a pesar de que se trata de un estudio centrado en el catal\u00e1n, la primera parte del estudio est\u00e1 dedicada a los antecedentes latinos de estas construcciones y a los verbos medios latinos, puesto que son los precedentes de los verbos y construcciones analizados en el corpus. Tambi\u00e9n se alude a la citada evoluci\u00f3n en las lenguas rom\u00e1nicas pr\u00f3ximas al catal\u00e1n.<\/p>\n<p>&nbsp;<\/p>\n<h3>Datos acad\u00e9micos de la tesis doctoral \u00ab<strong>Els verbs haver i esser en la formacio dels temps compostos de perfect en catala<\/strong>\u00ab<\/h3>\n<ul>\n<li><strong>T\u00edtulo de la tesis:<\/strong>\u00a0 Els verbs haver i esser en la formacio dels temps compostos de perfect en catala <\/li>\n<li><strong>Autor:<\/strong>\u00a0 Mar\u00eda  Del Mar Batlle Gutierrez <\/li>\n<li><strong>Universidad:<\/strong>\u00a0 Barcelona<\/li>\n<li><strong>Fecha de lectura de la tesis:<\/strong>\u00a0 16\/10\/2000<\/li>\n<\/ul>\n<p>&nbsp;<\/p>\n<h3>Direcci\u00f3n y tribunal<\/h3>\n<ul>\n<li><strong>Director de la tesis<\/strong>\n<ul>\n<li>Josep Moran Olerinjauregui<\/li>\n<\/ul>\n<\/li>\n<li><strong>Tribunal<\/strong>\n<ul>\n<li>Presidente del tribunal: joan Veny clar <\/li>\n<li>Manuel Perez saldanya (vocal)<\/li>\n<li>coloma Lleal galceran (vocal)<\/li>\n<li>joan Marti castell (vocal)<\/li>\n<\/ul>\n<\/li>\n<\/ul>\n<p>&nbsp;<\/p>\n","protected":false},"excerpt":{"rendered":"<p>Tesis doctoral de Mar\u00eda Del Mar Batlle Gutierrez Esta investigaci\u00f3n se centra en el estudio de la evoluci\u00f3n de los [&hellip;]<\/p>\n","protected":false},"author":1,"featured_media":0,"comment_status":"open","ping_status":"open","sticky":false,"template":"","format":"standard","meta":{"site-sidebar-layout":"default","site-content-layout":"","ast-site-content-layout":"","site-content-style":"default","site-sidebar-style":"default","ast-global-header-display":"","ast-banner-title-visibility":"","ast-main-header-display":"","ast-hfb-above-header-display":"","ast-hfb-below-header-display":"","ast-hfb-mobile-header-display":"","site-post-title":"","ast-breadcrumbs-content":"","ast-featured-img":"","footer-sml-layout":"","theme-transparent-header-meta":"","adv-header-id-meta":"","stick-header-meta":"","header-above-stick-meta":"","header-main-stick-meta":"","header-below-stick-meta":"","astra-migrate-meta-layouts":"default","ast-page-background-enabled":"default","ast-page-background-meta":{"desktop":{"background-color":"var(--ast-global-color-4)","background-image":"","background-repeat":"repeat","background-position":"center center","background-size":"auto","background-attachment":"scroll","background-type":"","background-media":"","overlay-type":"","overlay-color":"","overlay-gradient":""},"tablet":{"background-color":"","background-image":"","background-repeat":"repeat","background-position":"center center","background-size":"auto","background-attachment":"scroll","background-type":"","background-media":"","overlay-type":"","overlay-color":"","overlay-gradient":""},"mobile":{"background-color":"","background-image":"","background-repeat":"repeat","background-position":"center center","background-size":"auto","background-attachment":"scroll","background-type":"","background-media":"","overlay-type":"","overlay-color":"","overlay-gradient":""}},"ast-content-background-meta":{"desktop":{"background-color":"var(--ast-global-color-5)","background-image":"","background-repeat":"repeat","background-position":"center center","background-size":"auto","background-attachment":"scroll","background-type":"","background-media":"","overlay-type":"","overlay-color":"","overlay-gradient":""},"tablet":{"background-color":"var(--ast-global-color-5)","background-image":"","background-repeat":"repeat","background-position":"center center","background-size":"auto","background-attachment":"scroll","background-type":"","background-media":"","overlay-type":"","overlay-color":"","overlay-gradient":""},"mobile":{"background-color":"var(--ast-global-color-5)","background-image":"","background-repeat":"repeat","background-position":"center center","background-size":"auto","background-attachment":"scroll","background-type":"","background-media":"","overlay-type":"","overlay-color":"","overlay-gradient":""}},"footnotes":""},"categories":[951,59,423,590],"tags":[43675,33016,13535,182187,27604,182186],"class_list":["post-86922","post","type-post","status-publish","format-standard","hentry","category-barcelona","category-linguistica","category-linguistica-diacronica","category-linguistica-historica","tag-coloma-lleal-galceran","tag-joan-marti-castell","tag-joan-veny-clar","tag-josep-moran-olerinjauregui","tag-manuel-perez-saldanya","tag-maria-del-mar-batlle-gutierrez"],"_links":{"self":[{"href":"https:\/\/www.deberes.net\/tesis\/wp-json\/wp\/v2\/posts\/86922","targetHints":{"allow":["GET"]}}],"collection":[{"href":"https:\/\/www.deberes.net\/tesis\/wp-json\/wp\/v2\/posts"}],"about":[{"href":"https:\/\/www.deberes.net\/tesis\/wp-json\/wp\/v2\/types\/post"}],"author":[{"embeddable":true,"href":"https:\/\/www.deberes.net\/tesis\/wp-json\/wp\/v2\/users\/1"}],"replies":[{"embeddable":true,"href":"https:\/\/www.deberes.net\/tesis\/wp-json\/wp\/v2\/comments?post=86922"}],"version-history":[{"count":0,"href":"https:\/\/www.deberes.net\/tesis\/wp-json\/wp\/v2\/posts\/86922\/revisions"}],"wp:attachment":[{"href":"https:\/\/www.deberes.net\/tesis\/wp-json\/wp\/v2\/media?parent=86922"}],"wp:term":[{"taxonomy":"category","embeddable":true,"href":"https:\/\/www.deberes.net\/tesis\/wp-json\/wp\/v2\/categories?post=86922"},{"taxonomy":"post_tag","embeddable":true,"href":"https:\/\/www.deberes.net\/tesis\/wp-json\/wp\/v2\/tags?post=86922"}],"curies":[{"name":"wp","href":"https:\/\/api.w.org\/{rel}","templated":true}]}}