{"id":86936,"date":"2018-03-10T00:11:38","date_gmt":"2018-03-10T00:11:38","guid":{"rendered":"https:\/\/www.deberes.net\/tesis\/sin-categoria\/la-imagen-como-lenguaje-en-la-narrativa-actual-el-caso-de-a-bryce-echenique\/"},"modified":"2018-03-10T00:11:38","modified_gmt":"2018-03-10T00:11:38","slug":"la-imagen-como-lenguaje-en-la-narrativa-actual-el-caso-de-a-bryce-echenique","status":"publish","type":"post","link":"https:\/\/www.deberes.net\/tesis\/ciencias-de-las-artes-y-las-letras\/la-imagen-como-lenguaje-en-la-narrativa-actual-el-caso-de-a-bryce-echenique\/","title":{"rendered":"La imagen como lenguaje en la narrativa actual: el caso de a. bryce echenique"},"content":{"rendered":"<h2>Tesis doctoral de <strong>  Bourhan El-din Khalil Mar\u00eda m <\/strong><\/h2>\n<p>La tesis trata el tema del campo compartativo de las interrelaciones entre las artes. Se estudia la situaci\u00f3n de la narrativa actual(el particular caso de a. Bryce echenique), con respecto a la influencia e infiltraci\u00f3n de los modelos y procedimientos f\u00edlmicos en la estructura de la narraci\u00f3n verbal. El estudio se centra en las modificaciones en el plano de la expresi\u00f3n y que se manifiestan en las nuevas funciones de los elementos que configuran la narrativa actual. De este modo, se analiza el narrador, sus funciones y las modificaciones que surgen a ra\u00edz de la infiltraci\u00f3n de la t\u00e9cnica cinematogr\u00e1fica del montaje. Asimismo, se analiza el espacio y el tiempo, la presentaci\u00f3n de los personajes y la estructuraci\u00f3n de los sucesos narrativos.  por otra parte, se investiga el modo de empleo de la m\u00fasica en la narrativa de bryce echenique. Se ha observado la presencia de este elemento en sus novelas y sus cuentos, realizando las mismas tareas que en una narraci\u00f3n audiovisual.<\/p>\n<p>&nbsp;<\/p>\n<h3>Datos acad\u00e9micos de la tesis doctoral \u00ab<strong>La imagen como lenguaje en la narrativa actual: el caso de a. bryce echenique<\/strong>\u00ab<\/h3>\n<ul>\n<li><strong>T\u00edtulo de la tesis:<\/strong>\u00a0 La imagen como lenguaje en la narrativa actual: el caso de a. bryce echenique <\/li>\n<li><strong>Autor:<\/strong>\u00a0  Bourhan El-din Khalil Mar\u00eda m <\/li>\n<li><strong>Universidad:<\/strong>\u00a0 Complutense de Madrid<\/li>\n<li><strong>Fecha de lectura de la tesis:<\/strong>\u00a0 17\/10\/2000<\/li>\n<\/ul>\n<p>&nbsp;<\/p>\n<h3>Direcci\u00f3n y tribunal<\/h3>\n<ul>\n<li><strong>Director de la tesis<\/strong>\n<ul>\n<li> Oviedo P\u00e9rez De Tudela Rocio<\/li>\n<\/ul>\n<\/li>\n<li><strong>Tribunal<\/strong>\n<ul>\n<li>Presidente del tribunal:  Sainz de medrano arce Luis <\/li>\n<li> De mora valcarcel carmen (vocal)<\/li>\n<li>teodosio Fernandez rodriguez (vocal)<\/li>\n<li> Gonz\u00e1lez torga Jos\u00e9 Manuel (vocal)<\/li>\n<\/ul>\n<\/li>\n<\/ul>\n<p>&nbsp;<\/p>\n","protected":false},"excerpt":{"rendered":"<p>Tesis doctoral de Bourhan El-din Khalil Mar\u00eda m La tesis trata el tema del campo compartativo de las interrelaciones entre [&hellip;]<\/p>\n","protected":false},"author":1,"featured_media":0,"comment_status":"open","ping_status":"open","sticky":false,"template":"","format":"standard","meta":{"site-sidebar-layout":"default","site-content-layout":"","ast-site-content-layout":"","site-content-style":"default","site-sidebar-style":"default","ast-global-header-display":"","ast-banner-title-visibility":"","ast-main-header-display":"","ast-hfb-above-header-display":"","ast-hfb-below-header-display":"","ast-hfb-mobile-header-display":"","site-post-title":"","ast-breadcrumbs-content":"","ast-featured-img":"","footer-sml-layout":"","theme-transparent-header-meta":"","adv-header-id-meta":"","stick-header-meta":"","header-above-stick-meta":"","header-main-stick-meta":"","header-below-stick-meta":"","astra-migrate-meta-layouts":"default","ast-page-background-enabled":"default","ast-page-background-meta":{"desktop":{"background-color":"var(--ast-global-color-4)","background-image":"","background-repeat":"repeat","background-position":"center center","background-size":"auto","background-attachment":"scroll","background-type":"","background-media":"","overlay-type":"","overlay-color":"","overlay-gradient":""},"tablet":{"background-color":"","background-image":"","background-repeat":"repeat","background-position":"center center","background-size":"auto","background-attachment":"scroll","background-type":"","background-media":"","overlay-type":"","overlay-color":"","overlay-gradient":""},"mobile":{"background-color":"","background-image":"","background-repeat":"repeat","background-position":"center center","background-size":"auto","background-attachment":"scroll","background-type":"","background-media":"","overlay-type":"","overlay-color":"","overlay-gradient":""}},"ast-content-background-meta":{"desktop":{"background-color":"var(--ast-global-color-5)","background-image":"","background-repeat":"repeat","background-position":"center center","background-size":"auto","background-attachment":"scroll","background-type":"","background-media":"","overlay-type":"","overlay-color":"","overlay-gradient":""},"tablet":{"background-color":"var(--ast-global-color-5)","background-image":"","background-repeat":"repeat","background-position":"center center","background-size":"auto","background-attachment":"scroll","background-type":"","background-media":"","overlay-type":"","overlay-color":"","overlay-gradient":""},"mobile":{"background-color":"var(--ast-global-color-5)","background-image":"","background-repeat":"repeat","background-position":"center center","background-size":"auto","background-attachment":"scroll","background-type":"","background-media":"","overlay-type":"","overlay-color":"","overlay-gradient":""}},"footnotes":""},"categories":[148,147,628],"tags":[182205,10914,40012,42267,5871,4849],"class_list":["post-86936","post","type-post","status-publish","format-standard","hentry","category-analisis-literario","category-ciencias-de-las-artes-y-las-letras","category-teoria-analisis-y-critica-literarios","tag-bourhan-el-din-khalil-maria-m","tag-de-mora-valcarcel-carmen","tag-gonzalez-torga-jose-manuel","tag-oviedo-perez-de-tudela-rocio","tag-sainz-de-medrano-arce-luis","tag-teodosio-fernandez-rodriguez"],"_links":{"self":[{"href":"https:\/\/www.deberes.net\/tesis\/wp-json\/wp\/v2\/posts\/86936","targetHints":{"allow":["GET"]}}],"collection":[{"href":"https:\/\/www.deberes.net\/tesis\/wp-json\/wp\/v2\/posts"}],"about":[{"href":"https:\/\/www.deberes.net\/tesis\/wp-json\/wp\/v2\/types\/post"}],"author":[{"embeddable":true,"href":"https:\/\/www.deberes.net\/tesis\/wp-json\/wp\/v2\/users\/1"}],"replies":[{"embeddable":true,"href":"https:\/\/www.deberes.net\/tesis\/wp-json\/wp\/v2\/comments?post=86936"}],"version-history":[{"count":0,"href":"https:\/\/www.deberes.net\/tesis\/wp-json\/wp\/v2\/posts\/86936\/revisions"}],"wp:attachment":[{"href":"https:\/\/www.deberes.net\/tesis\/wp-json\/wp\/v2\/media?parent=86936"}],"wp:term":[{"taxonomy":"category","embeddable":true,"href":"https:\/\/www.deberes.net\/tesis\/wp-json\/wp\/v2\/categories?post=86936"},{"taxonomy":"post_tag","embeddable":true,"href":"https:\/\/www.deberes.net\/tesis\/wp-json\/wp\/v2\/tags?post=86936"}],"curies":[{"name":"wp","href":"https:\/\/api.w.org\/{rel}","templated":true}]}}