{"id":86942,"date":"2018-03-10T00:11:38","date_gmt":"2018-03-10T00:11:38","guid":{"rendered":"https:\/\/www.deberes.net\/tesis\/sin-categoria\/comentario-y-traduccion-del-diccionario-de-musica-de-j-j-rousseau\/"},"modified":"2018-03-10T00:11:38","modified_gmt":"2018-03-10T00:11:38","slug":"comentario-y-traduccion-del-diccionario-de-musica-de-j-j-rousseau","status":"publish","type":"post","link":"https:\/\/www.deberes.net\/tesis\/historia\/comentario-y-traduccion-del-diccionario-de-musica-de-j-j-rousseau\/","title":{"rendered":"Comentario y traducci\u00f3n del diccionario de m\u00fasica de j.j. rousseau"},"content":{"rendered":"<h2>Tesis doctoral de <strong> Jos\u00e9 Luis De La Fuente Charfol\u00e9 <\/strong><\/h2>\n<p>Desde la versi\u00f3n inglesa del diccionario de m\u00fasica de j.J. Rousseau, realizada por william waring en 1771, hasta la aportaci\u00f3n alemana meramente testimonial de dorothea y peter g\u00ed\u00bclke en 1984, la presente tesis lleva a cabo la primera traducci\u00f3n integral y comparada del diccionario de m\u00fasica de rousseau realizada en espa\u00f1a hasta el momento. El diccionario ha servido como una fuente testimonial m\u00e1s del pensamiento est\u00e9tico del autor aunque el texto continu\u00e9 siendo un desconocido en la inmensa mayor\u00eda de centros de estudio, bibliotecas y organismos de nuestro pa\u00eds. La necesidad colateral de interpretar la obra llev\u00f3 a interrogar la trayectoria musical del autor en un intento de restablecer su sonoridad original. El comentario incluye el an\u00e1lisis del personaje y la puesta en claro de los verdaderos motivos que impulsaron al pensador de ginebra a elaborar este trabajo lexicogr\u00e1fico peculiar, tan alejado de la normalidad de su actividad fundamental. Asimismo se evidencia la influencia que tuvo el texto en autores como fernando palat\u00edn o el music\u00f3logo felipe pedrell, cuyo diccionario t\u00e9cnico de la m\u00fasica pasa a engrosar la ya dilatada lista de plagios detallada en la tesis de thomas w. Hunt.<\/p>\n<p>&nbsp;<\/p>\n<h3>Datos acad\u00e9micos de la tesis doctoral \u00ab<strong>Comentario y traducci\u00f3n del diccionario de m\u00fasica de j.j. rousseau<\/strong>\u00ab<\/h3>\n<ul>\n<li><strong>T\u00edtulo de la tesis:<\/strong>\u00a0 Comentario y traducci\u00f3n del diccionario de m\u00fasica de j.j. rousseau <\/li>\n<li><strong>Autor:<\/strong>\u00a0 Jos\u00e9 Luis De La Fuente Charfol\u00e9 <\/li>\n<li><strong>Universidad:<\/strong>\u00a0 Zaragoza<\/li>\n<li><strong>Fecha de lectura de la tesis:<\/strong>\u00a0 17\/10\/2000<\/li>\n<\/ul>\n<p>&nbsp;<\/p>\n<h3>Direcci\u00f3n y tribunal<\/h3>\n<ul>\n<li><strong>Director de la tesis<\/strong>\n<ul>\n<li>Daniel Innerarity Grau<\/li>\n<\/ul>\n<\/li>\n<li><strong>Tribunal<\/strong>\n<ul>\n<li>Presidente del tribunal: jacinto Luis Choza armenta <\/li>\n<li> Blasco aznar pedro Luis (vocal)<\/li>\n<li>Javier Hernandez-pacheco sanz (vocal)<\/li>\n<li>david Median girona (vocal)<\/li>\n<\/ul>\n<\/li>\n<\/ul>\n<p>&nbsp;<\/p>\n","protected":false},"excerpt":{"rendered":"<p>Tesis doctoral de Jos\u00e9 Luis De La Fuente Charfol\u00e9 Desde la versi\u00f3n inglesa del diccionario de m\u00fasica de j.J. Rousseau, [&hellip;]<\/p>\n","protected":false},"author":1,"featured_media":0,"comment_status":"open","ping_status":"open","sticky":false,"template":"","format":"standard","meta":{"site-sidebar-layout":"default","site-content-layout":"","ast-site-content-layout":"","site-content-style":"default","site-sidebar-style":"default","ast-global-header-display":"","ast-banner-title-visibility":"","ast-main-header-display":"","ast-hfb-above-header-display":"","ast-hfb-below-header-display":"","ast-hfb-mobile-header-display":"","site-post-title":"","ast-breadcrumbs-content":"","ast-featured-img":"","footer-sml-layout":"","theme-transparent-header-meta":"","adv-header-id-meta":"","stick-header-meta":"","header-above-stick-meta":"","header-main-stick-meta":"","header-below-stick-meta":"","astra-migrate-meta-layouts":"default","ast-page-background-enabled":"default","ast-page-background-meta":{"desktop":{"background-color":"var(--ast-global-color-4)","background-image":"","background-repeat":"repeat","background-position":"center center","background-size":"auto","background-attachment":"scroll","background-type":"","background-media":"","overlay-type":"","overlay-color":"","overlay-gradient":""},"tablet":{"background-color":"","background-image":"","background-repeat":"repeat","background-position":"center center","background-size":"auto","background-attachment":"scroll","background-type":"","background-media":"","overlay-type":"","overlay-color":"","overlay-gradient":""},"mobile":{"background-color":"","background-image":"","background-repeat":"repeat","background-position":"center center","background-size":"auto","background-attachment":"scroll","background-type":"","background-media":"","overlay-type":"","overlay-color":"","overlay-gradient":""}},"ast-content-background-meta":{"desktop":{"background-color":"var(--ast-global-color-5)","background-image":"","background-repeat":"repeat","background-position":"center center","background-size":"auto","background-attachment":"scroll","background-type":"","background-media":"","overlay-type":"","overlay-color":"","overlay-gradient":""},"tablet":{"background-color":"var(--ast-global-color-5)","background-image":"","background-repeat":"repeat","background-position":"center center","background-size":"auto","background-attachment":"scroll","background-type":"","background-media":"","overlay-type":"","overlay-color":"","overlay-gradient":""},"mobile":{"background-color":"var(--ast-global-color-5)","background-image":"","background-repeat":"repeat","background-position":"center center","background-size":"auto","background-attachment":"scroll","background-type":"","background-media":"","overlay-type":"","overlay-color":"","overlay-gradient":""}},"footnotes":""},"categories":[165,956,104,7632,222,13610],"tags":[107534,17910,182214,10848,47047,58894],"class_list":["post-86942","post","type-post","status-publish","format-standard","hentry","category-filosofia","category-filosofia-del-conocimiento","category-historia","category-historia-de-la-musica","category-historias-especializadas","category-zaragoza","tag-blasco-aznar-pedro-luis","tag-daniel-innerarity-grau","tag-david-median-girona","tag-jacinto-luis-choza-armenta","tag-javier-hernandez-pacheco-sanz","tag-jose-luis-de-la-fuente-charfole"],"_links":{"self":[{"href":"https:\/\/www.deberes.net\/tesis\/wp-json\/wp\/v2\/posts\/86942","targetHints":{"allow":["GET"]}}],"collection":[{"href":"https:\/\/www.deberes.net\/tesis\/wp-json\/wp\/v2\/posts"}],"about":[{"href":"https:\/\/www.deberes.net\/tesis\/wp-json\/wp\/v2\/types\/post"}],"author":[{"embeddable":true,"href":"https:\/\/www.deberes.net\/tesis\/wp-json\/wp\/v2\/users\/1"}],"replies":[{"embeddable":true,"href":"https:\/\/www.deberes.net\/tesis\/wp-json\/wp\/v2\/comments?post=86942"}],"version-history":[{"count":0,"href":"https:\/\/www.deberes.net\/tesis\/wp-json\/wp\/v2\/posts\/86942\/revisions"}],"wp:attachment":[{"href":"https:\/\/www.deberes.net\/tesis\/wp-json\/wp\/v2\/media?parent=86942"}],"wp:term":[{"taxonomy":"category","embeddable":true,"href":"https:\/\/www.deberes.net\/tesis\/wp-json\/wp\/v2\/categories?post=86942"},{"taxonomy":"post_tag","embeddable":true,"href":"https:\/\/www.deberes.net\/tesis\/wp-json\/wp\/v2\/tags?post=86942"}],"curies":[{"name":"wp","href":"https:\/\/api.w.org\/{rel}","templated":true}]}}