{"id":86948,"date":"2018-03-10T00:11:38","date_gmt":"2018-03-10T00:11:38","guid":{"rendered":"https:\/\/www.deberes.net\/tesis\/sin-categoria\/sobre-el-problema-linga%c2%bcistico-de-los-interfijos-espanoles\/"},"modified":"2018-03-10T00:11:38","modified_gmt":"2018-03-10T00:11:38","slug":"sobre-el-problema-linga%c2%bcistico-de-los-interfijos-espanoles","status":"publish","type":"post","link":"https:\/\/www.deberes.net\/tesis\/lexicologia\/sobre-el-problema-linga%c2%bcistico-de-los-interfijos-espanoles\/","title":{"rendered":"Sobre el problema linguistico de los interfijos espa\u00f1oles."},"content":{"rendered":"<h2>Tesis doctoral de <strong>  Martin Camacho Jos\u00e9 Carlos <\/strong><\/h2>\n<p>Esta tesis investiga la posible existencia en espa\u00f1ol de interfijos, esto es, de afijos que actuar\u00edan en la formaci\u00f3n de nuevas palabras intercal\u00e1ndose entre la ra\u00edz y otro afijo derivativo: tipo hum-ar-eda o camion-c-ito.  tal objetivo e plantea no como un simple estudio de gram\u00e1tica espa\u00f1ola, sino como una cuesti\u00f3n de ling\u00ed\u00bc\u00edstica y morfolog\u00eda generales, de modo que el an\u00e1lisis formal de las palabras espa\u00f1olas que diversos autores han definido como portadoras de interfijos se fundamenta en el intento previo de determinar cu\u00e1les son y c\u00f3mo funcionan las unidades del plano morf\u00f3logico del lenguaje.  partiendo de esas premisas, se llega a la conclusi\u00f3n de que ni las pruebas emp\u00edricas ni las te\u00f3ricas avalan la posibilidad de afirmar la existencia en espa\u00f1ol de tal clase de afijos:  formalmente, se intenta demostrar que los hipot\u00e9ticos casos de interfijaci\u00f3n corresponden al resultado de procesos morfol\u00f3gicos especiales, no coincidentes con la mera derivaci\u00f3n en el sentido en que suele ser definida en los manuales de morfolog\u00eda, o a los efectos de la evoluci\u00f3n diacr\u00f3nica, que frecuentamente borra las huellas del verdadero origen de las palabras.  desde el punto de vista te\u00f3rica, se argumenta que el concepto de interfijo dif\u00edcilmente cuadra con el de morfema, pues a \u00e9l se le atribuyen rasgos y funciones muy distintos de los que caracterizan a los verdaderos afijos.<\/p>\n<p>&nbsp;<\/p>\n<h3>Datos acad\u00e9micos de la tesis doctoral \u00ab<strong>Sobre el problema linguistico de los interfijos espa\u00f1oles.<\/strong>\u00ab<\/h3>\n<ul>\n<li><strong>T\u00edtulo de la tesis:<\/strong>\u00a0 Sobre el problema linguistico de los interfijos espa\u00f1oles. <\/li>\n<li><strong>Autor:<\/strong>\u00a0  Martin Camacho Jos\u00e9 Carlos <\/li>\n<li><strong>Universidad:<\/strong>\u00a0 Extremadura<\/li>\n<li><strong>Fecha de lectura de la tesis:<\/strong>\u00a0 18\/10\/2000<\/li>\n<\/ul>\n<p>&nbsp;<\/p>\n<h3>Direcci\u00f3n y tribunal<\/h3>\n<ul>\n<li><strong>Director de la tesis<\/strong>\n<ul>\n<li>Jos\u00e9 Manuel Gonz\u00e1lez Calvo<\/li>\n<\/ul>\n<\/li>\n<li><strong>Tribunal<\/strong>\n<ul>\n<li>Presidente del tribunal: manuel Alvar ezquera <\/li>\n<li>Luis Santos r\u00edo (vocal)<\/li>\n<li>salvador Guti\u00e9rrez ord\u00f3\u00f1ez (vocal)<\/li>\n<li>Miguel \u00e1ngel Rebollo tor\u00edo (vocal)<\/li>\n<\/ul>\n<\/li>\n<\/ul>\n<p>&nbsp;<\/p>\n","protected":false},"excerpt":{"rendered":"<p>Tesis doctoral de Martin Camacho Jos\u00e9 Carlos Esta tesis investiga la posible existencia en espa\u00f1ol de interfijos, esto es, de [&hellip;]<\/p>\n","protected":false},"author":1,"featured_media":0,"comment_status":"open","ping_status":"open","sticky":false,"template":"","format":"standard","meta":{"site-sidebar-layout":"default","site-content-layout":"","ast-site-content-layout":"","site-content-style":"default","site-sidebar-style":"default","ast-global-header-display":"","ast-banner-title-visibility":"","ast-main-header-display":"","ast-hfb-above-header-display":"","ast-hfb-below-header-display":"","ast-hfb-mobile-header-display":"","site-post-title":"","ast-breadcrumbs-content":"","ast-featured-img":"","footer-sml-layout":"","theme-transparent-header-meta":"","adv-header-id-meta":"","stick-header-meta":"","header-above-stick-meta":"","header-main-stick-meta":"","header-below-stick-meta":"","astra-migrate-meta-layouts":"default","ast-page-background-enabled":"default","ast-page-background-meta":{"desktop":{"background-color":"var(--ast-global-color-4)","background-image":"","background-repeat":"repeat","background-position":"center center","background-size":"auto","background-attachment":"scroll","background-type":"","background-media":"","overlay-type":"","overlay-color":"","overlay-gradient":""},"tablet":{"background-color":"","background-image":"","background-repeat":"repeat","background-position":"center center","background-size":"auto","background-attachment":"scroll","background-type":"","background-media":"","overlay-type":"","overlay-color":"","overlay-gradient":""},"mobile":{"background-color":"","background-image":"","background-repeat":"repeat","background-position":"center center","background-size":"auto","background-attachment":"scroll","background-type":"","background-media":"","overlay-type":"","overlay-color":"","overlay-gradient":""}},"ast-content-background-meta":{"desktop":{"background-color":"var(--ast-global-color-5)","background-image":"","background-repeat":"repeat","background-position":"center center","background-size":"auto","background-attachment":"scroll","background-type":"","background-media":"","overlay-type":"","overlay-color":"","overlay-gradient":""},"tablet":{"background-color":"var(--ast-global-color-5)","background-image":"","background-repeat":"repeat","background-position":"center center","background-size":"auto","background-attachment":"scroll","background-type":"","background-media":"","overlay-type":"","overlay-color":"","overlay-gradient":""},"mobile":{"background-color":"var(--ast-global-color-5)","background-image":"","background-repeat":"repeat","background-position":"center center","background-size":"auto","background-attachment":"scroll","background-type":"","background-media":"","overlay-type":"","overlay-color":"","overlay-gradient":""}},"footnotes":""},"categories":[949,2301,61,886,3016],"tags":[19503,22552,182221,182220,19502,3018],"class_list":["post-86948","post","type-post","status-publish","format-standard","hentry","category-extremadura","category-lexicografia","category-lexicologia","category-semantica","category-teoria-linguistica","tag-jose-manuel-gonzalez-calvo","tag-luis-santos-rio","tag-manuel-alvar-ezquera","tag-martin-camacho-jose-carlos","tag-miguel-angel-rebollo-torio","tag-salvador-gutierrez-ordonez"],"_links":{"self":[{"href":"https:\/\/www.deberes.net\/tesis\/wp-json\/wp\/v2\/posts\/86948","targetHints":{"allow":["GET"]}}],"collection":[{"href":"https:\/\/www.deberes.net\/tesis\/wp-json\/wp\/v2\/posts"}],"about":[{"href":"https:\/\/www.deberes.net\/tesis\/wp-json\/wp\/v2\/types\/post"}],"author":[{"embeddable":true,"href":"https:\/\/www.deberes.net\/tesis\/wp-json\/wp\/v2\/users\/1"}],"replies":[{"embeddable":true,"href":"https:\/\/www.deberes.net\/tesis\/wp-json\/wp\/v2\/comments?post=86948"}],"version-history":[{"count":0,"href":"https:\/\/www.deberes.net\/tesis\/wp-json\/wp\/v2\/posts\/86948\/revisions"}],"wp:attachment":[{"href":"https:\/\/www.deberes.net\/tesis\/wp-json\/wp\/v2\/media?parent=86948"}],"wp:term":[{"taxonomy":"category","embeddable":true,"href":"https:\/\/www.deberes.net\/tesis\/wp-json\/wp\/v2\/categories?post=86948"},{"taxonomy":"post_tag","embeddable":true,"href":"https:\/\/www.deberes.net\/tesis\/wp-json\/wp\/v2\/tags?post=86948"}],"curies":[{"name":"wp","href":"https:\/\/api.w.org\/{rel}","templated":true}]}}