{"id":86966,"date":"2018-03-10T00:11:38","date_gmt":"2018-03-10T00:11:38","guid":{"rendered":"https:\/\/www.deberes.net\/tesis\/sin-categoria\/on-the-links-between-education-participation-and-labour-market-participation\/"},"modified":"2018-03-10T00:11:38","modified_gmt":"2018-03-10T00:11:38","slug":"on-the-links-between-education-participation-and-labour-market-participation","status":"publish","type":"post","link":"https:\/\/www.deberes.net\/tesis\/teoria-economica\/on-the-links-between-education-participation-and-labour-market-participation\/","title":{"rendered":"On the links between education participation and labour market participation"},"content":{"rendered":"<h2>Tesis doctoral de <strong> Rosa Mar\u00eda Fern\u00e1ndez Mart\u00ednez <\/strong><\/h2>\n<p>En esta tesis doctoral se presentan tres escenarios donde las decisiones sobre educaci\u00f3n interaccionan con decisiones sobre participaci\u00f3n en el mercado de trabajo. Se comienza con un a an\u00e1lisis de la naturaleza cambiante del capital humano  en un mundo donde la innovaci\u00f3n es el motor del crecimiento. La innovaci\u00f3n provoca cambios continuos  en la empresa que requieren la adaptaci\u00f3n progresiva de los trabajadores, la cual tiene lugar a trav\u00e9s de un proceso de actualizaci\u00f3n de conocimientos costoso. Se muestra que las estrategias de educaci\u00f3n y formaci\u00f3n profesional de los trabajadores son fundamentales a la hora de mantener un proceso de crecimiento basado en la innovaci\u00f3n, y que la flexibilidad de la fuerza de trabajo a los cambios es determinante para avanzar en base al cambio tecnol\u00f3gico. A continuaci\u00f3n se procede a analizar  los determinantes de la acumulaci\u00f3n de capital humano por educaci\u00f3n, y en particular el impacto de las condiciones del mercado laboral en la decisi\u00f3n de estudiar. Se ilustra el modo preciso en que la incertidumbre presente en el mercado de trabajo puede distorsionar las decisiones de educaci\u00f3n y se proporciona evidencia de los efectos del desempleo en el acceso a la universidad en espa\u00f1a. En este cap\u00edtulo, se tratan tambi\u00e9n los efectos de las restricciones de cr\u00e9dito y la ayuda financiera dentro de la unidad familiar sobre las decisiones de inversi\u00f3n en capital humano. Finalmente se estudia la relaci\u00f3n entre el nivel de educaci\u00f3n y la propensi\u00f3n a emigrar entre regiones. La literatura existente sobre este tema propone la  existencia de una regularidad  emp\u00edrica que sostiene que las personas con mayor nivel educativo. Tradicionalmente la explicaci\u00f3n que se da este fen\u00f3meno es que las personas con mayor nivel educativo tienen un coste de emigrar m\u00e1s bajo. En este cap\u00edtulo se combinan decisiones de movilidad regional y ocupacional y se muestra que el grado de movilidad ocupacional de una categor\u00eda profesional dada puede explicar este comportamiento diferente seg\u00fan el nivel educativo.<\/p>\n<p>&nbsp;<\/p>\n<h3>Datos acad\u00e9micos de la tesis doctoral \u00ab<strong>On the links between education participation and labour market participation<\/strong>\u00ab<\/h3>\n<ul>\n<li><strong>T\u00edtulo de la tesis:<\/strong>\u00a0 On the links between education participation and labour market participation <\/li>\n<li><strong>Autor:<\/strong>\u00a0 Rosa Mar\u00eda Fern\u00e1ndez Mart\u00ednez <\/li>\n<li><strong>Universidad:<\/strong>\u00a0 Pompeu fabra<\/li>\n<li><strong>Fecha de lectura de la tesis:<\/strong>\u00a0 19\/10\/2000<\/li>\n<\/ul>\n<p>&nbsp;<\/p>\n<h3>Direcci\u00f3n y tribunal<\/h3>\n<ul>\n<li><strong>Director de la tesis<\/strong>\n<ul>\n<li>Xavier Sala Mart\u00edn<\/li>\n<\/ul>\n<\/li>\n<li><strong>Tribunal<\/strong>\n<ul>\n<li>Presidente del tribunal: jordi Gal\u00ed carreta <\/li>\n<li>Jaime Alonso carrera (vocal)<\/li>\n<li>fabrizio Zilibotti (vocal)<\/li>\n<li>Jos\u00e9 Mar\u00eda Labeaga azcona (vocal)<\/li>\n<\/ul>\n<\/li>\n<\/ul>\n<p>&nbsp;<\/p>\n","protected":false},"excerpt":{"rendered":"<p>Tesis doctoral de Rosa Mar\u00eda Fern\u00e1ndez Mart\u00ednez En esta tesis doctoral se presentan tres escenarios donde las decisiones sobre educaci\u00f3n [&hellip;]<\/p>\n","protected":false},"author":1,"featured_media":0,"comment_status":"open","ping_status":"open","sticky":false,"template":"","format":"standard","meta":{"site-sidebar-layout":"default","site-content-layout":"","ast-site-content-layout":"","site-content-style":"default","site-sidebar-style":"default","ast-global-header-display":"","ast-banner-title-visibility":"","ast-main-header-display":"","ast-hfb-above-header-display":"","ast-hfb-below-header-display":"","ast-hfb-mobile-header-display":"","site-post-title":"","ast-breadcrumbs-content":"","ast-featured-img":"","footer-sml-layout":"","theme-transparent-header-meta":"","adv-header-id-meta":"","stick-header-meta":"","header-above-stick-meta":"","header-main-stick-meta":"","header-below-stick-meta":"","astra-migrate-meta-layouts":"default","ast-page-background-enabled":"default","ast-page-background-meta":{"desktop":{"background-color":"var(--ast-global-color-4)","background-image":"","background-repeat":"repeat","background-position":"center center","background-size":"auto","background-attachment":"scroll","background-type":"","background-media":"","overlay-type":"","overlay-color":"","overlay-gradient":""},"tablet":{"background-color":"","background-image":"","background-repeat":"repeat","background-position":"center center","background-size":"auto","background-attachment":"scroll","background-type":"","background-media":"","overlay-type":"","overlay-color":"","overlay-gradient":""},"mobile":{"background-color":"","background-image":"","background-repeat":"repeat","background-position":"center center","background-size":"auto","background-attachment":"scroll","background-type":"","background-media":"","overlay-type":"","overlay-color":"","overlay-gradient":""}},"ast-content-background-meta":{"desktop":{"background-color":"var(--ast-global-color-5)","background-image":"","background-repeat":"repeat","background-position":"center center","background-size":"auto","background-attachment":"scroll","background-type":"","background-media":"","overlay-type":"","overlay-color":"","overlay-gradient":""},"tablet":{"background-color":"var(--ast-global-color-5)","background-image":"","background-repeat":"repeat","background-position":"center center","background-size":"auto","background-attachment":"scroll","background-type":"","background-media":"","overlay-type":"","overlay-color":"","overlay-gradient":""},"mobile":{"background-color":"var(--ast-global-color-5)","background-image":"","background-repeat":"repeat","background-position":"center center","background-size":"auto","background-attachment":"scroll","background-type":"","background-media":"","overlay-type":"","overlay-color":"","overlay-gradient":""}},"footnotes":""},"categories":[18712,737],"tags":[99431,47406,182252,11618,182251,89732],"class_list":["post-86966","post","type-post","status-publish","format-standard","hentry","category-pompeu-fabra","category-teoria-economica","tag-fabrizio-zilibotti","tag-jaime-alonso-carrera","tag-jordi-gali-carreta","tag-jose-maria-labeaga-azcona","tag-rosa-maria-fernandez-Martinez","tag-xavier-sala-martin"],"_links":{"self":[{"href":"https:\/\/www.deberes.net\/tesis\/wp-json\/wp\/v2\/posts\/86966","targetHints":{"allow":["GET"]}}],"collection":[{"href":"https:\/\/www.deberes.net\/tesis\/wp-json\/wp\/v2\/posts"}],"about":[{"href":"https:\/\/www.deberes.net\/tesis\/wp-json\/wp\/v2\/types\/post"}],"author":[{"embeddable":true,"href":"https:\/\/www.deberes.net\/tesis\/wp-json\/wp\/v2\/users\/1"}],"replies":[{"embeddable":true,"href":"https:\/\/www.deberes.net\/tesis\/wp-json\/wp\/v2\/comments?post=86966"}],"version-history":[{"count":0,"href":"https:\/\/www.deberes.net\/tesis\/wp-json\/wp\/v2\/posts\/86966\/revisions"}],"wp:attachment":[{"href":"https:\/\/www.deberes.net\/tesis\/wp-json\/wp\/v2\/media?parent=86966"}],"wp:term":[{"taxonomy":"category","embeddable":true,"href":"https:\/\/www.deberes.net\/tesis\/wp-json\/wp\/v2\/categories?post=86966"},{"taxonomy":"post_tag","embeddable":true,"href":"https:\/\/www.deberes.net\/tesis\/wp-json\/wp\/v2\/tags?post=86966"}],"curies":[{"name":"wp","href":"https:\/\/api.w.org\/{rel}","templated":true}]}}