{"id":86968,"date":"2018-03-10T00:11:43","date_gmt":"2018-03-10T00:11:43","guid":{"rendered":"https:\/\/www.deberes.net\/tesis\/sin-categoria\/la-configuracion-jura%c2%addica-del-deportista-profesional-aspectos-laborales-y-fiscales-de-su-regimen-retributivo\/"},"modified":"2018-03-10T00:11:43","modified_gmt":"2018-03-10T00:11:43","slug":"la-configuracion-jura%c2%addica-del-deportista-profesional-aspectos-laborales-y-fiscales-de-su-regimen-retributivo","status":"publish","type":"post","link":"https:\/\/www.deberes.net\/tesis\/derecho-fiscal\/la-configuracion-jura%c2%addica-del-deportista-profesional-aspectos-laborales-y-fiscales-de-su-regimen-retributivo\/","title":{"rendered":"\u00abla configuraci\u00f3n jur\u00eddica del deportista profesional: aspectos laborales y fiscales de su r\u00e9gimen retributivo\u00bb"},"content":{"rendered":"<h2>Tesis doctoral de <strong> Luciano Cordero Saavedra <\/strong><\/h2>\n<p>El tema de investigaci\u00f3n se centra en analizar la fiscalidad que recae sobre las distintas retribuciones y operaciones econ\u00f3micas que afectan a los deportistas profesionales, con especial incidencia en las contraprestaciones satisfechas por la cesi\u00f3n de los derechos de imagen. Para ello, se examina c\u00f3mo se consolida el proceso que profesionaliza al deportista y lo integra en una relaci\u00f3n laboral especial, as\u00ed como sus efectos jur\u00eddicos y econ\u00f3micos, que se traduce, en definitiva, en conjugar la problem\u00e1tica estrictamente laboral con la tributaria, sin obviar las necesarias conexiones que se producen con otras disciplinas jur\u00eddicas.<\/p>\n<p>&nbsp;<\/p>\n<h3>Datos acad\u00e9micos de la tesis doctoral \u00ab<strong>\u00abla configuraci\u00f3n jur\u00eddica del deportista profesional: aspectos laborales y fiscales de su r\u00e9gimen retributivo\u00bb<\/strong>\u00ab<\/h3>\n<ul>\n<li><strong>T\u00edtulo de la tesis:<\/strong>\u00a0 \u00abla configuraci\u00f3n jur\u00eddica del deportista profesional: aspectos laborales y fiscales de su r\u00e9gimen retributivo\u00bb <\/li>\n<li><strong>Autor:<\/strong>\u00a0 Luciano Cordero Saavedra <\/li>\n<li><strong>Universidad:<\/strong>\u00a0 Extremadura<\/li>\n<li><strong>Fecha de lectura de la tesis:<\/strong>\u00a0 20\/10\/2000<\/li>\n<\/ul>\n<p>&nbsp;<\/p>\n<h3>Direcci\u00f3n y tribunal<\/h3>\n<ul>\n<li><strong>Director de la tesis<\/strong>\n<ul>\n<li>Isaac Merino Jara<\/li>\n<\/ul>\n<\/li>\n<li><strong>Tribunal<\/strong>\n<ul>\n<li>Presidente del tribunal: rafael Calvo ortega <\/li>\n<li>clemente Checa gonz\u00e1lez (vocal)<\/li>\n<li>Antonio  vicente Sempre navarro (vocal)<\/li>\n<li>eugenio Simon acosta (vocal)<\/li>\n<\/ul>\n<\/li>\n<\/ul>\n<p>&nbsp;<\/p>\n","protected":false},"excerpt":{"rendered":"<p>Tesis doctoral de Luciano Cordero Saavedra El tema de investigaci\u00f3n se centra en analizar la fiscalidad que recae sobre las [&hellip;]<\/p>\n","protected":false},"author":1,"featured_media":0,"comment_status":"open","ping_status":"open","sticky":false,"template":"","format":"standard","meta":{"site-sidebar-layout":"default","site-content-layout":"","ast-site-content-layout":"","site-content-style":"default","site-sidebar-style":"default","ast-global-header-display":"","ast-banner-title-visibility":"","ast-main-header-display":"","ast-hfb-above-header-display":"","ast-hfb-below-header-display":"","ast-hfb-mobile-header-display":"","site-post-title":"","ast-breadcrumbs-content":"","ast-featured-img":"","footer-sml-layout":"","theme-transparent-header-meta":"","adv-header-id-meta":"","stick-header-meta":"","header-above-stick-meta":"","header-main-stick-meta":"","header-below-stick-meta":"","astra-migrate-meta-layouts":"default","ast-page-background-enabled":"default","ast-page-background-meta":{"desktop":{"background-color":"var(--ast-global-color-4)","background-image":"","background-repeat":"repeat","background-position":"center center","background-size":"auto","background-attachment":"scroll","background-type":"","background-media":"","overlay-type":"","overlay-color":"","overlay-gradient":""},"tablet":{"background-color":"","background-image":"","background-repeat":"repeat","background-position":"center center","background-size":"auto","background-attachment":"scroll","background-type":"","background-media":"","overlay-type":"","overlay-color":"","overlay-gradient":""},"mobile":{"background-color":"","background-image":"","background-repeat":"repeat","background-position":"center center","background-size":"auto","background-attachment":"scroll","background-type":"","background-media":"","overlay-type":"","overlay-color":"","overlay-gradient":""}},"ast-content-background-meta":{"desktop":{"background-color":"var(--ast-global-color-5)","background-image":"","background-repeat":"repeat","background-position":"center center","background-size":"auto","background-attachment":"scroll","background-type":"","background-media":"","overlay-type":"","overlay-color":"","overlay-gradient":""},"tablet":{"background-color":"var(--ast-global-color-5)","background-image":"","background-repeat":"repeat","background-position":"center center","background-size":"auto","background-attachment":"scroll","background-type":"","background-media":"","overlay-type":"","overlay-color":"","overlay-gradient":""},"mobile":{"background-color":"var(--ast-global-color-5)","background-image":"","background-repeat":"repeat","background-position":"center center","background-size":"auto","background-attachment":"scroll","background-type":"","background-media":"","overlay-type":"","overlay-color":"","overlay-gradient":""}},"footnotes":""},"categories":[2170,797,3894,5964,949],"tags":[182257,12214,13085,55644,182256,17655],"class_list":["post-86968","post","type-post","status-publish","format-standard","hentry","category-derecho-del-trabajo-y-de-la-seguridad-social","category-derecho-fiscal","category-derecho-privado","category-derecho-publico","category-extremadura","tag-antonio-vicente-sempre-navarro","tag-clemente-checa-gonzalez","tag-eugenio-simon-acosta","tag-isaac-merino-jara","tag-luciano-cordero-saavedra","tag-rafael-calvo-ortega"],"_links":{"self":[{"href":"https:\/\/www.deberes.net\/tesis\/wp-json\/wp\/v2\/posts\/86968","targetHints":{"allow":["GET"]}}],"collection":[{"href":"https:\/\/www.deberes.net\/tesis\/wp-json\/wp\/v2\/posts"}],"about":[{"href":"https:\/\/www.deberes.net\/tesis\/wp-json\/wp\/v2\/types\/post"}],"author":[{"embeddable":true,"href":"https:\/\/www.deberes.net\/tesis\/wp-json\/wp\/v2\/users\/1"}],"replies":[{"embeddable":true,"href":"https:\/\/www.deberes.net\/tesis\/wp-json\/wp\/v2\/comments?post=86968"}],"version-history":[{"count":0,"href":"https:\/\/www.deberes.net\/tesis\/wp-json\/wp\/v2\/posts\/86968\/revisions"}],"wp:attachment":[{"href":"https:\/\/www.deberes.net\/tesis\/wp-json\/wp\/v2\/media?parent=86968"}],"wp:term":[{"taxonomy":"category","embeddable":true,"href":"https:\/\/www.deberes.net\/tesis\/wp-json\/wp\/v2\/categories?post=86968"},{"taxonomy":"post_tag","embeddable":true,"href":"https:\/\/www.deberes.net\/tesis\/wp-json\/wp\/v2\/tags?post=86968"}],"curies":[{"name":"wp","href":"https:\/\/api.w.org\/{rel}","templated":true}]}}