{"id":87027,"date":"2018-03-10T00:11:47","date_gmt":"2018-03-10T00:11:47","guid":{"rendered":"https:\/\/www.deberes.net\/tesis\/sin-categoria\/la-relevancia-de-la-intervencion-de-la-union-europea-en-materia-educativa-hacia-la-progresiva-definicion-de-una-pola%c2%adtica-comuniaria-en-este-ambito\/"},"modified":"2018-03-10T00:11:47","modified_gmt":"2018-03-10T00:11:47","slug":"la-relevancia-de-la-intervencion-de-la-union-europea-en-materia-educativa-hacia-la-progresiva-definicion-de-una-pola%c2%adtica-comuniaria-en-este-ambito","status":"publish","type":"post","link":"https:\/\/www.deberes.net\/tesis\/ciencia-politica\/la-relevancia-de-la-intervencion-de-la-union-europea-en-materia-educativa-hacia-la-progresiva-definicion-de-una-pola%c2%adtica-comuniaria-en-este-ambito\/","title":{"rendered":"La relevancia de la intervenci\u00f3n de la uni\u00f3n europea en materia educativa: hacia la progresiva definici\u00f3n de una pol\u00edtica comuniaria en este \u00e1mbito"},"content":{"rendered":"<h2>Tesis doctoral de <strong> Javier Uncetabarreneche Larrabe <\/strong><\/h2>\n<p>La tesis supone una aportaci\u00f3n al estudio de la integraci\u00f3n europea en general, y de la intervenci\u00f3n comunitaria en materia educativa en particular. tras diversas precisiones conceptuales y metod\u00f3logicas, que suponen una refutaci\u00f3n de las teor\u00edas intergubernamentalistas de la integraci\u00f3n, el autor procede a analizar sucesivamente las implicaciones sobre la intervenci\u00f3n comunitaria en materia educativa de las tres dimensiones b\u00e1sicas del proceso de construcci\u00f3n europea, el econ\u00f3mico, el pol\u00edtico, y el social, tal y como se perfilan respectivamente en el acta unica europea, el tratado de masstricht, y el tratado amsterdam. La investigaci\u00f3n viene a poner de manifiesto que la paulatina definici\u00f3n de una pol\u00edtica educativa europea tiene importantes efectos sobre le sistema educativo de los estados, y constituye la uni\u00f3n europea. En definitiva la tesis sostien que la creciente relevancia de la intervenci\u00f3n comunitaria en materia educativa est\u00e1 configurando lo que podemos llamar una pol\u00edtica comunitaria en este \u00e1mbito.<\/p>\n<p>&nbsp;<\/p>\n<h3>Datos acad\u00e9micos de la tesis doctoral \u00ab<strong>La relevancia de la intervenci\u00f3n de la uni\u00f3n europea en materia educativa: hacia la progresiva definici\u00f3n de una pol\u00edtica comuniaria en este \u00e1mbito<\/strong>\u00ab<\/h3>\n<ul>\n<li><strong>T\u00edtulo de la tesis:<\/strong>\u00a0 La relevancia de la intervenci\u00f3n de la uni\u00f3n europea en materia educativa: hacia la progresiva definici\u00f3n de una pol\u00edtica comuniaria en este \u00e1mbito <\/li>\n<li><strong>Autor:<\/strong>\u00a0 Javier Uncetabarreneche Larrabe <\/li>\n<li><strong>Universidad:<\/strong>\u00a0 Pa\u00eds vasco\/euskal herriko unibertsitatea<\/li>\n<li><strong>Fecha de lectura de la tesis:<\/strong>\u00a0 23\/10\/2000<\/li>\n<\/ul>\n<p>&nbsp;<\/p>\n<h3>Direcci\u00f3n y tribunal<\/h3>\n<ul>\n<li><strong>Director de la tesis<\/strong>\n<ul>\n<li>Francisco Aldecoa Luzarraga<\/li>\n<\/ul>\n<\/li>\n<li><strong>Tribunal<\/strong>\n<ul>\n<li>Presidente del tribunal: f\u00e9lix Etxeberria balerdi <\/li>\n<li> Jauregui oroquieta Jos\u00e9 Antonio (vocal)<\/li>\n<li>nicol\u00e1s Mariscal berasategui (vocal)<\/li>\n<li> Montane i tuca mirela (vocal)<\/li>\n<\/ul>\n<\/li>\n<\/ul>\n<p>&nbsp;<\/p>\n","protected":false},"excerpt":{"rendered":"<p>Tesis doctoral de Javier Uncetabarreneche Larrabe La tesis supone una aportaci\u00f3n al estudio de la integraci\u00f3n europea en general, y [&hellip;]<\/p>\n","protected":false},"author":1,"featured_media":0,"comment_status":"open","ping_status":"open","sticky":false,"template":"","format":"standard","meta":{"site-sidebar-layout":"default","site-content-layout":"","ast-site-content-layout":"","site-content-style":"default","site-sidebar-style":"default","ast-global-header-display":"","ast-banner-title-visibility":"","ast-main-header-display":"","ast-hfb-above-header-display":"","ast-hfb-below-header-display":"","ast-hfb-mobile-header-display":"","site-post-title":"","ast-breadcrumbs-content":"","ast-featured-img":"","footer-sml-layout":"","theme-transparent-header-meta":"","adv-header-id-meta":"","stick-header-meta":"","header-above-stick-meta":"","header-main-stick-meta":"","header-below-stick-meta":"","astra-migrate-meta-layouts":"default","ast-page-background-enabled":"default","ast-page-background-meta":{"desktop":{"background-color":"var(--ast-global-color-4)","background-image":"","background-repeat":"repeat","background-position":"center center","background-size":"auto","background-attachment":"scroll","background-type":"","background-media":"","overlay-type":"","overlay-color":"","overlay-gradient":""},"tablet":{"background-color":"","background-image":"","background-repeat":"repeat","background-position":"center center","background-size":"auto","background-attachment":"scroll","background-type":"","background-media":"","overlay-type":"","overlay-color":"","overlay-gradient":""},"mobile":{"background-color":"","background-image":"","background-repeat":"repeat","background-position":"center center","background-size":"auto","background-attachment":"scroll","background-type":"","background-media":"","overlay-type":"","overlay-color":"","overlay-gradient":""}},"ast-content-background-meta":{"desktop":{"background-color":"var(--ast-global-color-5)","background-image":"","background-repeat":"repeat","background-position":"center center","background-size":"auto","background-attachment":"scroll","background-type":"","background-media":"","overlay-type":"","overlay-color":"","overlay-gradient":""},"tablet":{"background-color":"var(--ast-global-color-5)","background-image":"","background-repeat":"repeat","background-position":"center center","background-size":"auto","background-attachment":"scroll","background-type":"","background-media":"","overlay-type":"","overlay-color":"","overlay-gradient":""},"mobile":{"background-color":"var(--ast-global-color-5)","background-image":"","background-repeat":"repeat","background-position":"center center","background-size":"auto","background-attachment":"scroll","background-type":"","background-media":"","overlay-type":"","overlay-color":"","overlay-gradient":""}},"footnotes":""},"categories":[838,12909,9284,839,4073],"tags":[12961,4621,156939,182351,182352,104654],"class_list":["post-87027","post","type-post","status-publish","format-standard","hentry","category-ciencia-politica","category-pais-vasco-euskal-herriko-unibertsitatea","category-politica-educativa","category-politicas-sectoriales","category-relaciones-internacionales","tag-felix-etxeberria-balerdi","tag-francisco-aldecoa-luzarraga","tag-jauregui-oroquieta-jose-antonio","tag-javier-uncetabarreneche-larrabe","tag-montane-i-tuca-mirela","tag-nicolas-mariscal-berasategui"],"_links":{"self":[{"href":"https:\/\/www.deberes.net\/tesis\/wp-json\/wp\/v2\/posts\/87027","targetHints":{"allow":["GET"]}}],"collection":[{"href":"https:\/\/www.deberes.net\/tesis\/wp-json\/wp\/v2\/posts"}],"about":[{"href":"https:\/\/www.deberes.net\/tesis\/wp-json\/wp\/v2\/types\/post"}],"author":[{"embeddable":true,"href":"https:\/\/www.deberes.net\/tesis\/wp-json\/wp\/v2\/users\/1"}],"replies":[{"embeddable":true,"href":"https:\/\/www.deberes.net\/tesis\/wp-json\/wp\/v2\/comments?post=87027"}],"version-history":[{"count":0,"href":"https:\/\/www.deberes.net\/tesis\/wp-json\/wp\/v2\/posts\/87027\/revisions"}],"wp:attachment":[{"href":"https:\/\/www.deberes.net\/tesis\/wp-json\/wp\/v2\/media?parent=87027"}],"wp:term":[{"taxonomy":"category","embeddable":true,"href":"https:\/\/www.deberes.net\/tesis\/wp-json\/wp\/v2\/categories?post=87027"},{"taxonomy":"post_tag","embeddable":true,"href":"https:\/\/www.deberes.net\/tesis\/wp-json\/wp\/v2\/tags?post=87027"}],"curies":[{"name":"wp","href":"https:\/\/api.w.org\/{rel}","templated":true}]}}