{"id":87057,"date":"2018-03-10T00:11:47","date_gmt":"2018-03-10T00:11:47","guid":{"rendered":"https:\/\/www.deberes.net\/tesis\/sin-categoria\/gramaticas-de-adjuncion-de-arboles-un-enfoque-de-deductivo-en-el-analisis-sintactico\/"},"modified":"2018-03-10T00:11:47","modified_gmt":"2018-03-10T00:11:47","slug":"gramaticas-de-adjuncion-de-arboles-un-enfoque-de-deductivo-en-el-analisis-sintactico","status":"publish","type":"post","link":"https:\/\/www.deberes.net\/tesis\/matematicas\/gramaticas-de-adjuncion-de-arboles-un-enfoque-de-deductivo-en-el-analisis-sintactico\/","title":{"rendered":"Gram\u00e1ticas de adjuncion de arboles: un enfoque de deductivo en el an\u00e1lisis sint\u00e1ctico."},"content":{"rendered":"<h2>Tesis doctoral de <strong> Victor Jes\u00fas Diaz Madrigal <\/strong><\/h2>\n<p>Las gram\u00e1ticas de adjunci\u00f3n de \u00e1rboles (tag, tree adjoning grmmars) sonuna extensi\u00f3nd e las gram\u00e1ticas independientes del contexto basadas en un sistema de reescritura de \u00e1rboles. Desde la perspectiva del an\u00e1lisis sint\u00e1ctico de lenguajes naturales, las gram\u00e1ticas de adjunci\u00f3n de \u00e1rboles presentan tres interesantes caracter\u00edsticas: su deomino de localidad extendido, la factorizaci\u00f3n de la recursi\u00f3n y su car\u00e1cter lexicalista. Esta tesis se dedica al estudio de estas gram\u00e1ticas desde un punto de vista deductivo. los resultados m\u00e1s relevantes son:  &#8211; estudio sobre representaci\u00f3n de \u00e1rboles elementales  &#8211; estudio de diversas estrategias de an\u00e1lisis y la relaci\u00f3n entre ellas.  &#8211; estudio de la relaci\u00f3n entre las estrategias para las tag y para las gram\u00e1ticas independientes del contexto.  &#8211; estudio experimental del comportamiento de los analizadores descritos para las tag.<\/p>\n<p>&nbsp;<\/p>\n<h3>Datos acad\u00e9micos de la tesis doctoral \u00ab<strong>Gram\u00e1ticas de adjuncion de arboles: un enfoque de deductivo en el an\u00e1lisis sint\u00e1ctico.<\/strong>\u00ab<\/h3>\n<ul>\n<li><strong>T\u00edtulo de la tesis:<\/strong>\u00a0 Gram\u00e1ticas de adjuncion de arboles: un enfoque de deductivo en el an\u00e1lisis sint\u00e1ctico. <\/li>\n<li><strong>Autor:<\/strong>\u00a0 Victor Jes\u00fas Diaz Madrigal <\/li>\n<li><strong>Universidad:<\/strong>\u00a0 Sevilla<\/li>\n<li><strong>Fecha de lectura de la tesis:<\/strong>\u00a0 25\/10\/2000<\/li>\n<\/ul>\n<p>&nbsp;<\/p>\n<h3>Direcci\u00f3n y tribunal<\/h3>\n<ul>\n<li><strong>Director de la tesis<\/strong>\n<ul>\n<li>Miguel Toro Bonilla<\/li>\n<\/ul>\n<\/li>\n<li><strong>Tribunal<\/strong>\n<ul>\n<li>Presidente del tribunal: horacio Rodr\u00edguez hontoria <\/li>\n<li>Manuel Palomar sanz (vocal)<\/li>\n<li>Manuel Vilares ferro (vocal)<\/li>\n<li> Troyano jiemenez Jos\u00e9 Antonio (vocal)<\/li>\n<\/ul>\n<\/li>\n<\/ul>\n<p>&nbsp;<\/p>\n","protected":false},"excerpt":{"rendered":"<p>Tesis doctoral de Victor Jes\u00fas Diaz Madrigal Las gram\u00e1ticas de adjunci\u00f3n de \u00e1rboles (tag, tree adjoning grmmars) sonuna extensi\u00f3nd e [&hellip;]<\/p>\n","protected":false},"author":1,"featured_media":0,"comment_status":"open","ping_status":"open","sticky":false,"template":"","format":"standard","meta":{"site-sidebar-layout":"default","site-content-layout":"","ast-site-content-layout":"","site-content-style":"default","site-sidebar-style":"default","ast-global-header-display":"","ast-banner-title-visibility":"","ast-main-header-display":"","ast-hfb-above-header-display":"","ast-hfb-below-header-display":"","ast-hfb-mobile-header-display":"","site-post-title":"","ast-breadcrumbs-content":"","ast-featured-img":"","footer-sml-layout":"","theme-transparent-header-meta":"","adv-header-id-meta":"","stick-header-meta":"","header-above-stick-meta":"","header-main-stick-meta":"","header-below-stick-meta":"","astra-migrate-meta-layouts":"default","ast-page-background-enabled":"default","ast-page-background-meta":{"desktop":{"background-color":"var(--ast-global-color-4)","background-image":"","background-repeat":"repeat","background-position":"center center","background-size":"auto","background-attachment":"scroll","background-type":"","background-media":"","overlay-type":"","overlay-color":"","overlay-gradient":""},"tablet":{"background-color":"","background-image":"","background-repeat":"repeat","background-position":"center center","background-size":"auto","background-attachment":"scroll","background-type":"","background-media":"","overlay-type":"","overlay-color":"","overlay-gradient":""},"mobile":{"background-color":"","background-image":"","background-repeat":"repeat","background-position":"center center","background-size":"auto","background-attachment":"scroll","background-type":"","background-media":"","overlay-type":"","overlay-color":"","overlay-gradient":""}},"ast-content-background-meta":{"desktop":{"background-color":"var(--ast-global-color-5)","background-image":"","background-repeat":"repeat","background-position":"center center","background-size":"auto","background-attachment":"scroll","background-type":"","background-media":"","overlay-type":"","overlay-color":"","overlay-gradient":""},"tablet":{"background-color":"var(--ast-global-color-5)","background-image":"","background-repeat":"repeat","background-position":"center center","background-size":"auto","background-attachment":"scroll","background-type":"","background-media":"","overlay-type":"","overlay-color":"","overlay-gradient":""},"mobile":{"background-color":"var(--ast-global-color-5)","background-image":"","background-repeat":"repeat","background-position":"center center","background-size":"auto","background-attachment":"scroll","background-type":"","background-media":"","overlay-type":"","overlay-color":"","overlay-gradient":""}},"footnotes":""},"categories":[1890,2528,126,10715],"tags":[13269,37679,40288,14675,182396,182395],"class_list":["post-87057","post","type-post","status-publish","format-standard","hentry","category-ciencia-de-los-ordenadores","category-inteligencia-artificial","category-matematicas","category-sevilla","tag-horacio-rodriguez-hontoria","tag-manuel-palomar-sanz","tag-manuel-vilares-ferro","tag-miguel-toro-bonilla","tag-troyano-jiemenez-jose-antonio","tag-victor-jesus-diaz-madrigal"],"_links":{"self":[{"href":"https:\/\/www.deberes.net\/tesis\/wp-json\/wp\/v2\/posts\/87057","targetHints":{"allow":["GET"]}}],"collection":[{"href":"https:\/\/www.deberes.net\/tesis\/wp-json\/wp\/v2\/posts"}],"about":[{"href":"https:\/\/www.deberes.net\/tesis\/wp-json\/wp\/v2\/types\/post"}],"author":[{"embeddable":true,"href":"https:\/\/www.deberes.net\/tesis\/wp-json\/wp\/v2\/users\/1"}],"replies":[{"embeddable":true,"href":"https:\/\/www.deberes.net\/tesis\/wp-json\/wp\/v2\/comments?post=87057"}],"version-history":[{"count":0,"href":"https:\/\/www.deberes.net\/tesis\/wp-json\/wp\/v2\/posts\/87057\/revisions"}],"wp:attachment":[{"href":"https:\/\/www.deberes.net\/tesis\/wp-json\/wp\/v2\/media?parent=87057"}],"wp:term":[{"taxonomy":"category","embeddable":true,"href":"https:\/\/www.deberes.net\/tesis\/wp-json\/wp\/v2\/categories?post=87057"},{"taxonomy":"post_tag","embeddable":true,"href":"https:\/\/www.deberes.net\/tesis\/wp-json\/wp\/v2\/tags?post=87057"}],"curies":[{"name":"wp","href":"https:\/\/api.w.org\/{rel}","templated":true}]}}