{"id":87058,"date":"2018-03-10T00:11:47","date_gmt":"2018-03-10T00:11:47","guid":{"rendered":"https:\/\/www.deberes.net\/tesis\/sin-categoria\/estudio-de-las-caractera%c2%adsticas-regionales-del-clima-invernal-en-el-paa%c2%ads-vasco-y-sus-relaciones-con-el-sistema-climatico-global\/"},"modified":"2018-03-10T00:11:47","modified_gmt":"2018-03-10T00:11:47","slug":"estudio-de-las-caractera%c2%adsticas-regionales-del-clima-invernal-en-el-paa%c2%ads-vasco-y-sus-relaciones-con-el-sistema-climatico-global","status":"publish","type":"post","link":"https:\/\/www.deberes.net\/tesis\/ciencias-de-la-tierra-y-del-espacio\/estudio-de-las-caractera%c2%adsticas-regionales-del-clima-invernal-en-el-paa%c2%ads-vasco-y-sus-relaciones-con-el-sistema-climatico-global\/","title":{"rendered":"Estudio de las caracter\u00edsticas regionales del clima invernal en el pa\u00eds vasco y sus relaciones con el sistema clim\u00e1tico global."},"content":{"rendered":"<h2>Tesis doctoral de <strong> Jon Saenz Aguirre <\/strong><\/h2>\n<p>La cornisa cant\u00e1bica muestra un comportamiento desacoplado del resto de la pen\u00ednsula ib\u00e9rica si se analiza la distribuci\u00f3n espacial de los principales modos de variabilidad de precipitaci\u00f3n y  de temperatura invernal. Para estudiar en detalle est\u00e1 variabilidad y la transici\u00f3n meridional existente se han utilizado observatorios de la zona costera e interior.  se definen \u00edndices regionales de precipitaci\u00f3n y temperatura. Se analiza su variabilidad temporal mediante m\u00e9todos avanzados de an\u00e1lisis espectral, para concluir que las series regionales analizadas no muestran un comportamiento estructurado fuera del propio de un ruido de tipo ar (1).  se analizan las relaciones de estas series con las circulaciones estacionarias y la inestabilidad barocl\u00ednica del fljo atmosf\u00e9rico. Se muestra que la precipitaci\u00f3n global depende de la intensidad de la inestabilidad barocl\u00ednica. el contraste entre la precipitaci\u00f3n de costa e interior depende de los transportes de humedad a gran escala asociados al anticicl\u00f3n de las azores. la temperatura no muestra dependencia de la actividad barocl\u00ednica, solamente de los campos estacionarios.  se analiza en detalle la influencia de las anomal\u00edas en la temperatura superficial sst del oc\u00e9ano atl\u00e1ntico. Se identifican anomal\u00edas de sst y su relaci\u00f3n con la actividad barocl\u00ednica en la cuenca atl\u00e1ntico. Se cuantifica la interacci\u00f3n de los transitorios con el flujo zonal mediante vectores localizados de eliassen-palm. Todos estos resultados permiten formular una hip\u00f3tesis de causalidad basada en el forzamiento barotr\u00f3pico de la circulaci\u00f3n estacionaria por los transportes de vorticidad asociados a las perturbaciones barocl\u00ednicas. Esta hip\u00f3tesis no contradice la teor\u00eda del l\u00edmite advectivo y el hecho experimental bien asentado de que los flujos superficiales de calor son la causa primordial de la variabilidad en la temperatura de la capa de mezcla oce\u00e1ncia, ya que estos flujos contribuyen a<\/p>\n<p>&nbsp;<\/p>\n<h3>Datos acad\u00e9micos de la tesis doctoral \u00ab<strong>Estudio de las caracter\u00edsticas regionales del clima invernal en el pa\u00eds vasco y sus relaciones con el sistema clim\u00e1tico global.<\/strong>\u00ab<\/h3>\n<ul>\n<li><strong>T\u00edtulo de la tesis:<\/strong>\u00a0 Estudio de las caracter\u00edsticas regionales del clima invernal en el pa\u00eds vasco y sus relaciones con el sistema clim\u00e1tico global. <\/li>\n<li><strong>Autor:<\/strong>\u00a0 Jon Saenz Aguirre <\/li>\n<li><strong>Universidad:<\/strong>\u00a0 Pa\u00eds vasco\/euskal herriko unibertsitatea<\/li>\n<li><strong>Fecha de lectura de la tesis:<\/strong>\u00a0 25\/10\/2000<\/li>\n<\/ul>\n<p>&nbsp;<\/p>\n<h3>Direcci\u00f3n y tribunal<\/h3>\n<ul>\n<li><strong>Director de la tesis<\/strong>\n<ul>\n<li> Zubillaga Esperanza Juan  Antonio<\/li>\n<\/ul>\n<\/li>\n<li><strong>Tribunal<\/strong>\n<ul>\n<li>Presidente del tribunal: Carlos Santamaria salazar <\/li>\n<li>eduardo Zorita calvo (vocal)<\/li>\n<li>sergio Alonso oroza (vocal)<\/li>\n<li> Jim\u00e9nez jim\u00e9nez Juan  ignacio (vocal)<\/li>\n<\/ul>\n<\/li>\n<\/ul>\n<p>&nbsp;<\/p>\n","protected":false},"excerpt":{"rendered":"<p>Tesis doctoral de Jon Saenz Aguirre La cornisa cant\u00e1bica muestra un comportamiento desacoplado del resto de la pen\u00ednsula ib\u00e9rica si [&hellip;]<\/p>\n","protected":false},"author":1,"featured_media":0,"comment_status":"open","ping_status":"open","sticky":false,"template":"","format":"standard","meta":{"site-sidebar-layout":"default","site-content-layout":"","ast-site-content-layout":"","site-content-style":"default","site-sidebar-style":"default","ast-global-header-display":"","ast-banner-title-visibility":"","ast-main-header-display":"","ast-hfb-above-header-display":"","ast-hfb-below-header-display":"","ast-hfb-mobile-header-display":"","site-post-title":"","ast-breadcrumbs-content":"","ast-featured-img":"","footer-sml-layout":"","theme-transparent-header-meta":"","adv-header-id-meta":"","stick-header-meta":"","header-above-stick-meta":"","header-main-stick-meta":"","header-below-stick-meta":"","astra-migrate-meta-layouts":"default","ast-page-background-enabled":"default","ast-page-background-meta":{"desktop":{"background-color":"var(--ast-global-color-4)","background-image":"","background-repeat":"repeat","background-position":"center center","background-size":"auto","background-attachment":"scroll","background-type":"","background-media":"","overlay-type":"","overlay-color":"","overlay-gradient":""},"tablet":{"background-color":"","background-image":"","background-repeat":"repeat","background-position":"center center","background-size":"auto","background-attachment":"scroll","background-type":"","background-media":"","overlay-type":"","overlay-color":"","overlay-gradient":""},"mobile":{"background-color":"","background-image":"","background-repeat":"repeat","background-position":"center center","background-size":"auto","background-attachment":"scroll","background-type":"","background-media":"","overlay-type":"","overlay-color":"","overlay-gradient":""}},"ast-content-background-meta":{"desktop":{"background-color":"var(--ast-global-color-5)","background-image":"","background-repeat":"repeat","background-position":"center center","background-size":"auto","background-attachment":"scroll","background-type":"","background-media":"","overlay-type":"","overlay-color":"","overlay-gradient":""},"tablet":{"background-color":"var(--ast-global-color-5)","background-image":"","background-repeat":"repeat","background-position":"center center","background-size":"auto","background-attachment":"scroll","background-type":"","background-media":"","overlay-type":"","overlay-color":"","overlay-gradient":""},"mobile":{"background-color":"var(--ast-global-color-5)","background-image":"","background-repeat":"repeat","background-position":"center center","background-size":"auto","background-attachment":"scroll","background-type":"","background-media":"","overlay-type":"","overlay-color":"","overlay-gradient":""}},"footnotes":""},"categories":[27,4329,4327,1666,7002,429,228,12909,12363,33029],"tags":[9687,61293,52557,80537,5881,182397],"class_list":["post-87058","post","type-post","status-publish","format-standard","hentry","category-ciencias-de-la-tierra-y-del-espacio","category-climatologia","category-climatologia-regional","category-hidrologia","category-interacciones-aire-oceano","category-meteorologia","category-oceanografia","category-pais-vasco-euskal-herriko-unibertsitatea","category-precipitacion","category-prediccion-numerica-meteorologica","tag-carlos-santamaria-salazar","tag-eduardo-zorita-calvo","tag-jimenez-jimenez-juan-ignacio","tag-jon-saenz-aguirre","tag-sergio-alonso-oroza","tag-zubillaga-esperanza-juan-antonio"],"_links":{"self":[{"href":"https:\/\/www.deberes.net\/tesis\/wp-json\/wp\/v2\/posts\/87058","targetHints":{"allow":["GET"]}}],"collection":[{"href":"https:\/\/www.deberes.net\/tesis\/wp-json\/wp\/v2\/posts"}],"about":[{"href":"https:\/\/www.deberes.net\/tesis\/wp-json\/wp\/v2\/types\/post"}],"author":[{"embeddable":true,"href":"https:\/\/www.deberes.net\/tesis\/wp-json\/wp\/v2\/users\/1"}],"replies":[{"embeddable":true,"href":"https:\/\/www.deberes.net\/tesis\/wp-json\/wp\/v2\/comments?post=87058"}],"version-history":[{"count":0,"href":"https:\/\/www.deberes.net\/tesis\/wp-json\/wp\/v2\/posts\/87058\/revisions"}],"wp:attachment":[{"href":"https:\/\/www.deberes.net\/tesis\/wp-json\/wp\/v2\/media?parent=87058"}],"wp:term":[{"taxonomy":"category","embeddable":true,"href":"https:\/\/www.deberes.net\/tesis\/wp-json\/wp\/v2\/categories?post=87058"},{"taxonomy":"post_tag","embeddable":true,"href":"https:\/\/www.deberes.net\/tesis\/wp-json\/wp\/v2\/tags?post=87058"}],"curies":[{"name":"wp","href":"https:\/\/api.w.org\/{rel}","templated":true}]}}