{"id":87161,"date":"2000-03-11T00:00:00","date_gmt":"2000-03-11T00:00:00","guid":{"rendered":"https:\/\/www.deberes.net\/tesis\/sin-categoria\/aeropalinologia-de-la-ciudad-de-caceres\/"},"modified":"2000-03-11T00:00:00","modified_gmt":"2000-03-11T00:00:00","slug":"aeropalinologia-de-la-ciudad-de-caceres","status":"publish","type":"post","link":"https:\/\/www.deberes.net\/tesis\/botanica-general\/aeropalinologia-de-la-ciudad-de-caceres\/","title":{"rendered":"Aeropalinolog\u00eda de la ciudad de c\u00e1ceres"},"content":{"rendered":"<h2>Tesis doctoral de <strong> Juan a Tavira Mu\u00f1oz <\/strong><\/h2>\n<p>Se ha muestreado la atm\u00f3sfera de la ciudad de c\u00e1ceres utilizando un captador volum\u00e9trico con metodolog\u00eda hirst entre octubre de 1995 y diciembre de 1997. El an\u00e1lisis palinol\u00f3gico de cuatro barridos de cada una de las muestras diarias ha proporcionado informaci\u00f3n de la variaci\u00f3n a lo largo del a\u00f1o de la concentraci\u00f3n de polen aerovagante. Se han identificado un total de 64 tipos pol\u00ednicos, de los que cuatro de ellos re\u00fanen el 80% del total: quercus sp., Poaceae, olea europea y plantago. Las variaciones diarias se han comparado con la variaciones meteorol\u00f3gicas de temperaturas m\u00e1xima, m\u00ednima y media, precipitaci\u00f3n, humedad relativa, velocidad del viento y direcci\u00f3n del viento seg\u00fan los cuatro cuadrantes principales, en la mayor\u00eda de los tipos aparece alg\u00fan tipo de relaci\u00f3n con \u00e9stos par\u00e1metros meteorol\u00f3gicos. se han analizado las variaciones horarias a partir de valores medios, siendo la mayor\u00eda de los tipos pol\u00ednicos de dispersi\u00f3n matutina. Se han estudiado las variaciones de la concentraci\u00f3n horaria en los d\u00eda de la m\u00e1xima concentraci\u00f3n compar\u00e1ndolas con las variaciones meteorol\u00f3gicas a igual intervalo de tiempo. se han realizado una revisi\u00f3n bibliogr\u00e1fica de la importancia al\u00e9rgica de los tipos pol\u00ednicos estudiados.<\/p>\n<p>&nbsp;<\/p>\n<h3>Datos acad\u00e9micos de la tesis doctoral \u00ab<strong>Aeropalinolog\u00eda de la ciudad de c\u00e1ceres<\/strong>\u00ab<\/h3>\n<ul>\n<li><strong>T\u00edtulo de la tesis:<\/strong>\u00a0 Aeropalinolog\u00eda de la ciudad de c\u00e1ceres <\/li>\n<li><strong>Autor:<\/strong>\u00a0 Juan a Tavira Mu\u00f1oz <\/li>\n<li><strong>Universidad:<\/strong>\u00a0 Extremadura<\/li>\n<li><strong>Fecha de lectura de la tesis:<\/strong>\u00a0 03\/11\/2000<\/li>\n<\/ul>\n<p>&nbsp;<\/p>\n<h3>Direcci\u00f3n y tribunal<\/h3>\n<ul>\n<li><strong>Director de la tesis<\/strong>\n<ul>\n<li>Rafael Tormo Molina<\/li>\n<\/ul>\n<\/li>\n<li><strong>Tribunal<\/strong>\n<ul>\n<li>Presidente del tribunal: Leopoldo Olea M\u00e1rquez De Prado <\/li>\n<li>M Angeles Gonzalo  Grizo (vocal)<\/li>\n<li>Inmaculada Montero Ruiz (vocal)<\/li>\n<li>Rui Manuel Almeida  Brandao (vocal)<\/li>\n<\/ul>\n<\/li>\n<\/ul>\n<p>&nbsp;<\/p>\n","protected":false},"excerpt":{"rendered":"<p>Tesis doctoral de Juan a Tavira Mu\u00f1oz Se ha muestreado la atm\u00f3sfera de la ciudad de c\u00e1ceres utilizando un captador [&hellip;]<\/p>\n","protected":false},"author":1,"featured_media":0,"comment_status":"open","ping_status":"open","sticky":false,"template":"","format":"standard","meta":{"site-sidebar-layout":"default","site-content-layout":"","ast-site-content-layout":"","site-content-style":"default","site-sidebar-style":"default","ast-global-header-display":"","ast-banner-title-visibility":"","ast-main-header-display":"","ast-hfb-above-header-display":"","ast-hfb-below-header-display":"","ast-hfb-mobile-header-display":"","site-post-title":"","ast-breadcrumbs-content":"","ast-featured-img":"","footer-sml-layout":"","theme-transparent-header-meta":"","adv-header-id-meta":"","stick-header-meta":"","header-above-stick-meta":"","header-main-stick-meta":"","header-below-stick-meta":"","astra-migrate-meta-layouts":"default","ast-page-background-enabled":"default","ast-page-background-meta":{"desktop":{"background-color":"var(--ast-global-color-4)","background-image":"","background-repeat":"repeat","background-position":"center center","background-size":"auto","background-attachment":"scroll","background-type":"","background-media":"","overlay-type":"","overlay-color":"","overlay-gradient":""},"tablet":{"background-color":"","background-image":"","background-repeat":"repeat","background-position":"center center","background-size":"auto","background-attachment":"scroll","background-type":"","background-media":"","overlay-type":"","overlay-color":"","overlay-gradient":""},"mobile":{"background-color":"","background-image":"","background-repeat":"repeat","background-position":"center center","background-size":"auto","background-attachment":"scroll","background-type":"","background-media":"","overlay-type":"","overlay-color":"","overlay-gradient":""}},"ast-content-background-meta":{"desktop":{"background-color":"var(--ast-global-color-5)","background-image":"","background-repeat":"repeat","background-position":"center center","background-size":"auto","background-attachment":"scroll","background-type":"","background-media":"","overlay-type":"","overlay-color":"","overlay-gradient":""},"tablet":{"background-color":"var(--ast-global-color-5)","background-image":"","background-repeat":"repeat","background-position":"center center","background-size":"auto","background-attachment":"scroll","background-type":"","background-media":"","overlay-type":"","overlay-color":"","overlay-gradient":""},"mobile":{"background-color":"var(--ast-global-color-5)","background-image":"","background-repeat":"repeat","background-position":"center center","background-size":"auto","background-attachment":"scroll","background-type":"","background-media":"","overlay-type":"","overlay-color":"","overlay-gradient":""}},"footnotes":""},"categories":[621,949,7419,5240],"tags":[19547,182561,1999,182562,19548,48354],"class_list":["post-87161","post","type-post","status-publish","format-standard","hentry","category-botanica-general","category-extremadura","category-palinologia","category-taxonomia-vegetal","tag-inmaculada-montero-ruiz","tag-juan-a-tavira-munoz","tag-leopoldo-olea-marquez-de-prado","tag-m-angeles-gonzalo-grizo","tag-rafael-tormo-molina","tag-rui-manuel-almeida-brandao"],"_links":{"self":[{"href":"https:\/\/www.deberes.net\/tesis\/wp-json\/wp\/v2\/posts\/87161","targetHints":{"allow":["GET"]}}],"collection":[{"href":"https:\/\/www.deberes.net\/tesis\/wp-json\/wp\/v2\/posts"}],"about":[{"href":"https:\/\/www.deberes.net\/tesis\/wp-json\/wp\/v2\/types\/post"}],"author":[{"embeddable":true,"href":"https:\/\/www.deberes.net\/tesis\/wp-json\/wp\/v2\/users\/1"}],"replies":[{"embeddable":true,"href":"https:\/\/www.deberes.net\/tesis\/wp-json\/wp\/v2\/comments?post=87161"}],"version-history":[{"count":0,"href":"https:\/\/www.deberes.net\/tesis\/wp-json\/wp\/v2\/posts\/87161\/revisions"}],"wp:attachment":[{"href":"https:\/\/www.deberes.net\/tesis\/wp-json\/wp\/v2\/media?parent=87161"}],"wp:term":[{"taxonomy":"category","embeddable":true,"href":"https:\/\/www.deberes.net\/tesis\/wp-json\/wp\/v2\/categories?post=87161"},{"taxonomy":"post_tag","embeddable":true,"href":"https:\/\/www.deberes.net\/tesis\/wp-json\/wp\/v2\/tags?post=87161"}],"curies":[{"name":"wp","href":"https:\/\/api.w.org\/{rel}","templated":true}]}}