{"id":87162,"date":"2000-03-11T00:00:00","date_gmt":"2000-03-11T00:00:00","guid":{"rendered":"https:\/\/www.deberes.net\/tesis\/sin-categoria\/la-ii-republica-en-la-provincia-de-caceres-elecciones-y-partidos-pola%c2%adticos\/"},"modified":"2000-03-11T00:00:00","modified_gmt":"2000-03-11T00:00:00","slug":"la-ii-republica-en-la-provincia-de-caceres-elecciones-y-partidos-pola%c2%adticos","status":"publish","type":"post","link":"https:\/\/www.deberes.net\/tesis\/historia\/la-ii-republica-en-la-provincia-de-caceres-elecciones-y-partidos-pola%c2%adticos\/","title":{"rendered":"La ii republica en la provincia de caceres. elecciones y partidos pol\u00edticos."},"content":{"rendered":"<h2>Tesis doctoral de <strong> Fernando Ayala Vicente <\/strong><\/h2>\n<p>Abordamos el an\u00e1lisis de la ii rep\u00fablica en la provincia de c\u00e1ceres desde una multiple perspectiva. El estudio de los partidos pol\u00edticos, sus \u00e9lites y todo lo que conlleva la vida politica en el periodo. Mitines,manifestaciones, precarria de ayuntamientos, reforma agraria, el orden publico&#8230; Y por otro la interpretacion detallada de los fenomenos electorales, tanto a nivel municipal como para la elecci\u00f3n de diputados en cortes.<\/p>\n<p>&nbsp;<\/p>\n<h3>Datos acad\u00e9micos de la tesis doctoral \u00ab<strong>La ii republica en la provincia de caceres. elecciones y partidos pol\u00edticos.<\/strong>\u00ab<\/h3>\n<ul>\n<li><strong>T\u00edtulo de la tesis:<\/strong>\u00a0 La ii republica en la provincia de caceres. elecciones y partidos pol\u00edticos. <\/li>\n<li><strong>Autor:<\/strong>\u00a0 Fernando Ayala Vicente <\/li>\n<li><strong>Universidad:<\/strong>\u00a0 Extremadura<\/li>\n<li><strong>Fecha de lectura de la tesis:<\/strong>\u00a0 03\/11\/2000<\/li>\n<\/ul>\n<p>&nbsp;<\/p>\n<h3>Direcci\u00f3n y tribunal<\/h3>\n<ul>\n<li><strong>Director de la tesis<\/strong>\n<ul>\n<li>Fernando S\u00e1nchez Marroyo<\/li>\n<\/ul>\n<\/li>\n<li><strong>Tribunal<\/strong>\n<ul>\n<li>Presidente del tribunal: Jos\u00e9 Luis De la granja sainz <\/li>\n<li>leandro Alvarez rey (vocal)<\/li>\n<li>Manuel Redero san roman (vocal)<\/li>\n<li>enrique Moradiellos Garc\u00eda (vocal)<\/li>\n<\/ul>\n<\/li>\n<\/ul>\n<p>&nbsp;<\/p>\n","protected":false},"excerpt":{"rendered":"<p>Tesis doctoral de Fernando Ayala Vicente Abordamos el an\u00e1lisis de la ii rep\u00fablica en la provincia de c\u00e1ceres desde una [&hellip;]<\/p>\n","protected":false},"author":1,"featured_media":0,"comment_status":"open","ping_status":"open","sticky":false,"template":"","format":"standard","meta":{"site-sidebar-layout":"default","site-content-layout":"","ast-site-content-layout":"","site-content-style":"default","site-sidebar-style":"default","ast-global-header-display":"","ast-banner-title-visibility":"","ast-main-header-display":"","ast-hfb-above-header-display":"","ast-hfb-below-header-display":"","ast-hfb-mobile-header-display":"","site-post-title":"","ast-breadcrumbs-content":"","ast-featured-img":"","footer-sml-layout":"","theme-transparent-header-meta":"","adv-header-id-meta":"","stick-header-meta":"","header-above-stick-meta":"","header-main-stick-meta":"","header-below-stick-meta":"","astra-migrate-meta-layouts":"default","ast-page-background-enabled":"default","ast-page-background-meta":{"desktop":{"background-color":"var(--ast-global-color-4)","background-image":"","background-repeat":"repeat","background-position":"center center","background-size":"auto","background-attachment":"scroll","background-type":"","background-media":"","overlay-type":"","overlay-color":"","overlay-gradient":""},"tablet":{"background-color":"","background-image":"","background-repeat":"repeat","background-position":"center center","background-size":"auto","background-attachment":"scroll","background-type":"","background-media":"","overlay-type":"","overlay-color":"","overlay-gradient":""},"mobile":{"background-color":"","background-image":"","background-repeat":"repeat","background-position":"center center","background-size":"auto","background-attachment":"scroll","background-type":"","background-media":"","overlay-type":"","overlay-color":"","overlay-gradient":""}},"ast-content-background-meta":{"desktop":{"background-color":"var(--ast-global-color-5)","background-image":"","background-repeat":"repeat","background-position":"center center","background-size":"auto","background-attachment":"scroll","background-type":"","background-media":"","overlay-type":"","overlay-color":"","overlay-gradient":""},"tablet":{"background-color":"var(--ast-global-color-5)","background-image":"","background-repeat":"repeat","background-position":"center center","background-size":"auto","background-attachment":"scroll","background-type":"","background-media":"","overlay-type":"","overlay-color":"","overlay-gradient":""},"mobile":{"background-color":"var(--ast-global-color-5)","background-image":"","background-repeat":"repeat","background-position":"center center","background-size":"auto","background-attachment":"scroll","background-type":"","background-media":"","overlay-type":"","overlay-color":"","overlay-gradient":""}},"footnotes":""},"categories":[949,104,1816,353,220],"tags":[25332,182563,36792,28509,4199,25832],"class_list":["post-87162","post","type-post","status-publish","format-standard","hentry","category-extremadura","category-historia","category-historia-contemporanea","category-historia-contemporanea-del-area-europea","category-historia-por-epocas","tag-enrique-moradiellos-garcia","tag-fernando-ayala-vicente","tag-fernando-sanchez-marroyo","tag-jose-luis-de-la-granja-sainz","tag-leandro-alvarez-rey","tag-manuel-redero-san-roman"],"_links":{"self":[{"href":"https:\/\/www.deberes.net\/tesis\/wp-json\/wp\/v2\/posts\/87162","targetHints":{"allow":["GET"]}}],"collection":[{"href":"https:\/\/www.deberes.net\/tesis\/wp-json\/wp\/v2\/posts"}],"about":[{"href":"https:\/\/www.deberes.net\/tesis\/wp-json\/wp\/v2\/types\/post"}],"author":[{"embeddable":true,"href":"https:\/\/www.deberes.net\/tesis\/wp-json\/wp\/v2\/users\/1"}],"replies":[{"embeddable":true,"href":"https:\/\/www.deberes.net\/tesis\/wp-json\/wp\/v2\/comments?post=87162"}],"version-history":[{"count":0,"href":"https:\/\/www.deberes.net\/tesis\/wp-json\/wp\/v2\/posts\/87162\/revisions"}],"wp:attachment":[{"href":"https:\/\/www.deberes.net\/tesis\/wp-json\/wp\/v2\/media?parent=87162"}],"wp:term":[{"taxonomy":"category","embeddable":true,"href":"https:\/\/www.deberes.net\/tesis\/wp-json\/wp\/v2\/categories?post=87162"},{"taxonomy":"post_tag","embeddable":true,"href":"https:\/\/www.deberes.net\/tesis\/wp-json\/wp\/v2\/tags?post=87162"}],"curies":[{"name":"wp","href":"https:\/\/api.w.org\/{rel}","templated":true}]}}