{"id":87246,"date":"2000-08-11T00:00:00","date_gmt":"2000-08-11T00:00:00","guid":{"rendered":"https:\/\/www.deberes.net\/tesis\/sin-categoria\/valores-caracteristicos-de-la-educacion-marista-en-chile\/"},"modified":"2000-08-11T00:00:00","modified_gmt":"2000-08-11T00:00:00","slug":"valores-caracteristicos-de-la-educacion-marista-en-chile","status":"publish","type":"post","link":"https:\/\/www.deberes.net\/tesis\/historia\/valores-caracteristicos-de-la-educacion-marista-en-chile\/","title":{"rendered":"\u00abvalores caracteristicos de la educacion marista en chile\u00bb"},"content":{"rendered":"<h2>Tesis doctoral de <strong> Jes\u00fas Triguero Juan es <\/strong><\/h2>\n<p>La tesis tiene como objetivos: verificar si los textos doctrinales de la congregaci\u00f3n marista y los de los colegios maristas de chile sustentan los valores caracteristicos de la educacion marista especificados por el autor de la tesis.  conocer el grado de asunci\u00f3n de los valores que tienen los alumnos de 13-14 a\u00f1os y de 17-18 a\u00f1os de los colegios maristas, seg\u00fan la percepci\u00f3n de los alumnos, los padres y los profesores; y determinar si influyen el curso, el sexo, la ubicaci\u00f3n geografica y el tipo de financiaci\u00f3n en la asunci\u00f3n de dichos valores.  se ha empleado un tipo de dise\u00f1o no experimental, transversal y descriptivo. la investigaci\u00f3n es explicativa y aplicada ya que tiene como prop\u00f3sito plantear futura intervenciones. Describe y extrae conclusiones respecto a los valores.  se ha usado el m\u00e9todo de \u00abanalisis de contenido\u00bb, el \u00abcuestionario\u00bb y el metodo cualitativo del \u00abgrupo de discusion\u00bb.  las conclusiones confirman la presencia de los valores en los documentos intitucionales, que valores son m\u00e1s y menos asumidos por los alumnos y c\u00f3mo lo perciben los padresy profesores.<\/p>\n<p>&nbsp;<\/p>\n<h3>Datos acad\u00e9micos de la tesis doctoral \u00ab<strong>\u00abvalores caracteristicos de la educacion marista en chile\u00bb<\/strong>\u00ab<\/h3>\n<ul>\n<li><strong>T\u00edtulo de la tesis:<\/strong>\u00a0 \u00abvalores caracteristicos de la educacion marista en chile\u00bb <\/li>\n<li><strong>Autor:<\/strong>\u00a0 Jes\u00fas Triguero Juan es <\/li>\n<li><strong>Universidad:<\/strong>\u00a0 Nacional de educaci\u00f3n a distancia<\/li>\n<li><strong>Fecha de lectura de la tesis:<\/strong>\u00a0 08\/11\/2000<\/li>\n<\/ul>\n<p>&nbsp;<\/p>\n<h3>Direcci\u00f3n y tribunal<\/h3>\n<ul>\n<li><strong>Director de la tesis<\/strong>\n<ul>\n<li> Montoya Saenz Josefa Magdalena<\/li>\n<\/ul>\n<\/li>\n<li><strong>Tribunal<\/strong>\n<ul>\n<li>Presidente del tribunal: emilio Lopez-barajas zayas <\/li>\n<li>mercedes Vico monteoliva (vocal)<\/li>\n<li>millan Arroyo simon (vocal)<\/li>\n<li>gloria Perez serrano (vocal)<\/li>\n<\/ul>\n<\/li>\n<\/ul>\n<p>&nbsp;<\/p>\n","protected":false},"excerpt":{"rendered":"<p>Tesis doctoral de Jes\u00fas Triguero Juan es La tesis tiene como objetivos: verificar si los textos doctrinales de la congregaci\u00f3n [&hellip;]<\/p>\n","protected":false},"author":1,"featured_media":0,"comment_status":"open","ping_status":"open","sticky":false,"template":"","format":"standard","meta":{"site-sidebar-layout":"default","site-content-layout":"","ast-site-content-layout":"","site-content-style":"default","site-sidebar-style":"default","ast-global-header-display":"","ast-banner-title-visibility":"","ast-main-header-display":"","ast-hfb-above-header-display":"","ast-hfb-below-header-display":"","ast-hfb-mobile-header-display":"","site-post-title":"","ast-breadcrumbs-content":"","ast-featured-img":"","footer-sml-layout":"","theme-transparent-header-meta":"","adv-header-id-meta":"","stick-header-meta":"","header-above-stick-meta":"","header-main-stick-meta":"","header-below-stick-meta":"","astra-migrate-meta-layouts":"default","ast-page-background-enabled":"default","ast-page-background-meta":{"desktop":{"background-color":"var(--ast-global-color-4)","background-image":"","background-repeat":"repeat","background-position":"center center","background-size":"auto","background-attachment":"scroll","background-type":"","background-media":"","overlay-type":"","overlay-color":"","overlay-gradient":""},"tablet":{"background-color":"","background-image":"","background-repeat":"repeat","background-position":"center center","background-size":"auto","background-attachment":"scroll","background-type":"","background-media":"","overlay-type":"","overlay-color":"","overlay-gradient":""},"mobile":{"background-color":"","background-image":"","background-repeat":"repeat","background-position":"center center","background-size":"auto","background-attachment":"scroll","background-type":"","background-media":"","overlay-type":"","overlay-color":"","overlay-gradient":""}},"ast-content-background-meta":{"desktop":{"background-color":"var(--ast-global-color-5)","background-image":"","background-repeat":"repeat","background-position":"center center","background-size":"auto","background-attachment":"scroll","background-type":"","background-media":"","overlay-type":"","overlay-color":"","overlay-gradient":""},"tablet":{"background-color":"var(--ast-global-color-5)","background-image":"","background-repeat":"repeat","background-position":"center center","background-size":"auto","background-attachment":"scroll","background-type":"","background-media":"","overlay-type":"","overlay-color":"","overlay-gradient":""},"mobile":{"background-color":"var(--ast-global-color-5)","background-image":"","background-repeat":"repeat","background-position":"center center","background-size":"auto","background-attachment":"scroll","background-type":"","background-media":"","overlay-type":"","overlay-color":"","overlay-gradient":""}},"footnotes":""},"categories":[1140,104,311,222,17070,7611,1184,1141,1288],"tags":[31476,2628,182706,10730,6225,60903],"class_list":["post-87246","post","type-post","status-publish","format-standard","hentry","category-formacion-y-empleo-de-profesores","category-historia","category-historia-de-la-educacion","category-historias-especializadas","category-nacional-de-educacion-a-distancia","category-organizacion-y-direccion-de-las-instituciones-educativas","category-organizacion-y-planificacion-de-la-educacion","category-pedagogia","category-preparacion-de-profesores","tag-emilio-lopez-barajas-zayas","tag-gloria-perez-serrano","tag-jesus-triguero-juan-es","tag-mercedes-vico-monteoliva","tag-millan-arroyo-simon","tag-montoya-saenz-josefa-magdalena"],"_links":{"self":[{"href":"https:\/\/www.deberes.net\/tesis\/wp-json\/wp\/v2\/posts\/87246","targetHints":{"allow":["GET"]}}],"collection":[{"href":"https:\/\/www.deberes.net\/tesis\/wp-json\/wp\/v2\/posts"}],"about":[{"href":"https:\/\/www.deberes.net\/tesis\/wp-json\/wp\/v2\/types\/post"}],"author":[{"embeddable":true,"href":"https:\/\/www.deberes.net\/tesis\/wp-json\/wp\/v2\/users\/1"}],"replies":[{"embeddable":true,"href":"https:\/\/www.deberes.net\/tesis\/wp-json\/wp\/v2\/comments?post=87246"}],"version-history":[{"count":0,"href":"https:\/\/www.deberes.net\/tesis\/wp-json\/wp\/v2\/posts\/87246\/revisions"}],"wp:attachment":[{"href":"https:\/\/www.deberes.net\/tesis\/wp-json\/wp\/v2\/media?parent=87246"}],"wp:term":[{"taxonomy":"category","embeddable":true,"href":"https:\/\/www.deberes.net\/tesis\/wp-json\/wp\/v2\/categories?post=87246"},{"taxonomy":"post_tag","embeddable":true,"href":"https:\/\/www.deberes.net\/tesis\/wp-json\/wp\/v2\/tags?post=87246"}],"curies":[{"name":"wp","href":"https:\/\/api.w.org\/{rel}","templated":true}]}}