{"id":87259,"date":"2000-10-11T00:00:00","date_gmt":"2000-10-11T00:00:00","guid":{"rendered":"https:\/\/www.deberes.net\/tesis\/sin-categoria\/el-poblamiento-de-epoca-iberica-en-la-region-centro-meridional-del-pais-valenciano\/"},"modified":"2000-10-11T00:00:00","modified_gmt":"2000-10-11T00:00:00","slug":"el-poblamiento-de-epoca-iberica-en-la-region-centro-meridional-del-pais-valenciano","status":"publish","type":"post","link":"https:\/\/www.deberes.net\/tesis\/historia-por-epocas\/el-poblamiento-de-epoca-iberica-en-la-region-centro-meridional-del-pais-valenciano\/","title":{"rendered":"El poblamiento de epoca iberica en la region centro-meridional del pais Valenciano."},"content":{"rendered":"<h2>Tesis doctoral de <strong> Ignacio Grau Mira <\/strong><\/h2>\n<p>El trabajo de investigacion es una visi\u00f3n globalizadora de la cultura material y el poblamiento del area central de la antigua , una zona que geograficamente corresponde al norte de la provincia de alicante y sur de la prov. De Valencia.  a traves de un analisis que viene la metodolog\u00eda de la arqueolog\u00eda del paisaje y mediante la aplicaci\u00f3n de los sistemas de informacion geografica (s.I.G) se reconocen las formas de ocupacion del territorio y su relacion con la organizaci\u00f3n economica, vocial y politica de la zona estudiada, siguiendo la evolucion historica del periodo iberico.<\/p>\n<p>&nbsp;<\/p>\n<h3>Datos acad\u00e9micos de la tesis doctoral \u00ab<strong>El poblamiento de epoca iberica en la region centro-meridional del pais Valenciano.<\/strong>\u00ab<\/h3>\n<ul>\n<li><strong>T\u00edtulo de la tesis:<\/strong>\u00a0 El poblamiento de epoca iberica en la region centro-meridional del pais Valenciano. <\/li>\n<li><strong>Autor:<\/strong>\u00a0 Ignacio Grau Mira <\/li>\n<li><strong>Universidad:<\/strong>\u00a0 Alicante<\/li>\n<li><strong>Fecha de lectura de la tesis:<\/strong>\u00a0 10\/11\/2000<\/li>\n<\/ul>\n<p>&nbsp;<\/p>\n<h3>Direcci\u00f3n y tribunal<\/h3>\n<ul>\n<li><strong>Director de la tesis<\/strong>\n<ul>\n<li>Lorenzo Abad Casal<\/li>\n<\/ul>\n<\/li>\n<li><strong>Tribunal<\/strong>\n<ul>\n<li>Presidente del tribunal: mauro severo Hern\u00e1ndez p\u00e9rez <\/li>\n<li>arturo Ruiz rodriguez (vocal)<\/li>\n<li>enrique Cerrillo mart\u00edn de c\u00e1ceres (vocal)<\/li>\n<li>joan Sanmart\u00ed grego (vocal)<\/li>\n<\/ul>\n<\/li>\n<\/ul>\n<p>&nbsp;<\/p>\n","protected":false},"excerpt":{"rendered":"<p>Tesis doctoral de Ignacio Grau Mira El trabajo de investigacion es una visi\u00f3n globalizadora de la cultura material y el [&hellip;]<\/p>\n","protected":false},"author":1,"featured_media":0,"comment_status":"open","ping_status":"open","sticky":false,"template":"","format":"standard","meta":{"site-sidebar-layout":"default","site-content-layout":"","ast-site-content-layout":"","site-content-style":"default","site-sidebar-style":"default","ast-global-header-display":"","ast-banner-title-visibility":"","ast-main-header-display":"","ast-hfb-above-header-display":"","ast-hfb-below-header-display":"","ast-hfb-mobile-header-display":"","site-post-title":"","ast-breadcrumbs-content":"","ast-featured-img":"","footer-sml-layout":"","theme-transparent-header-meta":"","adv-header-id-meta":"","stick-header-meta":"","header-above-stick-meta":"","header-main-stick-meta":"","header-below-stick-meta":"","astra-migrate-meta-layouts":"default","ast-page-background-enabled":"default","ast-page-background-meta":{"desktop":{"background-color":"var(--ast-global-color-4)","background-image":"","background-repeat":"repeat","background-position":"center center","background-size":"auto","background-attachment":"scroll","background-type":"","background-media":"","overlay-type":"","overlay-color":"","overlay-gradient":""},"tablet":{"background-color":"","background-image":"","background-repeat":"repeat","background-position":"center center","background-size":"auto","background-attachment":"scroll","background-type":"","background-media":"","overlay-type":"","overlay-color":"","overlay-gradient":""},"mobile":{"background-color":"","background-image":"","background-repeat":"repeat","background-position":"center center","background-size":"auto","background-attachment":"scroll","background-type":"","background-media":"","overlay-type":"","overlay-color":"","overlay-gradient":""}},"ast-content-background-meta":{"desktop":{"background-color":"var(--ast-global-color-5)","background-image":"","background-repeat":"repeat","background-position":"center center","background-size":"auto","background-attachment":"scroll","background-type":"","background-media":"","overlay-type":"","overlay-color":"","overlay-gradient":""},"tablet":{"background-color":"var(--ast-global-color-5)","background-image":"","background-repeat":"repeat","background-position":"center center","background-size":"auto","background-attachment":"scroll","background-type":"","background-media":"","overlay-type":"","overlay-color":"","overlay-gradient":""},"mobile":{"background-color":"var(--ast-global-color-5)","background-image":"","background-repeat":"repeat","background-position":"center center","background-size":"auto","background-attachment":"scroll","background-type":"","background-media":"","overlay-type":"","overlay-color":"","overlay-gradient":""}},"footnotes":""},"categories":[19166,1623,1624,8151,220],"tags":[27123,17991,120498,11494,8283,10435],"class_list":["post-87259","post","type-post","status-publish","format-standard","hentry","category-alicante","category-arqueologia","category-ciencias-auxiliares-de-la-historia","category-geografia-urbana","category-historia-por-epocas","tag-arturo-ruiz-rodriguez","tag-enrique-cerrillo-martin-de-caceres","tag-ignacio-grau-mira","tag-joan-sanmarti-grego","tag-lorenzo-abad-casal","tag-mauro-severo-hernandez-perez"],"_links":{"self":[{"href":"https:\/\/www.deberes.net\/tesis\/wp-json\/wp\/v2\/posts\/87259","targetHints":{"allow":["GET"]}}],"collection":[{"href":"https:\/\/www.deberes.net\/tesis\/wp-json\/wp\/v2\/posts"}],"about":[{"href":"https:\/\/www.deberes.net\/tesis\/wp-json\/wp\/v2\/types\/post"}],"author":[{"embeddable":true,"href":"https:\/\/www.deberes.net\/tesis\/wp-json\/wp\/v2\/users\/1"}],"replies":[{"embeddable":true,"href":"https:\/\/www.deberes.net\/tesis\/wp-json\/wp\/v2\/comments?post=87259"}],"version-history":[{"count":0,"href":"https:\/\/www.deberes.net\/tesis\/wp-json\/wp\/v2\/posts\/87259\/revisions"}],"wp:attachment":[{"href":"https:\/\/www.deberes.net\/tesis\/wp-json\/wp\/v2\/media?parent=87259"}],"wp:term":[{"taxonomy":"category","embeddable":true,"href":"https:\/\/www.deberes.net\/tesis\/wp-json\/wp\/v2\/categories?post=87259"},{"taxonomy":"post_tag","embeddable":true,"href":"https:\/\/www.deberes.net\/tesis\/wp-json\/wp\/v2\/tags?post=87259"}],"curies":[{"name":"wp","href":"https:\/\/api.w.org\/{rel}","templated":true}]}}