{"id":87385,"date":"2018-03-10T00:12:09","date_gmt":"2018-03-10T00:12:09","guid":{"rendered":"https:\/\/www.deberes.net\/tesis\/sin-categoria\/clima-perceptivo-y-satisfaccion-laboral-en-equipos-de-trabajo-un-analisis-longitudinal-y-multinivel\/"},"modified":"2018-03-10T00:12:09","modified_gmt":"2018-03-10T00:12:09","slug":"clima-perceptivo-y-satisfaccion-laboral-en-equipos-de-trabajo-un-analisis-longitudinal-y-multinivel","status":"publish","type":"post","link":"https:\/\/www.deberes.net\/tesis\/psicologia\/clima-perceptivo-y-satisfaccion-laboral-en-equipos-de-trabajo-un-analisis-longitudinal-y-multinivel\/","title":{"rendered":"Clima perceptivo y satisfacci\u00f3n laboral en equipos de trabajo: un an\u00e1lisis longitudinal y multinivel"},"content":{"rendered":"<h2>Tesis doctoral de <strong> Montserrat Subirats Ferrer <\/strong><\/h2>\n<p>El estudio del clima perceptivo ha recibido una amplia atenci\u00f3n durante las \u00faltimas d\u00e9cadas(pugh y payne, 1976;rousseau, 1988). El clima perceptivo puede operacionalizarse a distintos niveles de an\u00e1lisis, dando lugar a diferentes tipos de clima(clima psicol\u00f3gico, clima de equipo). As\u00ed, rosseau (1988) define el clima psicol\u00f3gico como las descripciones o percepciones individuales del ambiente o contexto social del que las personas forman parte. Los climas de los contextos laborales tienen numerosas facetas o dimensiones. Por otra parte, el clima del equipo es el clima psicologico agregado, que se utiliza para representar niveles de an\u00e1lisis mayores(equipos de trabajo, departamentos u organizaciones). Las investigaciones realizadas hasta la fecha indican que el clima perceptivo es una variable importante para entender el funcionamiento y los resultados de determinadas colectividades como las organizaciones, los departamentos, y los equipos de trabajo. Diferentes estudios emp\u00edricos han mostrado que el clima de un sistema social puede tener influencias importantes sobre los resultados que ese sistema tiene para: el suprasistema de forma parte, el propio sistema, y sus subsistemas o componentes. Sin embargo, el estudio de las relaciones entre el clima perceptivo y la satisfaci\u00f3n laboral ha dado lugar a un mayor n\u00famero de publicaciones(ver locke, 1976,1984;brunet, 1983). Como ocurre con el clima, la satisfaccion tambi\u00e9n presenta una gran variedad de facetas o dimensiones y puede ser operacionalizada a diferentes niveles de analisis: individual y grupal. Asi, el presente proyecto de tesis doctoral pretende examinar los efectos que tienen cada una de las dimensiones del clima consideradas en este estudio sobre las facetas de satisfacci\u00f3n laboral de manera independiente. en este sentido, cabe destacar que en la revision bibliografica realizada no se ha encontrado ning\u00fan modelo te\u00f3rico que muestre las relaciones existentes entre cada un<\/p>\n<p>&nbsp;<\/p>\n<h3>Datos acad\u00e9micos de la tesis doctoral \u00ab<strong>Clima perceptivo y satisfacci\u00f3n laboral en equipos de trabajo: un an\u00e1lisis longitudinal y multinivel<\/strong>\u00ab<\/h3>\n<ul>\n<li><strong>T\u00edtulo de la tesis:<\/strong>\u00a0 Clima perceptivo y satisfacci\u00f3n laboral en equipos de trabajo: un an\u00e1lisis longitudinal y multinivel <\/li>\n<li><strong>Autor:<\/strong>\u00a0 Montserrat Subirats Ferrer <\/li>\n<li><strong>Universidad:<\/strong>\u00a0 Universitat de val\u00e9ncia (estudi general)<\/li>\n<li><strong>Fecha de lectura de la tesis:<\/strong>\u00a0 17\/11\/2000<\/li>\n<\/ul>\n<p>&nbsp;<\/p>\n<h3>Direcci\u00f3n y tribunal<\/h3>\n<ul>\n<li><strong>Director de la tesis<\/strong>\n<ul>\n<li>Jos\u00e9 Mar\u00eda Peir\u00f3 Silla<\/li>\n<\/ul>\n<\/li>\n<li><strong>Tribunal<\/strong>\n<ul>\n<li>Presidente del tribunal: lourdes Munduate jaca <\/li>\n<li>pilar Gonz\u00e1lez l\u00f3pez (vocal)<\/li>\n<li>Manuel Silva v\u00e1zquez (vocal)<\/li>\n<li>Juan  ignacio Aragon\u00e9s tapia (vocal)<\/li>\n<\/ul>\n<\/li>\n<\/ul>\n<p>&nbsp;<\/p>\n","protected":false},"excerpt":{"rendered":"<p>Tesis doctoral de Montserrat Subirats Ferrer El estudio del clima perceptivo ha recibido una amplia atenci\u00f3n durante las \u00faltimas d\u00e9cadas(pugh [&hellip;]<\/p>\n","protected":false},"author":1,"featured_media":0,"comment_status":"open","ping_status":"open","sticky":false,"template":"","format":"standard","meta":{"site-sidebar-layout":"default","site-content-layout":"","ast-site-content-layout":"","site-content-style":"default","site-sidebar-style":"default","ast-global-header-display":"","ast-banner-title-visibility":"","ast-main-header-display":"","ast-hfb-above-header-display":"","ast-hfb-below-header-display":"","ast-hfb-mobile-header-display":"","site-post-title":"","ast-breadcrumbs-content":"","ast-featured-img":"","footer-sml-layout":"","theme-transparent-header-meta":"","adv-header-id-meta":"","stick-header-meta":"","header-above-stick-meta":"","header-main-stick-meta":"","header-below-stick-meta":"","astra-migrate-meta-layouts":"default","ast-page-background-enabled":"default","ast-page-background-meta":{"desktop":{"background-color":"var(--ast-global-color-4)","background-image":"","background-repeat":"repeat","background-position":"center center","background-size":"auto","background-attachment":"scroll","background-type":"","background-media":"","overlay-type":"","overlay-color":"","overlay-gradient":""},"tablet":{"background-color":"","background-image":"","background-repeat":"repeat","background-position":"center center","background-size":"auto","background-attachment":"scroll","background-type":"","background-media":"","overlay-type":"","overlay-color":"","overlay-gradient":""},"mobile":{"background-color":"","background-image":"","background-repeat":"repeat","background-position":"center center","background-size":"auto","background-attachment":"scroll","background-type":"","background-media":"","overlay-type":"","overlay-color":"","overlay-gradient":""}},"ast-content-background-meta":{"desktop":{"background-color":"var(--ast-global-color-5)","background-image":"","background-repeat":"repeat","background-position":"center center","background-size":"auto","background-attachment":"scroll","background-type":"","background-media":"","overlay-type":"","overlay-color":"","overlay-gradient":""},"tablet":{"background-color":"var(--ast-global-color-5)","background-image":"","background-repeat":"repeat","background-position":"center center","background-size":"auto","background-attachment":"scroll","background-type":"","background-media":"","overlay-type":"","overlay-color":"","overlay-gradient":""},"mobile":{"background-color":"var(--ast-global-color-5)","background-image":"","background-repeat":"repeat","background-position":"center center","background-size":"auto","background-attachment":"scroll","background-type":"","background-media":"","overlay-type":"","overlay-color":"","overlay-gradient":""}},"footnotes":""},"categories":[1175,7125,324,7126],"tags":[7129,7229,2999,1396,182920,38164],"class_list":["post-87385","post","type-post","status-publish","format-standard","hentry","category-evaluacion-y-diagnostico-en-psicologia","category-motivacion-laboral-y-actitudes","category-psicologia","category-psicologia-industrial","tag-jose-maria-peiro-silla","tag-juan-ignacio-aragones-tapia","tag-lourdes-munduate-jaca","tag-manuel-silva-vazquez","tag-montserrat-subirats-ferrer","tag-pilar-gonzalez-lopez"],"_links":{"self":[{"href":"https:\/\/www.deberes.net\/tesis\/wp-json\/wp\/v2\/posts\/87385","targetHints":{"allow":["GET"]}}],"collection":[{"href":"https:\/\/www.deberes.net\/tesis\/wp-json\/wp\/v2\/posts"}],"about":[{"href":"https:\/\/www.deberes.net\/tesis\/wp-json\/wp\/v2\/types\/post"}],"author":[{"embeddable":true,"href":"https:\/\/www.deberes.net\/tesis\/wp-json\/wp\/v2\/users\/1"}],"replies":[{"embeddable":true,"href":"https:\/\/www.deberes.net\/tesis\/wp-json\/wp\/v2\/comments?post=87385"}],"version-history":[{"count":0,"href":"https:\/\/www.deberes.net\/tesis\/wp-json\/wp\/v2\/posts\/87385\/revisions"}],"wp:attachment":[{"href":"https:\/\/www.deberes.net\/tesis\/wp-json\/wp\/v2\/media?parent=87385"}],"wp:term":[{"taxonomy":"category","embeddable":true,"href":"https:\/\/www.deberes.net\/tesis\/wp-json\/wp\/v2\/categories?post=87385"},{"taxonomy":"post_tag","embeddable":true,"href":"https:\/\/www.deberes.net\/tesis\/wp-json\/wp\/v2\/tags?post=87385"}],"curies":[{"name":"wp","href":"https:\/\/api.w.org\/{rel}","templated":true}]}}