{"id":87397,"date":"2018-03-10T00:12:12","date_gmt":"2018-03-10T00:12:12","guid":{"rendered":"https:\/\/www.deberes.net\/tesis\/sin-categoria\/los-mecanismos-de-la-expresividad-en-la-poetria-nova-de-godofredo-de-vinsanf\/"},"modified":"2018-03-10T00:12:12","modified_gmt":"2018-03-10T00:12:12","slug":"los-mecanismos-de-la-expresividad-en-la-poetria-nova-de-godofredo-de-vinsanf","status":"publish","type":"post","link":"https:\/\/www.deberes.net\/tesis\/linguistica\/los-mecanismos-de-la-expresividad-en-la-poetria-nova-de-godofredo-de-vinsanf\/","title":{"rendered":"Los mecanismos de la expresividad en la poetria nova de godofredo de vinsanf"},"content":{"rendered":"<h2>Tesis doctoral de <strong> Ana Mar\u00eda Calvo Revilla <\/strong><\/h2>\n<p>La poetria nova, objeto de estudio de la tesis doctoral, es un texto en hex\u00e1metros, escrito en lat\u00edn entre 1209 y 1215, permanecen enmarcada en uno de los grandes g\u00e9neros ret\u00f3ricos medievales, el del ars poetriae, denominado tambi\u00e9n gram\u00e1tica preceptiva o ret\u00f3rica de la versificaci\u00f3n.  en el trabajo de investigaci\u00f3n realizado hemos abordado el estudio conjunto de toda la bora, empresa de gran amplitud que comprende una traducci\u00f3n del lat\u00edn al castellano y un an\u00e1lisis te\u00f3rico-literario pormenorizado de la misma desde una teor\u00eda de las macroestructuras textuales, dentro del marco de la ret\u00f3rica general.  la ling\u00ed\u00bc\u00edstica textual ha proporcionado a la teor\u00eda de la literatura la armaz\u00f3n matate\u00f3rica adecuada para explicar la construcci\u00f3n del texto: y es desde la perspectiva de una teor\u00eda de las macroestructuras fundada en dicha armaz\u00f3n desde donde hemos llevado a cabo las reflexiones sobre la ret\u00f3rica medieva.  la ret\u00f3rica general posee as\u00ed una estructura semi\u00f3tica de base pragm\u00e1tica, centrada en el texo como unidad ling\u00ed\u00bc\u00edstica-comunicativa y el objeto de intercambio comunicativo entre el productor y el receptor.<\/p>\n<p>&nbsp;<\/p>\n<h3>Datos acad\u00e9micos de la tesis doctoral \u00ab<strong>Los mecanismos de la expresividad en la poetria nova de godofredo de vinsanf<\/strong>\u00ab<\/h3>\n<ul>\n<li><strong>T\u00edtulo de la tesis:<\/strong>\u00a0 Los mecanismos de la expresividad en la poetria nova de godofredo de vinsanf <\/li>\n<li><strong>Autor:<\/strong>\u00a0 Ana Mar\u00eda Calvo Revilla <\/li>\n<li><strong>Universidad:<\/strong>\u00a0 Aut\u00f3noma de Madrid<\/li>\n<li><strong>Fecha de lectura de la tesis:<\/strong>\u00a0 17\/11\/2000<\/li>\n<\/ul>\n<p>&nbsp;<\/p>\n<h3>Direcci\u00f3n y tribunal<\/h3>\n<ul>\n<li><strong>Director de la tesis<\/strong>\n<ul>\n<li>Tomas Albaladejo Mayordomo<\/li>\n<\/ul>\n<\/li>\n<li><strong>Tribunal<\/strong>\n<ul>\n<li>Presidente del tribunal:  Bobes naves M\u00aa carmen <\/li>\n<li>carmen Gallardo mediavilla (vocal)<\/li>\n<li>Carlos Alvar ezquerra (vocal)<\/li>\n<li>Francisco Chico rico (vocal)<\/li>\n<\/ul>\n<\/li>\n<\/ul>\n<p>&nbsp;<\/p>\n","protected":false},"excerpt":{"rendered":"<p>Tesis doctoral de Ana Mar\u00eda Calvo Revilla La poetria nova, objeto de estudio de la tesis doctoral, es un texto [&hellip;]<\/p>\n","protected":false},"author":1,"featured_media":0,"comment_status":"open","ping_status":"open","sticky":false,"template":"","format":"standard","meta":{"site-sidebar-layout":"default","site-content-layout":"","ast-site-content-layout":"","site-content-style":"default","site-sidebar-style":"default","ast-global-header-display":"","ast-banner-title-visibility":"","ast-main-header-display":"","ast-hfb-above-header-display":"","ast-hfb-below-header-display":"","ast-hfb-mobile-header-display":"","site-post-title":"","ast-breadcrumbs-content":"","ast-featured-img":"","footer-sml-layout":"","theme-transparent-header-meta":"","adv-header-id-meta":"","stick-header-meta":"","header-above-stick-meta":"","header-main-stick-meta":"","header-below-stick-meta":"","astra-migrate-meta-layouts":"default","ast-page-background-enabled":"default","ast-page-background-meta":{"desktop":{"background-color":"var(--ast-global-color-4)","background-image":"","background-repeat":"repeat","background-position":"center center","background-size":"auto","background-attachment":"scroll","background-type":"","background-media":"","overlay-type":"","overlay-color":"","overlay-gradient":""},"tablet":{"background-color":"","background-image":"","background-repeat":"repeat","background-position":"center center","background-size":"auto","background-attachment":"scroll","background-type":"","background-media":"","overlay-type":"","overlay-color":"","overlay-gradient":""},"mobile":{"background-color":"","background-image":"","background-repeat":"repeat","background-position":"center center","background-size":"auto","background-attachment":"scroll","background-type":"","background-media":"","overlay-type":"","overlay-color":"","overlay-gradient":""}},"ast-content-background-meta":{"desktop":{"background-color":"var(--ast-global-color-5)","background-image":"","background-repeat":"repeat","background-position":"center center","background-size":"auto","background-attachment":"scroll","background-type":"","background-media":"","overlay-type":"","overlay-color":"","overlay-gradient":""},"tablet":{"background-color":"var(--ast-global-color-5)","background-image":"","background-repeat":"repeat","background-position":"center center","background-size":"auto","background-attachment":"scroll","background-type":"","background-media":"","overlay-type":"","overlay-color":"","overlay-gradient":""},"mobile":{"background-color":"var(--ast-global-color-5)","background-image":"","background-repeat":"repeat","background-position":"center center","background-size":"auto","background-attachment":"scroll","background-type":"","background-media":"","overlay-type":"","overlay-color":"","overlay-gradient":""}},"footnotes":""},"categories":[636,59,60],"tags":[182940,182941,6095,182942,32447,4759],"class_list":["post-87397","post","type-post","status-publish","format-standard","hentry","category-lengua-y-literatura","category-linguistica","category-linguistica-aplicada","tag-ana-maria-calvo-revilla","tag-bobes-naves-ma-carmen","tag-carlos-alvar-ezquerra","tag-carmen-gallardo-mediavilla","tag-francisco-chico-rico","tag-tomas-albaladejo-mayordomo"],"_links":{"self":[{"href":"https:\/\/www.deberes.net\/tesis\/wp-json\/wp\/v2\/posts\/87397","targetHints":{"allow":["GET"]}}],"collection":[{"href":"https:\/\/www.deberes.net\/tesis\/wp-json\/wp\/v2\/posts"}],"about":[{"href":"https:\/\/www.deberes.net\/tesis\/wp-json\/wp\/v2\/types\/post"}],"author":[{"embeddable":true,"href":"https:\/\/www.deberes.net\/tesis\/wp-json\/wp\/v2\/users\/1"}],"replies":[{"embeddable":true,"href":"https:\/\/www.deberes.net\/tesis\/wp-json\/wp\/v2\/comments?post=87397"}],"version-history":[{"count":0,"href":"https:\/\/www.deberes.net\/tesis\/wp-json\/wp\/v2\/posts\/87397\/revisions"}],"wp:attachment":[{"href":"https:\/\/www.deberes.net\/tesis\/wp-json\/wp\/v2\/media?parent=87397"}],"wp:term":[{"taxonomy":"category","embeddable":true,"href":"https:\/\/www.deberes.net\/tesis\/wp-json\/wp\/v2\/categories?post=87397"},{"taxonomy":"post_tag","embeddable":true,"href":"https:\/\/www.deberes.net\/tesis\/wp-json\/wp\/v2\/tags?post=87397"}],"curies":[{"name":"wp","href":"https:\/\/api.w.org\/{rel}","templated":true}]}}