{"id":87439,"date":"2018-03-10T00:12:12","date_gmt":"2018-03-10T00:12:12","guid":{"rendered":"https:\/\/www.deberes.net\/tesis\/sin-categoria\/evaluacion-del-instrumento-y-el-procedimiento-aplicado-por-la-secretaria-de-educacion-de-santander-para-evaluar-las-instituciones-de-secundaria\/"},"modified":"2018-03-10T00:12:12","modified_gmt":"2018-03-10T00:12:12","slug":"evaluacion-del-instrumento-y-el-procedimiento-aplicado-por-la-secretaria-de-educacion-de-santander-para-evaluar-las-instituciones-de-secundaria","status":"publish","type":"post","link":"https:\/\/www.deberes.net\/tesis\/pedagogia\/evaluacion-del-instrumento-y-el-procedimiento-aplicado-por-la-secretaria-de-educacion-de-santander-para-evaluar-las-instituciones-de-secundaria\/","title":{"rendered":"\u00abevaluaci\u00f3n del instrumento y el procedimiento aplicado por la secretaria de educaci\u00f3n de santander para evaluar las instituciones de secundaria\u00bb"},"content":{"rendered":"<h2>Tesis doctoral de <strong> Esperanza Vera Arias <\/strong><\/h2>\n<p>La investigaci\u00f3n busca identificar los procedimientos teoricos y practicos a traves de los cuales se evaluan las intituciones educativas, contextualiza el estudio de caso haciendo una metaevaluaci\u00f3n del instrumento y el procedimiento utilizado por la secretaria de educacion de santander, para evaluar las instituciones de secundaria, hace un an\u00e1lisis acerca de la construcci\u00f3n del instrumento y establece los aspectos que caracterizan su aplicaci\u00f3n, a partir de las conclusiones en que se deriva el proceso investigativo, se adoptan unos referentes de car\u00e1cter teorico y procedimental a partir de los cuales se construye la propuesta alternativa.<\/p>\n<p>&nbsp;<\/p>\n<h3>Datos acad\u00e9micos de la tesis doctoral \u00ab<strong>\u00abevaluaci\u00f3n del instrumento y el procedimiento aplicado por la secretaria de educaci\u00f3n de santander para evaluar las instituciones de secundaria\u00bb<\/strong>\u00ab<\/h3>\n<ul>\n<li><strong>T\u00edtulo de la tesis:<\/strong>\u00a0 \u00abevaluaci\u00f3n del instrumento y el procedimiento aplicado por la secretaria de educaci\u00f3n de santander para evaluar las instituciones de secundaria\u00bb <\/li>\n<li><strong>Autor:<\/strong>\u00a0 Esperanza Vera Arias <\/li>\n<li><strong>Universidad:<\/strong>\u00a0 Valladolid<\/li>\n<li><strong>Fecha de lectura de la tesis:<\/strong>\u00a0 21\/11\/2000<\/li>\n<\/ul>\n<p>&nbsp;<\/p>\n<h3>Direcci\u00f3n y tribunal<\/h3>\n<ul>\n<li><strong>Director de la tesis<\/strong>\n<ul>\n<li>Martin Rodriguez Rojo<\/li>\n<\/ul>\n<\/li>\n<li><strong>Tribunal<\/strong>\n<ul>\n<li>Presidente del tribunal: Miguel angel Santos guerra <\/li>\n<li>Antonio Fraile aranda (vocal)<\/li>\n<li>isabel Canton mayo (vocal)<\/li>\n<li>valentin Gonez moro (vocal)<\/li>\n<\/ul>\n<\/li>\n<\/ul>\n<p>&nbsp;<\/p>\n","protected":false},"excerpt":{"rendered":"<p>Tesis doctoral de Esperanza Vera Arias La investigaci\u00f3n busca identificar los procedimientos teoricos y practicos a traves de los cuales [&hellip;]<\/p>\n","protected":false},"author":1,"featured_media":0,"comment_status":"open","ping_status":"open","sticky":false,"template":"","format":"standard","meta":{"site-sidebar-layout":"default","site-content-layout":"","ast-site-content-layout":"","site-content-style":"default","site-sidebar-style":"default","ast-global-header-display":"","ast-banner-title-visibility":"","ast-main-header-display":"","ast-hfb-above-header-display":"","ast-hfb-below-header-display":"","ast-hfb-mobile-header-display":"","site-post-title":"","ast-breadcrumbs-content":"","ast-featured-img":"","footer-sml-layout":"","theme-transparent-header-meta":"","adv-header-id-meta":"","stick-header-meta":"","header-above-stick-meta":"","header-main-stick-meta":"","header-below-stick-meta":"","astra-migrate-meta-layouts":"default","ast-page-background-enabled":"default","ast-page-background-meta":{"desktop":{"background-color":"var(--ast-global-color-4)","background-image":"","background-repeat":"repeat","background-position":"center center","background-size":"auto","background-attachment":"scroll","background-type":"","background-media":"","overlay-type":"","overlay-color":"","overlay-gradient":""},"tablet":{"background-color":"","background-image":"","background-repeat":"repeat","background-position":"center center","background-size":"auto","background-attachment":"scroll","background-type":"","background-media":"","overlay-type":"","overlay-color":"","overlay-gradient":""},"mobile":{"background-color":"","background-image":"","background-repeat":"repeat","background-position":"center center","background-size":"auto","background-attachment":"scroll","background-type":"","background-media":"","overlay-type":"","overlay-color":"","overlay-gradient":""}},"ast-content-background-meta":{"desktop":{"background-color":"var(--ast-global-color-5)","background-image":"","background-repeat":"repeat","background-position":"center center","background-size":"auto","background-attachment":"scroll","background-type":"","background-media":"","overlay-type":"","overlay-color":"","overlay-gradient":""},"tablet":{"background-color":"var(--ast-global-color-5)","background-image":"","background-repeat":"repeat","background-position":"center center","background-size":"auto","background-attachment":"scroll","background-type":"","background-media":"","overlay-type":"","overlay-color":"","overlay-gradient":""},"mobile":{"background-color":"var(--ast-global-color-5)","background-image":"","background-repeat":"repeat","background-position":"center center","background-size":"auto","background-attachment":"scroll","background-type":"","background-media":"","overlay-type":"","overlay-color":"","overlay-gradient":""}},"footnotes":""},"categories":[2623,7611,1184,1141,12451],"tags":[1293,183005,57212,9518,8007,183006],"class_list":["post-87439","post","type-post","status-publish","format-standard","hentry","category-educacion-basica","category-organizacion-y-direccion-de-las-instituciones-educativas","category-organizacion-y-planificacion-de-la-educacion","category-pedagogia","category-valladolid","tag-antonio-fraile-aranda","tag-esperanza-vera-arias","tag-isabel-canton-mayo","tag-martin-rodriguez-rojo","tag-miguel-angel-santos-guerra","tag-valentin-gonez-moro"],"_links":{"self":[{"href":"https:\/\/www.deberes.net\/tesis\/wp-json\/wp\/v2\/posts\/87439","targetHints":{"allow":["GET"]}}],"collection":[{"href":"https:\/\/www.deberes.net\/tesis\/wp-json\/wp\/v2\/posts"}],"about":[{"href":"https:\/\/www.deberes.net\/tesis\/wp-json\/wp\/v2\/types\/post"}],"author":[{"embeddable":true,"href":"https:\/\/www.deberes.net\/tesis\/wp-json\/wp\/v2\/users\/1"}],"replies":[{"embeddable":true,"href":"https:\/\/www.deberes.net\/tesis\/wp-json\/wp\/v2\/comments?post=87439"}],"version-history":[{"count":0,"href":"https:\/\/www.deberes.net\/tesis\/wp-json\/wp\/v2\/posts\/87439\/revisions"}],"wp:attachment":[{"href":"https:\/\/www.deberes.net\/tesis\/wp-json\/wp\/v2\/media?parent=87439"}],"wp:term":[{"taxonomy":"category","embeddable":true,"href":"https:\/\/www.deberes.net\/tesis\/wp-json\/wp\/v2\/categories?post=87439"},{"taxonomy":"post_tag","embeddable":true,"href":"https:\/\/www.deberes.net\/tesis\/wp-json\/wp\/v2\/tags?post=87439"}],"curies":[{"name":"wp","href":"https:\/\/api.w.org\/{rel}","templated":true}]}}