{"id":87474,"date":"2018-03-10T00:12:17","date_gmt":"2018-03-10T00:12:17","guid":{"rendered":"https:\/\/www.deberes.net\/tesis\/sin-categoria\/la-revolucion-peruana-ideologia-y-practica-politica-de-un-gobierno-militar1968-1975\/"},"modified":"2018-03-10T00:12:17","modified_gmt":"2018-03-10T00:12:17","slug":"la-revolucion-peruana-ideologia-y-practica-politica-de-un-gobierno-militar1968-1975","status":"publish","type":"post","link":"https:\/\/www.deberes.net\/tesis\/historia\/la-revolucion-peruana-ideologia-y-practica-politica-de-un-gobierno-militar1968-1975\/","title":{"rendered":"La revolucion peruana: ideolog\u00eda y practica politica de un gobierno militar,1968-1975"},"content":{"rendered":"<h2>Tesis doctoral de <strong> Juan Martin Sanchez <\/strong><\/h2>\n<p>El objetivo de esta tesis es analizar el proyecto pol\u00edtico y su ejecuci\u00f3n que desplegaron los militares peruanos durante los a\u00f1os del gobierno del general juan velasco alvarado, 1968-1975.  la tesis central que se defiende es que la revoluci\u00f3n -con su naturaleza paradojica de subversi\u00f3n y soberania, por un lado, y acontecimiento particular y proyecto universal, por otro fue el guion clave de la ideolog\u00eda y la practica politica del gobierno militar peruano presidido por el general juan velasco alvarado. Esto supon\u00eda un intento de cambio estructural y simultaneo del sistema politico mediante una accion no determinada por ese sistema y conducida por una minoria consistente, con autonom\u00eda y en una posici\u00f3n privilegiada en el estado y la sociedad.  para desarrollar los argumentos, se hace un r\u00e1pido repaso a la historia del peru desde 1930 hasta las visperas del alzamiento militar del 68. En este, se trata de identificar las principales claves por las que el peru era considerado un pais inacabado y desarticulado, coloidal. Se pone especial atenci\u00f3n a como emerge la nocion de revoluci\u00f3n entre los proyectos politicos peruanos hasta impregnar la mayoria de los idearios con posibilidad de \u00e9xito politico. Posteriormente se dedica un largo capitulo al estudio de la formaci\u00f3n de la minor\u00eda gobernante, tanto en su composici\u00f3n militar como en sus apoyos civiles. En este capitulo tambien se revisan los principales documentos fundadores de esa minor\u00eda consistente. Los siguientes tres capitulos estan dedicados a la exposici\u00f3n y analisis de las principales reformas estructurales que intento el gobierno, en los niveles de la identidad nacional, el regimen politico y la estructura economica. El ultimo capitulo recupera todo lo anterior para hacer una discusi\u00f3n de la propia noci\u00f3n de revoluci\u00f3n que desarroll\u00f3 el gobierno militar y c\u00f3mo entenderla desde las diversas teorias politicas que han atendido este tema.<\/p>\n<p>&nbsp;<\/p>\n<h3>Datos acad\u00e9micos de la tesis doctoral \u00ab<strong>La revolucion peruana: ideolog\u00eda y practica politica de un gobierno militar,1968-1975<\/strong>\u00ab<\/h3>\n<ul>\n<li><strong>T\u00edtulo de la tesis:<\/strong>\u00a0 La revolucion peruana: ideolog\u00eda y practica politica de un gobierno militar,1968-1975 <\/li>\n<li><strong>Autor:<\/strong>\u00a0 Juan Martin Sanchez <\/li>\n<li><strong>Universidad:<\/strong>\u00a0 Nacional de educaci\u00f3n a distancia<\/li>\n<li><strong>Fecha de lectura de la tesis:<\/strong>\u00a0 23\/11\/2000<\/li>\n<\/ul>\n<p>&nbsp;<\/p>\n<h3>Direcci\u00f3n y tribunal<\/h3>\n<ul>\n<li><strong>Director de la tesis<\/strong>\n<ul>\n<li>Rosario Sevilla Soler<\/li>\n<\/ul>\n<\/li>\n<li><strong>Tribunal<\/strong>\n<ul>\n<li>Presidente del tribunal: pilar Garcia  jordan <\/li>\n<li>Jos\u00e9 Antonio D\u00e9niz espin\u00f3s (vocal)<\/li>\n<li>Jaime Pastor verd\u00fa (vocal)<\/li>\n<li> Harto de vera Fernando (vocal)<\/li>\n<\/ul>\n<\/li>\n<\/ul>\n<p>&nbsp;<\/p>\n","protected":false},"excerpt":{"rendered":"<p>Tesis doctoral de Juan Martin Sanchez El objetivo de esta tesis es analizar el proyecto pol\u00edtico y su ejecuci\u00f3n que [&hellip;]<\/p>\n","protected":false},"author":1,"featured_media":0,"comment_status":"open","ping_status":"open","sticky":false,"template":"","format":"standard","meta":{"site-sidebar-layout":"default","site-content-layout":"","ast-site-content-layout":"","site-content-style":"default","site-sidebar-style":"default","ast-global-header-display":"","ast-banner-title-visibility":"","ast-main-header-display":"","ast-hfb-above-header-display":"","ast-hfb-below-header-display":"","ast-hfb-mobile-header-display":"","site-post-title":"","ast-breadcrumbs-content":"","ast-featured-img":"","footer-sml-layout":"","theme-transparent-header-meta":"","adv-header-id-meta":"","stick-header-meta":"","header-above-stick-meta":"","header-main-stick-meta":"","header-below-stick-meta":"","astra-migrate-meta-layouts":"default","ast-page-background-enabled":"default","ast-page-background-meta":{"desktop":{"background-color":"var(--ast-global-color-4)","background-image":"","background-repeat":"repeat","background-position":"center center","background-size":"auto","background-attachment":"scroll","background-type":"","background-media":"","overlay-type":"","overlay-color":"","overlay-gradient":""},"tablet":{"background-color":"","background-image":"","background-repeat":"repeat","background-position":"center center","background-size":"auto","background-attachment":"scroll","background-type":"","background-media":"","overlay-type":"","overlay-color":"","overlay-gradient":""},"mobile":{"background-color":"","background-image":"","background-repeat":"repeat","background-position":"center center","background-size":"auto","background-attachment":"scroll","background-type":"","background-media":"","overlay-type":"","overlay-color":"","overlay-gradient":""}},"ast-content-background-meta":{"desktop":{"background-color":"var(--ast-global-color-5)","background-image":"","background-repeat":"repeat","background-position":"center center","background-size":"auto","background-attachment":"scroll","background-type":"","background-media":"","overlay-type":"","overlay-color":"","overlay-gradient":""},"tablet":{"background-color":"var(--ast-global-color-5)","background-image":"","background-repeat":"repeat","background-position":"center center","background-size":"auto","background-attachment":"scroll","background-type":"","background-media":"","overlay-type":"","overlay-color":"","overlay-gradient":""},"mobile":{"background-color":"var(--ast-global-color-5)","background-image":"","background-repeat":"repeat","background-position":"center center","background-size":"auto","background-attachment":"scroll","background-type":"","background-media":"","overlay-type":"","overlay-color":"","overlay-gradient":""}},"footnotes":""},"categories":[838,104,3538,222,18503,17070,41920,839,6917],"tags":[92892,10046,19685,82343,49201,37724],"class_list":["post-87474","post","type-post","status-publish","format-standard","hentry","category-ciencia-politica","category-historia","category-historia-de-las-ideas-politicas","category-historias-especializadas","category-ideologias-politicas","category-nacional-de-educacion-a-distancia","category-planificacion-politica","category-politicas-sectoriales","category-teoria-politica","tag-harto-de-vera-fernando","tag-jaime-pastor-verdu","tag-jose-antonio-deniz-espinos","tag-juan-martin-sanchez","tag-pilar-garcia-jordan","tag-rosario-sevilla-soler"],"_links":{"self":[{"href":"https:\/\/www.deberes.net\/tesis\/wp-json\/wp\/v2\/posts\/87474","targetHints":{"allow":["GET"]}}],"collection":[{"href":"https:\/\/www.deberes.net\/tesis\/wp-json\/wp\/v2\/posts"}],"about":[{"href":"https:\/\/www.deberes.net\/tesis\/wp-json\/wp\/v2\/types\/post"}],"author":[{"embeddable":true,"href":"https:\/\/www.deberes.net\/tesis\/wp-json\/wp\/v2\/users\/1"}],"replies":[{"embeddable":true,"href":"https:\/\/www.deberes.net\/tesis\/wp-json\/wp\/v2\/comments?post=87474"}],"version-history":[{"count":0,"href":"https:\/\/www.deberes.net\/tesis\/wp-json\/wp\/v2\/posts\/87474\/revisions"}],"wp:attachment":[{"href":"https:\/\/www.deberes.net\/tesis\/wp-json\/wp\/v2\/media?parent=87474"}],"wp:term":[{"taxonomy":"category","embeddable":true,"href":"https:\/\/www.deberes.net\/tesis\/wp-json\/wp\/v2\/categories?post=87474"},{"taxonomy":"post_tag","embeddable":true,"href":"https:\/\/www.deberes.net\/tesis\/wp-json\/wp\/v2\/tags?post=87474"}],"curies":[{"name":"wp","href":"https:\/\/api.w.org\/{rel}","templated":true}]}}