{"id":87494,"date":"2018-03-10T00:12:17","date_gmt":"2018-03-10T00:12:17","guid":{"rendered":"https:\/\/www.deberes.net\/tesis\/sin-categoria\/articulacion-jurisdiccional-y-estructura-socioeconomica-en-la-comarca-de-molina-de-aragon-durante-la-baja-edad-media\/"},"modified":"2018-03-10T00:12:17","modified_gmt":"2018-03-10T00:12:17","slug":"articulacion-jurisdiccional-y-estructura-socioeconomica-en-la-comarca-de-molina-de-aragon-durante-la-baja-edad-media","status":"publish","type":"post","link":"https:\/\/www.deberes.net\/tesis\/historia\/articulacion-jurisdiccional-y-estructura-socioeconomica-en-la-comarca-de-molina-de-aragon-durante-la-baja-edad-media\/","title":{"rendered":"Articulaci\u00f3n jurisdiccional y estructura socioecon\u00f3mica en la comarca de molina de arag\u00f3n durante la baja edad media"},"content":{"rendered":"<h2>Tesis doctoral de <strong> Mar\u00eda  Elena Cortes Ruiz <\/strong><\/h2>\n<p>Esta tesis doctoral analiza la situaci\u00f3n bajomedieval de la comarca de molina de arag\u00f3n, atendiendo a tres factores diferentes:  -la articulaci\u00f3n y estructuraci\u00f3n de su espacio geogr\u00e1fico, al ser un territorio de castilla, fronterizo frente al reino de arag\u00f3n.  -la organizaci\u00f3n social de su poblaci\u00f3n, an la que, por su condici\u00f3n fronteriza, predomina el elemento caballeresco, y las actividades econ\u00f3micas que se practican, con el predominio absoluto de la ganader\u00eda.  -las diferentes instituciones de gobierno que actu\u00e1n sobre el territorio, estructurado como una \u00abcomunidad de villa y tierra\u00bb: el concejo de la villa, el com\u00fan de la tierra, con cierta autonom\u00eda con respecto al \u00f3rgano concejil, y una serie de peque\u00f1os se\u00f1orios particulares que se han ido desarrollando en la tierra, desde el siglo xiv.<\/p>\n<p>&nbsp;<\/p>\n<h3>Datos acad\u00e9micos de la tesis doctoral \u00ab<strong>Articulaci\u00f3n jurisdiccional y estructura socioecon\u00f3mica en la comarca de molina de arag\u00f3n durante la baja edad media<\/strong>\u00ab<\/h3>\n<ul>\n<li><strong>T\u00edtulo de la tesis:<\/strong>\u00a0 Articulaci\u00f3n jurisdiccional y estructura socioecon\u00f3mica en la comarca de molina de arag\u00f3n durante la baja edad media <\/li>\n<li><strong>Autor:<\/strong>\u00a0 Mar\u00eda  Elena Cortes Ruiz <\/li>\n<li><strong>Universidad:<\/strong>\u00a0 Complutense de Madrid<\/li>\n<li><strong>Fecha de lectura de la tesis:<\/strong>\u00a0 24\/11\/2000<\/li>\n<\/ul>\n<p>&nbsp;<\/p>\n<h3>Direcci\u00f3n y tribunal<\/h3>\n<ul>\n<li><strong>Director de la tesis<\/strong>\n<ul>\n<li> Quintanilla Raso M. Concepci\u00f3n<\/li>\n<\/ul>\n<\/li>\n<li><strong>Tribunal<\/strong>\n<ul>\n<li>Presidente del tribunal: Miguel \u00e1ngel Ladero quesada <\/li>\n<li>enrique Cantera montenegro (vocal)<\/li>\n<li> Caunedo del potro betsabe (vocal)<\/li>\n<li>remedios Mor\u00e1n mart\u00edn (vocal)<\/li>\n<\/ul>\n<\/li>\n<\/ul>\n<p>&nbsp;<\/p>\n","protected":false},"excerpt":{"rendered":"<p>Tesis doctoral de Mar\u00eda Elena Cortes Ruiz Esta tesis doctoral analiza la situaci\u00f3n bajomedieval de la comarca de molina de [&hellip;]<\/p>\n","protected":false},"author":1,"featured_media":0,"comment_status":"open","ping_status":"open","sticky":false,"template":"","format":"standard","meta":{"site-sidebar-layout":"default","site-content-layout":"","ast-site-content-layout":"","site-content-style":"default","site-sidebar-style":"default","ast-global-header-display":"","ast-banner-title-visibility":"","ast-main-header-display":"","ast-hfb-above-header-display":"","ast-hfb-below-header-display":"","ast-hfb-mobile-header-display":"","site-post-title":"","ast-breadcrumbs-content":"","ast-featured-img":"","footer-sml-layout":"","theme-transparent-header-meta":"","adv-header-id-meta":"","stick-header-meta":"","header-above-stick-meta":"","header-main-stick-meta":"","header-below-stick-meta":"","astra-migrate-meta-layouts":"default","ast-page-background-enabled":"default","ast-page-background-meta":{"desktop":{"background-color":"var(--ast-global-color-4)","background-image":"","background-repeat":"repeat","background-position":"center center","background-size":"auto","background-attachment":"scroll","background-type":"","background-media":"","overlay-type":"","overlay-color":"","overlay-gradient":""},"tablet":{"background-color":"","background-image":"","background-repeat":"repeat","background-position":"center center","background-size":"auto","background-attachment":"scroll","background-type":"","background-media":"","overlay-type":"","overlay-color":"","overlay-gradient":""},"mobile":{"background-color":"","background-image":"","background-repeat":"repeat","background-position":"center center","background-size":"auto","background-attachment":"scroll","background-type":"","background-media":"","overlay-type":"","overlay-color":"","overlay-gradient":""}},"ast-content-background-meta":{"desktop":{"background-color":"var(--ast-global-color-5)","background-image":"","background-repeat":"repeat","background-position":"center center","background-size":"auto","background-attachment":"scroll","background-type":"","background-media":"","overlay-type":"","overlay-color":"","overlay-gradient":""},"tablet":{"background-color":"var(--ast-global-color-5)","background-image":"","background-repeat":"repeat","background-position":"center center","background-size":"auto","background-attachment":"scroll","background-type":"","background-media":"","overlay-type":"","overlay-color":"","overlay-gradient":""},"mobile":{"background-color":"var(--ast-global-color-5)","background-image":"","background-repeat":"repeat","background-position":"center center","background-size":"auto","background-attachment":"scroll","background-type":"","background-media":"","overlay-type":"","overlay-color":"","overlay-gradient":""}},"footnotes":""},"categories":[104,639,119,220,981],"tags":[61059,5300,183096,5296,22716,4596],"class_list":["post-87494","post","type-post","status-publish","format-standard","hentry","category-historia","category-historia-de-paises","category-historia-medieval","category-historia-por-epocas","category-historia-regional","tag-caunedo-del-potro-betsabe","tag-enrique-cantera-montenegro","tag-maria-elena-cortes-ruiz","tag-miguel-angel-ladero-quesada","tag-quintanilla-raso-m-concepcion","tag-remedios-moran-martin"],"_links":{"self":[{"href":"https:\/\/www.deberes.net\/tesis\/wp-json\/wp\/v2\/posts\/87494","targetHints":{"allow":["GET"]}}],"collection":[{"href":"https:\/\/www.deberes.net\/tesis\/wp-json\/wp\/v2\/posts"}],"about":[{"href":"https:\/\/www.deberes.net\/tesis\/wp-json\/wp\/v2\/types\/post"}],"author":[{"embeddable":true,"href":"https:\/\/www.deberes.net\/tesis\/wp-json\/wp\/v2\/users\/1"}],"replies":[{"embeddable":true,"href":"https:\/\/www.deberes.net\/tesis\/wp-json\/wp\/v2\/comments?post=87494"}],"version-history":[{"count":0,"href":"https:\/\/www.deberes.net\/tesis\/wp-json\/wp\/v2\/posts\/87494\/revisions"}],"wp:attachment":[{"href":"https:\/\/www.deberes.net\/tesis\/wp-json\/wp\/v2\/media?parent=87494"}],"wp:term":[{"taxonomy":"category","embeddable":true,"href":"https:\/\/www.deberes.net\/tesis\/wp-json\/wp\/v2\/categories?post=87494"},{"taxonomy":"post_tag","embeddable":true,"href":"https:\/\/www.deberes.net\/tesis\/wp-json\/wp\/v2\/tags?post=87494"}],"curies":[{"name":"wp","href":"https:\/\/api.w.org\/{rel}","templated":true}]}}