{"id":87523,"date":"2018-03-10T00:12:21","date_gmt":"2018-03-10T00:12:21","guid":{"rendered":"https:\/\/www.deberes.net\/tesis\/sin-categoria\/ellibelo-de-demanda-canonica-concepto-requisitos-y-admision\/"},"modified":"2018-03-10T00:12:21","modified_gmt":"2018-03-10T00:12:21","slug":"ellibelo-de-demanda-canonica-concepto-requisitos-y-admision","status":"publish","type":"post","link":"https:\/\/www.deberes.net\/tesis\/historia\/ellibelo-de-demanda-canonica-concepto-requisitos-y-admision\/","title":{"rendered":"Ellibelo de demanda canonica: concepto, requisitos y admision"},"content":{"rendered":"<h2>Tesis doctoral de <strong> Rafael Rodr\u00edguez-oca\u00f1a <\/strong><\/h2>\n<p>El trabajo de investigaci\u00f3n que se presenta contiene un estudio de la petici\u00f3n de parte con la que se solicita el inicio de un determinado proceso dentro del \u00e1mbito del derecho de la iglesia cat\u00f3lica. En una primera parte de la tesis se estudian, en cap\u00edtulos diversos, el concepto de demanda can\u00f3nica; la esencia de la demanda; las clases de libelos; y los elementos y requisitos que deben cumplir seg\u00fan la normativa can\u00f3nica. Seguidamente se aborda, en la segunda parte, la tem\u00e1tica de la admisi\u00f3n y, en su caso, el rechazo de la demanda por parte del tribunal, en conreto, se hace una exposici\u00f3n de las normas que regulan la admisi\u00f3n del libelo y de las dificultades interpretativas que dichas normas plantean. La tercera y \u00faltima parte est\u00e1 resevada a los remedios judiciales que se ofrecen contra el rechazo de la demanda. En dos cap\u00edtulos se estudian, respectivamente, el recurso contra el decreto de rechazo de la demanda y la impugnaci\u00f3n de la decisi\u00f3n que confirma dicho rechazo, cuesti\u00f3n \u00e9sta que ha suscitado diversas opiniones, tanto en la praxis de los tribunales como entre los estudiosos del tema. el trabajo termina con una conclusiones derivadas de la investigaci\u00f3n llevada a cabo.<\/p>\n<p>&nbsp;<\/p>\n<h3>Datos acad\u00e9micos de la tesis doctoral \u00ab<strong>Ellibelo de demanda canonica: concepto, requisitos y admision<\/strong>\u00ab<\/h3>\n<ul>\n<li><strong>T\u00edtulo de la tesis:<\/strong>\u00a0 Ellibelo de demanda canonica: concepto, requisitos y admision <\/li>\n<li><strong>Autor:<\/strong>\u00a0 Rafael Rodr\u00edguez-oca\u00f1a <\/li>\n<li><strong>Universidad:<\/strong>\u00a0 Navarra<\/li>\n<li><strong>Fecha de lectura de la tesis:<\/strong>\u00a0 24\/11\/2000<\/li>\n<\/ul>\n<p>&nbsp;<\/p>\n<h3>Direcci\u00f3n y tribunal<\/h3>\n<ul>\n<li><strong>Director de la tesis<\/strong>\n<ul>\n<li>Carmelo De Diego Lora<\/li>\n<\/ul>\n<\/li>\n<li><strong>Tribunal<\/strong>\n<ul>\n<li>Presidente del tribunal: Juan Fornes de la rosa <\/li>\n<li>daniel Tirapu Martinez (vocal)<\/li>\n<li>eduardo Molano gragera (vocal)<\/li>\n<li> Roca fernandez M\u00aa Jos\u00e9 (vocal)<\/li>\n<\/ul>\n<\/li>\n<\/ul>\n<p>&nbsp;<\/p>\n","protected":false},"excerpt":{"rendered":"<p>Tesis doctoral de Rafael Rodr\u00edguez-oca\u00f1a El trabajo de investigaci\u00f3n que se presenta contiene un estudio de la petici\u00f3n de parte [&hellip;]<\/p>\n","protected":false},"author":1,"featured_media":0,"comment_status":"open","ping_status":"open","sticky":false,"template":"","format":"standard","meta":{"site-sidebar-layout":"default","site-content-layout":"","ast-site-content-layout":"","site-content-style":"default","site-sidebar-style":"default","ast-global-header-display":"","ast-banner-title-visibility":"","ast-main-header-display":"","ast-hfb-above-header-display":"","ast-hfb-below-header-display":"","ast-hfb-mobile-header-display":"","site-post-title":"","ast-breadcrumbs-content":"","ast-featured-img":"","footer-sml-layout":"","theme-transparent-header-meta":"","adv-header-id-meta":"","stick-header-meta":"","header-above-stick-meta":"","header-main-stick-meta":"","header-below-stick-meta":"","astra-migrate-meta-layouts":"default","ast-page-background-enabled":"default","ast-page-background-meta":{"desktop":{"background-color":"var(--ast-global-color-4)","background-image":"","background-repeat":"repeat","background-position":"center center","background-size":"auto","background-attachment":"scroll","background-type":"","background-media":"","overlay-type":"","overlay-color":"","overlay-gradient":""},"tablet":{"background-color":"","background-image":"","background-repeat":"repeat","background-position":"center center","background-size":"auto","background-attachment":"scroll","background-type":"","background-media":"","overlay-type":"","overlay-color":"","overlay-gradient":""},"mobile":{"background-color":"","background-image":"","background-repeat":"repeat","background-position":"center center","background-size":"auto","background-attachment":"scroll","background-type":"","background-media":"","overlay-type":"","overlay-color":"","overlay-gradient":""}},"ast-content-background-meta":{"desktop":{"background-color":"var(--ast-global-color-5)","background-image":"","background-repeat":"repeat","background-position":"center center","background-size":"auto","background-attachment":"scroll","background-type":"","background-media":"","overlay-type":"","overlay-color":"","overlay-gradient":""},"tablet":{"background-color":"var(--ast-global-color-5)","background-image":"","background-repeat":"repeat","background-position":"center center","background-size":"auto","background-attachment":"scroll","background-type":"","background-media":"","overlay-type":"","overlay-color":"","overlay-gradient":""},"mobile":{"background-color":"var(--ast-global-color-5)","background-image":"","background-repeat":"repeat","background-position":"center center","background-size":"auto","background-attachment":"scroll","background-type":"","background-media":"","overlay-type":"","overlay-color":"","overlay-gradient":""}},"footnotes":""},"categories":[612,11921,104,758,222,17749],"tags":[18187,20914,32083,18108,18189,183149],"class_list":["post-87523","post","type-post","status-publish","format-standard","hentry","category-ciencias-juridicas-y-derecho","category-derecho-canonico","category-historia","category-historia-del-derecho-y-de-las-instituciones-juridicas","category-historias-especializadas","category-navarra","tag-carmelo-de-diego-lora","tag-daniel-tirapu-Martinez","tag-eduardo-molano-gragera","tag-juan-fornes-de-la-rosa","tag-rafael-rodriguez-ocana","tag-roca-fernandez-ma-jose"],"_links":{"self":[{"href":"https:\/\/www.deberes.net\/tesis\/wp-json\/wp\/v2\/posts\/87523","targetHints":{"allow":["GET"]}}],"collection":[{"href":"https:\/\/www.deberes.net\/tesis\/wp-json\/wp\/v2\/posts"}],"about":[{"href":"https:\/\/www.deberes.net\/tesis\/wp-json\/wp\/v2\/types\/post"}],"author":[{"embeddable":true,"href":"https:\/\/www.deberes.net\/tesis\/wp-json\/wp\/v2\/users\/1"}],"replies":[{"embeddable":true,"href":"https:\/\/www.deberes.net\/tesis\/wp-json\/wp\/v2\/comments?post=87523"}],"version-history":[{"count":0,"href":"https:\/\/www.deberes.net\/tesis\/wp-json\/wp\/v2\/posts\/87523\/revisions"}],"wp:attachment":[{"href":"https:\/\/www.deberes.net\/tesis\/wp-json\/wp\/v2\/media?parent=87523"}],"wp:term":[{"taxonomy":"category","embeddable":true,"href":"https:\/\/www.deberes.net\/tesis\/wp-json\/wp\/v2\/categories?post=87523"},{"taxonomy":"post_tag","embeddable":true,"href":"https:\/\/www.deberes.net\/tesis\/wp-json\/wp\/v2\/tags?post=87523"}],"curies":[{"name":"wp","href":"https:\/\/api.w.org\/{rel}","templated":true}]}}