{"id":87582,"date":"2018-03-10T00:12:25","date_gmt":"2018-03-10T00:12:25","guid":{"rendered":"https:\/\/www.deberes.net\/tesis\/sin-categoria\/disseny-i-construccio-dun-correlador-optic-dual-integrant-les-arquitectures-de-vander-lugt-i-de-transformades-conjuntes\/"},"modified":"2018-03-10T00:12:25","modified_gmt":"2018-03-10T00:12:25","slug":"disseny-i-construccio-dun-correlador-optic-dual-integrant-les-arquitectures-de-vander-lugt-i-de-transformades-conjuntes","status":"publish","type":"post","link":"https:\/\/www.deberes.net\/tesis\/fisica\/disseny-i-construccio-dun-correlador-optic-dual-integrant-les-arquitectures-de-vander-lugt-i-de-transformades-conjuntes\/","title":{"rendered":"Disseny i construccio d`un correlador optic dual integrant les arquitectures de vander lugt i de transformades conjuntes"},"content":{"rendered":"<h2>Tesis doctoral de <strong> Ignasi Labastida Juan <\/strong><\/h2>\n<p>En este trabajo se ha dise\u00f1ado y construido un procesador optico que combina las dos arquitecturas t\u00edpicas de los montajes de correlaci\u00f3n optica, la de vanderlugt y la de transformadas conjuntas. Este correlador \u00f3ptica dual utiliza pantallas de cristal l\u00edquido para mostrar las im\u00e1gnes, por lo que se ha tenido que realizar un proceso de caracterizaci\u00f3n de estos dispositivos optoelectronicos antes de ser utilizados en los montajes. Otra caracteristica del correlador final construido es la de su optimizacion respecto a la longitud total.  en la primera parte del trabajo se ha realizado un estudio gen\u00e9rico de las pantallas de cristal l\u00edquido analizando su funcionamiento y las configuraciones de trabajo. Este estudio se ha aplicado a las pantallas que se utilizaran en los montajes y que han sido extraidas de videoproyectores comerciales.  despues de analizar los dispositivos se ha pasado a analizar los dos tipos de arquitecturas empezando por la del correlador de transformadas conjuntas con el cual se han realizado diferentes procesos de reconocimiento de objetos. estos procesos se han llevado a cabo con un nuevo metodo con el que se obtiene un \u00fanico termino de correlacion centrado en el plano de salida.  respecto al sistema de vanderlugt, se han construido diversos montajes de correlador convergente utilizando la propia electr\u00f3nica de los videoproyectores y una unica tarjeta digitalizadora o grafica para controlar las pantallas. tambien se han propuesto una variaci\u00f3n del filtro de fase clasico tomando solo el valor absoluto de la fase ya que las propiedades de modulaci\u00f3n de algunas de las pantallas lo requerian. Finalmente se ha dise\u00f1ado el correlador optico dual que combina las dos arquitecturas teniendo en cuenta los factores de escala y con el objetivo de utilizar la m\u00ednima longitud requerida por el tama\u00f1o de las im\u00e1genes y los pixelados de las pantallas. se ha realizado un analisis matematico y los resultados se han adap<\/p>\n<p>&nbsp;<\/p>\n<h3>Datos acad\u00e9micos de la tesis doctoral \u00ab<strong>Disseny i construccio d`un correlador optic dual integrant les arquitectures de vander lugt i de transformades conjuntes<\/strong>\u00ab<\/h3>\n<ul>\n<li><strong>T\u00edtulo de la tesis:<\/strong>\u00a0 Disseny i construccio d`un correlador optic dual integrant les arquitectures de vander lugt i de transformades conjuntes <\/li>\n<li><strong>Autor:<\/strong>\u00a0 Ignasi Labastida Juan <\/li>\n<li><strong>Universidad:<\/strong>\u00a0 Barcelona<\/li>\n<li><strong>Fecha de lectura de la tesis:<\/strong>\u00a0 29\/11\/2000<\/li>\n<\/ul>\n<p>&nbsp;<\/p>\n<h3>Direcci\u00f3n y tribunal<\/h3>\n<ul>\n<li><strong>Director de la tesis<\/strong>\n<ul>\n<li>Santiago Vallmitjana Rico<\/li>\n<\/ul>\n<\/li>\n<li><strong>Tribunal<\/strong>\n<ul>\n<li>Presidente del tribunal: Jos\u00e9 ram\u00f3n De Francisco moneo <\/li>\n<li>dom\u00e9nec Ros puig (vocal)<\/li>\n<li>Carlos Gomez reino carnota (vocal)<\/li>\n<li>Carlos Ferreira garcia (vocal)<\/li>\n<\/ul>\n<\/li>\n<\/ul>\n<p>&nbsp;<\/p>\n","protected":false},"excerpt":{"rendered":"<p>Tesis doctoral de Ignasi Labastida Juan En este trabajo se ha dise\u00f1ado y construido un procesador optico que combina las [&hellip;]<\/p>\n","protected":false},"author":1,"featured_media":0,"comment_status":"open","ping_status":"open","sticky":false,"template":"","format":"standard","meta":{"site-sidebar-layout":"default","site-content-layout":"","ast-site-content-layout":"","site-content-style":"default","site-sidebar-style":"default","ast-global-header-display":"","ast-banner-title-visibility":"","ast-main-header-display":"","ast-hfb-above-header-display":"","ast-hfb-below-header-display":"","ast-hfb-mobile-header-display":"","site-post-title":"","ast-breadcrumbs-content":"","ast-featured-img":"","footer-sml-layout":"","theme-transparent-header-meta":"","adv-header-id-meta":"","stick-header-meta":"","header-above-stick-meta":"","header-main-stick-meta":"","header-below-stick-meta":"","astra-migrate-meta-layouts":"default","ast-page-background-enabled":"default","ast-page-background-meta":{"desktop":{"background-color":"var(--ast-global-color-4)","background-image":"","background-repeat":"repeat","background-position":"center center","background-size":"auto","background-attachment":"scroll","background-type":"","background-media":"","overlay-type":"","overlay-color":"","overlay-gradient":""},"tablet":{"background-color":"","background-image":"","background-repeat":"repeat","background-position":"center center","background-size":"auto","background-attachment":"scroll","background-type":"","background-media":"","overlay-type":"","overlay-color":"","overlay-gradient":""},"mobile":{"background-color":"","background-image":"","background-repeat":"repeat","background-position":"center center","background-size":"auto","background-attachment":"scroll","background-type":"","background-media":"","overlay-type":"","overlay-color":"","overlay-gradient":""}},"ast-content-background-meta":{"desktop":{"background-color":"var(--ast-global-color-5)","background-image":"","background-repeat":"repeat","background-position":"center center","background-size":"auto","background-attachment":"scroll","background-type":"","background-media":"","overlay-type":"","overlay-color":"","overlay-gradient":""},"tablet":{"background-color":"var(--ast-global-color-5)","background-image":"","background-repeat":"repeat","background-position":"center center","background-size":"auto","background-attachment":"scroll","background-type":"","background-media":"","overlay-type":"","overlay-color":"","overlay-gradient":""},"mobile":{"background-color":"var(--ast-global-color-5)","background-image":"","background-repeat":"repeat","background-position":"center center","background-size":"auto","background-attachment":"scroll","background-type":"","background-media":"","overlay-type":"","overlay-color":"","overlay-gradient":""}},"footnotes":""},"categories":[951,199,1525,3024,21130],"tags":[11734,11796,121475,183242,20198,11798],"class_list":["post-87582","post","type-post","status-publish","format-standard","hentry","category-barcelona","category-fisica","category-optica","category-optica-fisica","category-tratamiento-digital-de-imagenes","tag-carlos-ferreira-garcia","tag-carlos-gomez-reino-carnota","tag-domenec-ros-puig","tag-ignasi-labastida-juan","tag-jose-ramon-de-francisco-moneo","tag-santiago-vallmitjana-rico"],"_links":{"self":[{"href":"https:\/\/www.deberes.net\/tesis\/wp-json\/wp\/v2\/posts\/87582","targetHints":{"allow":["GET"]}}],"collection":[{"href":"https:\/\/www.deberes.net\/tesis\/wp-json\/wp\/v2\/posts"}],"about":[{"href":"https:\/\/www.deberes.net\/tesis\/wp-json\/wp\/v2\/types\/post"}],"author":[{"embeddable":true,"href":"https:\/\/www.deberes.net\/tesis\/wp-json\/wp\/v2\/users\/1"}],"replies":[{"embeddable":true,"href":"https:\/\/www.deberes.net\/tesis\/wp-json\/wp\/v2\/comments?post=87582"}],"version-history":[{"count":0,"href":"https:\/\/www.deberes.net\/tesis\/wp-json\/wp\/v2\/posts\/87582\/revisions"}],"wp:attachment":[{"href":"https:\/\/www.deberes.net\/tesis\/wp-json\/wp\/v2\/media?parent=87582"}],"wp:term":[{"taxonomy":"category","embeddable":true,"href":"https:\/\/www.deberes.net\/tesis\/wp-json\/wp\/v2\/categories?post=87582"},{"taxonomy":"post_tag","embeddable":true,"href":"https:\/\/www.deberes.net\/tesis\/wp-json\/wp\/v2\/tags?post=87582"}],"curies":[{"name":"wp","href":"https:\/\/api.w.org\/{rel}","templated":true}]}}