{"id":87708,"date":"2000-04-12T00:00:00","date_gmt":"2000-04-12T00:00:00","guid":{"rendered":"https:\/\/www.deberes.net\/tesis\/sin-categoria\/la-valencia-sintactico-semantica-de-los-verbos-del-espanol\/"},"modified":"2000-04-12T00:00:00","modified_gmt":"2000-04-12T00:00:00","slug":"la-valencia-sintactico-semantica-de-los-verbos-del-espanol","status":"publish","type":"post","link":"https:\/\/www.deberes.net\/tesis\/linguistica\/la-valencia-sintactico-semantica-de-los-verbos-del-espanol\/","title":{"rendered":"La Valencia sint\u00e1ctico-semantica de los verbos del espa\u00f1ol."},"content":{"rendered":"<h2>Tesis doctoral de <strong> Juan  Miguel Cuartero Otal <\/strong><\/h2>\n<p>A partir de un corpus de 2000 esquemas oracionales sint\u00e1ctico-sem\u00e1nticos, la tesis doctoral constituye -por un lado- un intento de presentar una reflexi\u00f3n sobre las funciones sintagm\u00e1ticas que se pueden distinguir seg\u00fan los postulados de algunos estudios funcionalistas desarrollados en el \u00e1mbito del espa\u00f1ol y -por otro -de elaborar un m\u00e9todo sistem\u00e1tico de clasificaci\u00f3n de los elementos del corpus basado en la Valencia y en el aspecto.<\/p>\n<p>&nbsp;<\/p>\n<h3>Datos acad\u00e9micos de la tesis doctoral \u00ab<strong>La Valencia sint\u00e1ctico-semantica de los verbos del espa\u00f1ol.<\/strong>\u00ab<\/h3>\n<ul>\n<li><strong>T\u00edtulo de la tesis:<\/strong>\u00a0 La Valencia sint\u00e1ctico-semantica de los verbos del espa\u00f1ol. <\/li>\n<li><strong>Autor:<\/strong>\u00a0 Juan  Miguel Cuartero Otal <\/li>\n<li><strong>Universidad:<\/strong>\u00a0 Extremadura<\/li>\n<li><strong>Fecha de lectura de la tesis:<\/strong>\u00a0 04\/12\/2000<\/li>\n<\/ul>\n<p>&nbsp;<\/p>\n<h3>Direcci\u00f3n y tribunal<\/h3>\n<ul>\n<li><strong>Director de la tesis<\/strong>\n<ul>\n<li>Jos\u00e9 Manuel Gonz\u00e1lez Calvo<\/li>\n<\/ul>\n<\/li>\n<li><strong>Tribunal<\/strong>\n<ul>\n<li>Presidente del tribunal: Salvador Guti\u00e9rrez Ord\u00f3\u00f1ez <\/li>\n<li>Martin Hummel (vocal)<\/li>\n<li>Ignacio Bosque Mu\u00f1oz (vocal)<\/li>\n<li>Francisco Hernandez Paricio (vocal)<\/li>\n<\/ul>\n<\/li>\n<\/ul>\n<p>&nbsp;<\/p>\n","protected":false},"excerpt":{"rendered":"<p>Tesis doctoral de Juan Miguel Cuartero Otal A partir de un corpus de 2000 esquemas oracionales sint\u00e1ctico-sem\u00e1nticos, la tesis doctoral [&hellip;]<\/p>\n","protected":false},"author":1,"featured_media":0,"comment_status":"open","ping_status":"open","sticky":false,"template":"","format":"standard","meta":{"site-sidebar-layout":"default","site-content-layout":"","ast-site-content-layout":"","site-content-style":"default","site-sidebar-style":"default","ast-global-header-display":"","ast-banner-title-visibility":"","ast-main-header-display":"","ast-hfb-above-header-display":"","ast-hfb-below-header-display":"","ast-hfb-mobile-header-display":"","site-post-title":"","ast-breadcrumbs-content":"","ast-featured-img":"","footer-sml-layout":"","theme-transparent-header-meta":"","adv-header-id-meta":"","stick-header-meta":"","header-above-stick-meta":"","header-main-stick-meta":"","header-below-stick-meta":"","astra-migrate-meta-layouts":"default","ast-page-background-enabled":"default","ast-page-background-meta":{"desktop":{"background-color":"var(--ast-global-color-4)","background-image":"","background-repeat":"repeat","background-position":"center center","background-size":"auto","background-attachment":"scroll","background-type":"","background-media":"","overlay-type":"","overlay-color":"","overlay-gradient":""},"tablet":{"background-color":"","background-image":"","background-repeat":"repeat","background-position":"center center","background-size":"auto","background-attachment":"scroll","background-type":"","background-media":"","overlay-type":"","overlay-color":"","overlay-gradient":""},"mobile":{"background-color":"","background-image":"","background-repeat":"repeat","background-position":"center center","background-size":"auto","background-attachment":"scroll","background-type":"","background-media":"","overlay-type":"","overlay-color":"","overlay-gradient":""}},"ast-content-background-meta":{"desktop":{"background-color":"var(--ast-global-color-5)","background-image":"","background-repeat":"repeat","background-position":"center center","background-size":"auto","background-attachment":"scroll","background-type":"","background-media":"","overlay-type":"","overlay-color":"","overlay-gradient":""},"tablet":{"background-color":"var(--ast-global-color-5)","background-image":"","background-repeat":"repeat","background-position":"center center","background-size":"auto","background-attachment":"scroll","background-type":"","background-media":"","overlay-type":"","overlay-color":"","overlay-gradient":""},"mobile":{"background-color":"var(--ast-global-color-5)","background-image":"","background-repeat":"repeat","background-position":"center center","background-size":"auto","background-attachment":"scroll","background-type":"","background-media":"","overlay-type":"","overlay-color":"","overlay-gradient":""}},"footnotes":""},"categories":[949,59,62,886,409],"tags":[179284,2543,19503,183445,183446,3018],"class_list":["post-87708","post","type-post","status-publish","format-standard","hentry","category-extremadura","category-linguistica","category-linguistica-sincronica","category-semantica","category-sintaxis-y-analisis-sintactico","tag-francisco-hernandez-paricio","tag-ignacio-bosque-munoz","tag-jose-manuel-gonzalez-calvo","tag-juan-miguel-cuartero-otal","tag-martin-hummel","tag-salvador-gutierrez-ordonez"],"_links":{"self":[{"href":"https:\/\/www.deberes.net\/tesis\/wp-json\/wp\/v2\/posts\/87708","targetHints":{"allow":["GET"]}}],"collection":[{"href":"https:\/\/www.deberes.net\/tesis\/wp-json\/wp\/v2\/posts"}],"about":[{"href":"https:\/\/www.deberes.net\/tesis\/wp-json\/wp\/v2\/types\/post"}],"author":[{"embeddable":true,"href":"https:\/\/www.deberes.net\/tesis\/wp-json\/wp\/v2\/users\/1"}],"replies":[{"embeddable":true,"href":"https:\/\/www.deberes.net\/tesis\/wp-json\/wp\/v2\/comments?post=87708"}],"version-history":[{"count":0,"href":"https:\/\/www.deberes.net\/tesis\/wp-json\/wp\/v2\/posts\/87708\/revisions"}],"wp:attachment":[{"href":"https:\/\/www.deberes.net\/tesis\/wp-json\/wp\/v2\/media?parent=87708"}],"wp:term":[{"taxonomy":"category","embeddable":true,"href":"https:\/\/www.deberes.net\/tesis\/wp-json\/wp\/v2\/categories?post=87708"},{"taxonomy":"post_tag","embeddable":true,"href":"https:\/\/www.deberes.net\/tesis\/wp-json\/wp\/v2\/tags?post=87708"}],"curies":[{"name":"wp","href":"https:\/\/api.w.org\/{rel}","templated":true}]}}