{"id":87758,"date":"2000-05-12T00:00:00","date_gmt":"2000-05-12T00:00:00","guid":{"rendered":"https:\/\/www.deberes.net\/tesis\/sin-categoria\/variables-cognitivas-implicadas-en-el-ajuste-al-trauma-y-asociadas-a-la-comunicacion-emocional\/"},"modified":"2000-05-12T00:00:00","modified_gmt":"2000-05-12T00:00:00","slug":"variables-cognitivas-implicadas-en-el-ajuste-al-trauma-y-asociadas-a-la-comunicacion-emocional","status":"publish","type":"post","link":"https:\/\/www.deberes.net\/tesis\/psicologia\/variables-cognitivas-implicadas-en-el-ajuste-al-trauma-y-asociadas-a-la-comunicacion-emocional\/","title":{"rendered":"Variables cognitivas implicadas en el ajuste al trauma y asociadas a la comunicaci\u00f3n emocional"},"content":{"rendered":"<h2>Tesis doctoral de <strong> Natalia Silvia Ramos Diaz <\/strong><\/h2>\n<p>El objetivo de la tesis presentada era analizar la adaptaci\u00f3n de los individuos a sucesos traum\u00e1ticos. Concretamente, determinar c\u00f3mo la comunicaci\u00f3n emocional facilita dicha adaptaci\u00f3n y en que situaciones es m\u00e1s beneficiosa . Para dicho fin, trabajamos con mujeres de la facultad de psicolog\u00eda que eran expuestas a un v\u00eddeo sobre agresines sexuales analizando las respuestas cognitivas y emocionales ante dicha experiencia. Los resultados de la investigaci\u00f3n pusieron de manifiesto de hablar y m\u00e1s exactamente, hacerlo ante personas que confrontan de manera adecuada nuestros sentimientos y pensamientos relacionados con la experiencia estaba asociado con una mejor adaptaci\u00f3n a la experiencia. Cuando los individuos no tienen la oportunidad de expresar sus emociones manifiestan, de forma contraria, una peor adaptaci\u00f3n a la situaci\u00f3n.<\/p>\n<p>&nbsp;<\/p>\n<h3>Datos acad\u00e9micos de la tesis doctoral \u00ab<strong>Variables cognitivas implicadas en el ajuste al trauma y asociadas a la comunicaci\u00f3n emocional<\/strong>\u00ab<\/h3>\n<ul>\n<li><strong>T\u00edtulo de la tesis:<\/strong>\u00a0 Variables cognitivas implicadas en el ajuste al trauma y asociadas a la comunicaci\u00f3n emocional <\/li>\n<li><strong>Autor:<\/strong>\u00a0 Natalia Silvia Ramos Diaz <\/li>\n<li><strong>Universidad:<\/strong>\u00a0 M\u00e1laga<\/li>\n<li><strong>Fecha de lectura de la tesis:<\/strong>\u00a0 05\/12\/2000<\/li>\n<\/ul>\n<p>&nbsp;<\/p>\n<h3>Direcci\u00f3n y tribunal<\/h3>\n<ul>\n<li><strong>Director de la tesis<\/strong>\n<ul>\n<li>Pablo Fernandez Berrocal<\/li>\n<\/ul>\n<\/li>\n<li><strong>Tribunal<\/strong>\n<ul>\n<li>Presidente del tribunal: alfredo Fierro bardadi <\/li>\n<li>Juan  Jos\u00e9 Miguel tobal (vocal)<\/li>\n<li>dordi Fernandez castro (vocal)<\/li>\n<li>dario Paez rovira (vocal)<\/li>\n<\/ul>\n<\/li>\n<\/ul>\n<p>&nbsp;<\/p>\n","protected":false},"excerpt":{"rendered":"<p>Tesis doctoral de Natalia Silvia Ramos Diaz El objetivo de la tesis presentada era analizar la adaptaci\u00f3n de los individuos [&hellip;]<\/p>\n","protected":false},"author":1,"featured_media":0,"comment_status":"open","ping_status":"open","sticky":false,"template":"","format":"standard","meta":{"site-sidebar-layout":"default","site-content-layout":"","ast-site-content-layout":"","site-content-style":"default","site-sidebar-style":"default","ast-global-header-display":"","ast-banner-title-visibility":"","ast-main-header-display":"","ast-hfb-above-header-display":"","ast-hfb-below-header-display":"","ast-hfb-mobile-header-display":"","site-post-title":"","ast-breadcrumbs-content":"","ast-featured-img":"","footer-sml-layout":"","theme-transparent-header-meta":"","adv-header-id-meta":"","stick-header-meta":"","header-above-stick-meta":"","header-main-stick-meta":"","header-below-stick-meta":"","astra-migrate-meta-layouts":"default","ast-page-background-enabled":"default","ast-page-background-meta":{"desktop":{"background-color":"var(--ast-global-color-4)","background-image":"","background-repeat":"repeat","background-position":"center center","background-size":"auto","background-attachment":"scroll","background-type":"","background-media":"","overlay-type":"","overlay-color":"","overlay-gradient":""},"tablet":{"background-color":"","background-image":"","background-repeat":"repeat","background-position":"center center","background-size":"auto","background-attachment":"scroll","background-type":"","background-media":"","overlay-type":"","overlay-color":"","overlay-gradient":""},"mobile":{"background-color":"","background-image":"","background-repeat":"repeat","background-position":"center center","background-size":"auto","background-attachment":"scroll","background-type":"","background-media":"","overlay-type":"","overlay-color":"","overlay-gradient":""}},"ast-content-background-meta":{"desktop":{"background-color":"var(--ast-global-color-5)","background-image":"","background-repeat":"repeat","background-position":"center center","background-size":"auto","background-attachment":"scroll","background-type":"","background-media":"","overlay-type":"","overlay-color":"","overlay-gradient":""},"tablet":{"background-color":"var(--ast-global-color-5)","background-image":"","background-repeat":"repeat","background-position":"center center","background-size":"auto","background-attachment":"scroll","background-type":"","background-media":"","overlay-type":"","overlay-color":"","overlay-gradient":""},"mobile":{"background-color":"var(--ast-global-color-5)","background-image":"","background-repeat":"repeat","background-position":"center center","background-size":"auto","background-attachment":"scroll","background-type":"","background-media":"","overlay-type":"","overlay-color":"","overlay-gradient":""}},"footnotes":""},"categories":[14934,4264,5263,7834,5262,324,2462,9116],"tags":[183509,13065,183510,5265,67597,17091],"class_list":["post-87758","post","type-post","status-publish","format-standard","hentry","category-analisis-experimental-de-la-conducta","category-asesoramiento-y-orientacion-psicologicas","category-emocion","category-malaga","category-procesos-mentales","category-psicologia","category-psicologia-experimental","category-psicoterapia","tag-alfredo-fierro-bardadi","tag-dario-paez-rovira","tag-dordi-fernandez-castro","tag-juan-jose-miguel-tobal","tag-natalia-silvia-ramos-diaz","tag-pablo-fernandez-berrocal"],"_links":{"self":[{"href":"https:\/\/www.deberes.net\/tesis\/wp-json\/wp\/v2\/posts\/87758","targetHints":{"allow":["GET"]}}],"collection":[{"href":"https:\/\/www.deberes.net\/tesis\/wp-json\/wp\/v2\/posts"}],"about":[{"href":"https:\/\/www.deberes.net\/tesis\/wp-json\/wp\/v2\/types\/post"}],"author":[{"embeddable":true,"href":"https:\/\/www.deberes.net\/tesis\/wp-json\/wp\/v2\/users\/1"}],"replies":[{"embeddable":true,"href":"https:\/\/www.deberes.net\/tesis\/wp-json\/wp\/v2\/comments?post=87758"}],"version-history":[{"count":0,"href":"https:\/\/www.deberes.net\/tesis\/wp-json\/wp\/v2\/posts\/87758\/revisions"}],"wp:attachment":[{"href":"https:\/\/www.deberes.net\/tesis\/wp-json\/wp\/v2\/media?parent=87758"}],"wp:term":[{"taxonomy":"category","embeddable":true,"href":"https:\/\/www.deberes.net\/tesis\/wp-json\/wp\/v2\/categories?post=87758"},{"taxonomy":"post_tag","embeddable":true,"href":"https:\/\/www.deberes.net\/tesis\/wp-json\/wp\/v2\/tags?post=87758"}],"curies":[{"name":"wp","href":"https:\/\/api.w.org\/{rel}","templated":true}]}}