{"id":87778,"date":"2000-11-12T00:00:00","date_gmt":"2000-11-12T00:00:00","guid":{"rendered":"https:\/\/www.deberes.net\/tesis\/sin-categoria\/sobre-la-prefijacion-apreciativa-en-espanol\/"},"modified":"2000-11-12T00:00:00","modified_gmt":"2000-11-12T00:00:00","slug":"sobre-la-prefijacion-apreciativa-en-espanol","status":"publish","type":"post","link":"https:\/\/www.deberes.net\/tesis\/linguistica\/sobre-la-prefijacion-apreciativa-en-espanol\/","title":{"rendered":"Sobre la prefijaci\u00f3n apreciativa en espa\u00f1ol"},"content":{"rendered":"<h2>Tesis doctoral de <strong> M. Isabel Rodriguez Ponce <\/strong><\/h2>\n<p>En este trabajo, tras una revisi\u00f3n de los mecanismos de formaci\u00f3n de palabras en espa\u00f1ol, y de los conceptos que con ellos se relacionan(derivaci\u00f3n, aficaci\u00f3n, infijaci\u00f3n e interfijaci\u00f3n, parasintesis, conversion,derivacion regresiva, siglos,acertamiento, acronimia, composici\u00f3n, se procede a una caracterizaci\u00f3n general de los prefijos, y se continua con la genesis y la evoluci\u00f3n del sistema prefijos en espa\u00f1ol. Estos datos, junto al contraste de los inventarios de prefijos en espa\u00f1ol, pretenden servir como soporte en el que se inserta la prefijaci\u00f3n apreciativa, cuyo esquema divide inicialmente los elementos de estudio en prefijos aumentativos y prefijos disminutivos, seg\u00fan el extremo (positivo\/negativo) de la ponderaci\u00f3n al que pertenezcan. dentro de cada grupo se establece una subdivisi\u00f3n que pretende ser sim\u00e9trica en la medida de lo posible:a) prefijos aumentativos. 1) superlaci\u00f3n(super);2) tama\u00f1o (nuevo); 3) cantidad precisa(cardinales, multiplos,decimales,totalizadores); 4) cantidad imprecisa(multi). B) prefijos diminutivos. 1) inferioridad (sub); 2) tama\u00f1o (micro); 3) cantidad precisa( fraccionarios y subm\u00faltiplos decimales); 4) aproximaci\u00f3n-alternaci\u00f3n(semi). Tras plantear la negaci\u00f3n como el \u00abumbral cero\u00bb de la apreciaci\u00f3n, y analizar algunos usos apreciativos, se pasa al estudio de cada prefijo, combinando criterios formales, funionales y sem\u00e1nticos.<\/p>\n<p>&nbsp;<\/p>\n<h3>Datos acad\u00e9micos de la tesis doctoral \u00ab<strong>Sobre la prefijaci\u00f3n apreciativa en espa\u00f1ol<\/strong>\u00ab<\/h3>\n<ul>\n<li><strong>T\u00edtulo de la tesis:<\/strong>\u00a0 Sobre la prefijaci\u00f3n apreciativa en espa\u00f1ol <\/li>\n<li><strong>Autor:<\/strong>\u00a0 M. Isabel Rodriguez Ponce <\/li>\n<li><strong>Universidad:<\/strong>\u00a0 Extremadura<\/li>\n<li><strong>Fecha de lectura de la tesis:<\/strong>\u00a0 11\/12\/2000<\/li>\n<\/ul>\n<p>&nbsp;<\/p>\n<h3>Direcci\u00f3n y tribunal<\/h3>\n<ul>\n<li><strong>Director de la tesis<\/strong>\n<ul>\n<li>Jos\u00e9 Manuel Gonz\u00e1lez Calvo<\/li>\n<\/ul>\n<\/li>\n<li><strong>Tribunal<\/strong>\n<ul>\n<li>Presidente del tribunal: Fernando \u00e1ngel L\u00e1zaro Mora <\/li>\n<li>Joaqu\u00edn Garrido Medina (vocal)<\/li>\n<li>Antonio Salvador Plans (vocal)<\/li>\n<li>Miguel \u00e1ngel Rebollo Tor\u00edo (vocal)<\/li>\n<\/ul>\n<\/li>\n<\/ul>\n<p>&nbsp;<\/p>\n","protected":false},"excerpt":{"rendered":"<p>Tesis doctoral de M. Isabel Rodriguez Ponce En este trabajo, tras una revisi\u00f3n de los mecanismos de formaci\u00f3n de palabras [&hellip;]<\/p>\n","protected":false},"author":1,"featured_media":0,"comment_status":"open","ping_status":"open","sticky":false,"template":"","format":"standard","meta":{"site-sidebar-layout":"default","site-content-layout":"","ast-site-content-layout":"","site-content-style":"default","site-sidebar-style":"default","ast-global-header-display":"","ast-banner-title-visibility":"","ast-main-header-display":"","ast-hfb-above-header-display":"","ast-hfb-below-header-display":"","ast-hfb-mobile-header-display":"","site-post-title":"","ast-breadcrumbs-content":"","ast-featured-img":"","footer-sml-layout":"","theme-transparent-header-meta":"","adv-header-id-meta":"","stick-header-meta":"","header-above-stick-meta":"","header-main-stick-meta":"","header-below-stick-meta":"","astra-migrate-meta-layouts":"default","ast-page-background-enabled":"default","ast-page-background-meta":{"desktop":{"background-color":"var(--ast-global-color-4)","background-image":"","background-repeat":"repeat","background-position":"center center","background-size":"auto","background-attachment":"scroll","background-type":"","background-media":"","overlay-type":"","overlay-color":"","overlay-gradient":""},"tablet":{"background-color":"","background-image":"","background-repeat":"repeat","background-position":"center center","background-size":"auto","background-attachment":"scroll","background-type":"","background-media":"","overlay-type":"","overlay-color":"","overlay-gradient":""},"mobile":{"background-color":"","background-image":"","background-repeat":"repeat","background-position":"center center","background-size":"auto","background-attachment":"scroll","background-type":"","background-media":"","overlay-type":"","overlay-color":"","overlay-gradient":""}},"ast-content-background-meta":{"desktop":{"background-color":"var(--ast-global-color-5)","background-image":"","background-repeat":"repeat","background-position":"center center","background-size":"auto","background-attachment":"scroll","background-type":"","background-media":"","overlay-type":"","overlay-color":"","overlay-gradient":""},"tablet":{"background-color":"var(--ast-global-color-5)","background-image":"","background-repeat":"repeat","background-position":"center center","background-size":"auto","background-attachment":"scroll","background-type":"","background-media":"","overlay-type":"","overlay-color":"","overlay-gradient":""},"mobile":{"background-color":"var(--ast-global-color-5)","background-image":"","background-repeat":"repeat","background-position":"center center","background-size":"auto","background-attachment":"scroll","background-type":"","background-media":"","overlay-type":"","overlay-color":"","overlay-gradient":""}},"footnotes":""},"categories":[949,59,4139,62],"tags":[12726,3141,4821,19503,183535,19502],"class_list":["post-87778","post","type-post","status-publish","format-standard","hentry","category-extremadura","category-linguistica","category-linguistica-comparada","category-linguistica-sincronica","tag-antonio-salvador-plans","tag-fernando-angel-lazaro-mora","tag-joaquin-garrido-medina","tag-jose-manuel-gonzalez-calvo","tag-m-isabel-rodriguez-ponce","tag-miguel-angel-rebollo-torio"],"_links":{"self":[{"href":"https:\/\/www.deberes.net\/tesis\/wp-json\/wp\/v2\/posts\/87778","targetHints":{"allow":["GET"]}}],"collection":[{"href":"https:\/\/www.deberes.net\/tesis\/wp-json\/wp\/v2\/posts"}],"about":[{"href":"https:\/\/www.deberes.net\/tesis\/wp-json\/wp\/v2\/types\/post"}],"author":[{"embeddable":true,"href":"https:\/\/www.deberes.net\/tesis\/wp-json\/wp\/v2\/users\/1"}],"replies":[{"embeddable":true,"href":"https:\/\/www.deberes.net\/tesis\/wp-json\/wp\/v2\/comments?post=87778"}],"version-history":[{"count":0,"href":"https:\/\/www.deberes.net\/tesis\/wp-json\/wp\/v2\/posts\/87778\/revisions"}],"wp:attachment":[{"href":"https:\/\/www.deberes.net\/tesis\/wp-json\/wp\/v2\/media?parent=87778"}],"wp:term":[{"taxonomy":"category","embeddable":true,"href":"https:\/\/www.deberes.net\/tesis\/wp-json\/wp\/v2\/categories?post=87778"},{"taxonomy":"post_tag","embeddable":true,"href":"https:\/\/www.deberes.net\/tesis\/wp-json\/wp\/v2\/tags?post=87778"}],"curies":[{"name":"wp","href":"https:\/\/api.w.org\/{rel}","templated":true}]}}