{"id":87781,"date":"2000-11-12T00:00:00","date_gmt":"2000-11-12T00:00:00","guid":{"rendered":"https:\/\/www.deberes.net\/tesis\/sin-categoria\/conciencia-i-fonament-estudi-sobre-el-coneixement-de-laanima-segons-sant-tomas\/"},"modified":"2000-11-12T00:00:00","modified_gmt":"2000-11-12T00:00:00","slug":"conciencia-i-fonament-estudi-sobre-el-coneixement-de-laanima-segons-sant-tomas","status":"publish","type":"post","link":"https:\/\/www.deberes.net\/tesis\/filosofia\/conciencia-i-fonament-estudi-sobre-el-coneixement-de-laanima-segons-sant-tomas\/","title":{"rendered":"Conciencia i fonament (estudi sobre el coneixement de l\u00c2\u00bfanima segons sant tomas)"},"content":{"rendered":"<h2>Tesis doctoral de <strong> Alejandro Verdes Ribas <\/strong><\/h2>\n<p>La tesis es un comentario a la cuesti\u00f3n x de veritate, que santo tom\u00e1s dedica a la mente y su conocimiento.  de los contenidos destaca la definici\u00f3n de la mente como \u00abmemoria sui\u00bb.  la memoria sui permite caracterizar la dimensi\u00f3n intuitiva de la conciencia como una experiencia espiritual.  la tesis compara el concepto de mente como memoria sui con el \u00abcogito\u00bb cartesiano y la apercepci\u00f3n transcendental en kant para establecer una via media entre la fenomenolog\u00eda de hegel y la ontolog\u00eda de heidegger.  se trata de plantear el conocimiento del alma como fundamento de la conciencia alterativo del giro hermeneutico pragm\u00e1tico de la filosofia postmoderna.<\/p>\n<p>&nbsp;<\/p>\n<h3>Datos acad\u00e9micos de la tesis doctoral \u00ab<strong>Conciencia i fonament (estudi sobre el coneixement de l\u00c2\u00bfanima segons sant tomas)<\/strong>\u00ab<\/h3>\n<ul>\n<li><strong>T\u00edtulo de la tesis:<\/strong>\u00a0 Conciencia i fonament (estudi sobre el coneixement de l\u00c2\u00bfanima segons sant tomas) <\/li>\n<li><strong>Autor:<\/strong>\u00a0 Alejandro Verdes Ribas <\/li>\n<li><strong>Universidad:<\/strong>\u00a0 Barcelona<\/li>\n<li><strong>Fecha de lectura de la tesis:<\/strong>\u00a0 11\/12\/2000<\/li>\n<\/ul>\n<p>&nbsp;<\/p>\n<h3>Direcci\u00f3n y tribunal<\/h3>\n<ul>\n<li><strong>Director de la tesis<\/strong>\n<ul>\n<li>Eudaldo Forment Giralt<\/li>\n<\/ul>\n<\/li>\n<li><strong>Tribunal<\/strong>\n<ul>\n<li>Presidente del tribunal: Jos\u00e9 Luis Arce carrascoso <\/li>\n<li>joaqu\u00edn Lomba fuentes (vocal)<\/li>\n<li>Juan Garcia del muro solans (vocal)<\/li>\n<li>francisca Tomar romero (vocal)<\/li>\n<\/ul>\n<\/li>\n<\/ul>\n<p>&nbsp;<\/p>\n","protected":false},"excerpt":{"rendered":"<p>Tesis doctoral de Alejandro Verdes Ribas La tesis es un comentario a la cuesti\u00f3n x de veritate, que santo tom\u00e1s [&hellip;]<\/p>\n","protected":false},"author":1,"featured_media":0,"comment_status":"open","ping_status":"open","sticky":false,"template":"","format":"standard","meta":{"site-sidebar-layout":"default","site-content-layout":"","ast-site-content-layout":"","site-content-style":"default","site-sidebar-style":"default","ast-global-header-display":"","ast-banner-title-visibility":"","ast-main-header-display":"","ast-hfb-above-header-display":"","ast-hfb-below-header-display":"","ast-hfb-mobile-header-display":"","site-post-title":"","ast-breadcrumbs-content":"","ast-featured-img":"","footer-sml-layout":"","theme-transparent-header-meta":"","adv-header-id-meta":"","stick-header-meta":"","header-above-stick-meta":"","header-main-stick-meta":"","header-below-stick-meta":"","astra-migrate-meta-layouts":"default","ast-page-background-enabled":"default","ast-page-background-meta":{"desktop":{"background-color":"var(--ast-global-color-4)","background-image":"","background-repeat":"repeat","background-position":"center center","background-size":"auto","background-attachment":"scroll","background-type":"","background-media":"","overlay-type":"","overlay-color":"","overlay-gradient":""},"tablet":{"background-color":"","background-image":"","background-repeat":"repeat","background-position":"center center","background-size":"auto","background-attachment":"scroll","background-type":"","background-media":"","overlay-type":"","overlay-color":"","overlay-gradient":""},"mobile":{"background-color":"","background-image":"","background-repeat":"repeat","background-position":"center center","background-size":"auto","background-attachment":"scroll","background-type":"","background-media":"","overlay-type":"","overlay-color":"","overlay-gradient":""}},"ast-content-background-meta":{"desktop":{"background-color":"var(--ast-global-color-5)","background-image":"","background-repeat":"repeat","background-position":"center center","background-size":"auto","background-attachment":"scroll","background-type":"","background-media":"","overlay-type":"","overlay-color":"","overlay-gradient":""},"tablet":{"background-color":"var(--ast-global-color-5)","background-image":"","background-repeat":"repeat","background-position":"center center","background-size":"auto","background-attachment":"scroll","background-type":"","background-media":"","overlay-type":"","overlay-color":"","overlay-gradient":""},"mobile":{"background-color":"var(--ast-global-color-5)","background-image":"","background-repeat":"repeat","background-position":"center center","background-size":"auto","background-attachment":"scroll","background-type":"","background-media":"","overlay-type":"","overlay-color":"","overlay-gradient":""}},"footnotes":""},"categories":[951,165,956,13455],"tags":[183540,1188,19187,28162,1062,183541],"class_list":["post-87781","post","type-post","status-publish","format-standard","hentry","category-barcelona","category-filosofia","category-filosofia-del-conocimiento","category-teoria-de-la-razon","tag-alejandro-verdes-ribas","tag-eudaldo-forment-giralt","tag-francisca-tomar-romero","tag-joaquin-lomba-fuentes","tag-jose-luis-arce-carrascoso","tag-juan-garcia-del-muro-solans"],"_links":{"self":[{"href":"https:\/\/www.deberes.net\/tesis\/wp-json\/wp\/v2\/posts\/87781","targetHints":{"allow":["GET"]}}],"collection":[{"href":"https:\/\/www.deberes.net\/tesis\/wp-json\/wp\/v2\/posts"}],"about":[{"href":"https:\/\/www.deberes.net\/tesis\/wp-json\/wp\/v2\/types\/post"}],"author":[{"embeddable":true,"href":"https:\/\/www.deberes.net\/tesis\/wp-json\/wp\/v2\/users\/1"}],"replies":[{"embeddable":true,"href":"https:\/\/www.deberes.net\/tesis\/wp-json\/wp\/v2\/comments?post=87781"}],"version-history":[{"count":0,"href":"https:\/\/www.deberes.net\/tesis\/wp-json\/wp\/v2\/posts\/87781\/revisions"}],"wp:attachment":[{"href":"https:\/\/www.deberes.net\/tesis\/wp-json\/wp\/v2\/media?parent=87781"}],"wp:term":[{"taxonomy":"category","embeddable":true,"href":"https:\/\/www.deberes.net\/tesis\/wp-json\/wp\/v2\/categories?post=87781"},{"taxonomy":"post_tag","embeddable":true,"href":"https:\/\/www.deberes.net\/tesis\/wp-json\/wp\/v2\/tags?post=87781"}],"curies":[{"name":"wp","href":"https:\/\/api.w.org\/{rel}","templated":true}]}}