{"id":87822,"date":"2000-12-12T00:00:00","date_gmt":"2000-12-12T00:00:00","guid":{"rendered":"https:\/\/www.deberes.net\/tesis\/sin-categoria\/factores-predictores-del-estado-funcional-en-una-poblacion-geriatrica-institucionalizada\/"},"modified":"2000-12-12T00:00:00","modified_gmt":"2000-12-12T00:00:00","slug":"factores-predictores-del-estado-funcional-en-una-poblacion-geriatrica-institucionalizada","status":"publish","type":"post","link":"https:\/\/www.deberes.net\/tesis\/ciencias-medicas\/factores-predictores-del-estado-funcional-en-una-poblacion-geriatrica-institucionalizada\/","title":{"rendered":"Factores predictores del estado funcional en una poblaci\u00f3n geri\u00e1trica institucionalizada"},"content":{"rendered":"<h2>Tesis doctoral de <strong> Ricardo Oliveira Guerra <\/strong><\/h2>\n<p>Los principales objetivos de la tesis han sido: describir las principales caracter\u00edsticas de la poblaci\u00f3n de residentes de la residencia de ancianos san juan de dios-granada, en relaci\u00f3n con los aspectos sociodemogr\u00e1ficos,comorbilidad, invalidez, funci\u00f3n cognitivo, sintomatolog\u00eda depresiva, salud percibida y el estado funcional; evaluar en dicha poblaci\u00f3n geri\u00e1trica institucionalizada, la magnitud de las asociaciones entre la capacidad funcional para el desarrollo de las actividades de la vida diaria y las variables descritas en los modelos de salud e incapacidad como factores predictores del estado funcional; analizar a trav\u00e9s de un estudio de seguimiento los patrones de transici\u00f3n del estado funcional en una poblaci\u00f3n geriatrica institucionalizada; intentar construir un modelo predictivo que permita identificar los principales factores predictores del estado funcional en un centro residencial geri\u00e1trico. la valoraci\u00f3n de los sujetos ha sido llevada a cabo por un grupo multidisciplinar de profesionales de salud a trav\u00e9s de la aplicaci\u00f3n de un cuestionario multidimensional basado en tests y escalas de funci\u00f3n f\u00edsica,mental y funcional validadas en espa\u00f1a. Para desarrollo de la investigaci\u00f3n ha sido realizado un estudio prospectivo de cohorte cerrada en ancianos residentes en una residencia geri\u00e1trica de la ciudad de granada, se trat\u00f3 de un estudio de 2 a\u00f1os de seguimento, donde se utiliz\u00f3 un dise\u00f1o observacional anal\u00edtico de tipo cohorte. En la evaluaci\u00f3n de la magnitud de las asociaciones entre la incapacidad funcional para desarrollo de las actividades b\u00e1sicas de la vida diaria y las dem\u00e1s variables descriptas en los modelos causales de salud, hemos encontrado asociaci\u00f3n con variables sociodemogr\u00e1ficas como el sexo y la edad. As\u00ed como, con variables de salud fisica y mental, como ha sido el caso de las fuertes asociaciones con el d\u00e9ficit cognitivo, la comorbilidad, y la invalidez de miembros superiores e inf<\/p>\n<p>&nbsp;<\/p>\n<h3>Datos acad\u00e9micos de la tesis doctoral \u00ab<strong>Factores predictores del estado funcional en una poblaci\u00f3n geri\u00e1trica institucionalizada<\/strong>\u00ab<\/h3>\n<ul>\n<li><strong>T\u00edtulo de la tesis:<\/strong>\u00a0 Factores predictores del estado funcional en una poblaci\u00f3n geri\u00e1trica institucionalizada <\/li>\n<li><strong>Autor:<\/strong>\u00a0 Ricardo Oliveira Guerra <\/li>\n<li><strong>Universidad:<\/strong>\u00a0 Granada<\/li>\n<li><strong>Fecha de lectura de la tesis:<\/strong>\u00a0 12\/12\/2000<\/li>\n<\/ul>\n<p>&nbsp;<\/p>\n<h3>Direcci\u00f3n y tribunal<\/h3>\n<ul>\n<li><strong>Director de la tesis<\/strong>\n<ul>\n<li>Carmen Villaverde Guti\u00e9rrez<\/li>\n<\/ul>\n<\/li>\n<li><strong>Tribunal<\/strong>\n<ul>\n<li>Presidente del tribunal: Miguel \u00e1ngel Delgado noguera <\/li>\n<li>Carlos Mendoza oltras (vocal)<\/li>\n<li>alfonso Perez moreno (vocal)<\/li>\n<li>neide m. Gomes de lucena (vocal)<\/li>\n<\/ul>\n<\/li>\n<\/ul>\n<p>&nbsp;<\/p>\n","protected":false},"excerpt":{"rendered":"<p>Tesis doctoral de Ricardo Oliveira Guerra Los principales objetivos de la tesis han sido: describir las principales caracter\u00edsticas de la [&hellip;]<\/p>\n","protected":false},"author":1,"featured_media":0,"comment_status":"open","ping_status":"open","sticky":false,"template":"","format":"standard","meta":{"site-sidebar-layout":"default","site-content-layout":"","ast-site-content-layout":"","site-content-style":"default","site-sidebar-style":"default","ast-global-header-display":"","ast-banner-title-visibility":"","ast-main-header-display":"","ast-hfb-above-header-display":"","ast-hfb-below-header-display":"","ast-hfb-mobile-header-display":"","site-post-title":"","ast-breadcrumbs-content":"","ast-featured-img":"","footer-sml-layout":"","theme-transparent-header-meta":"","adv-header-id-meta":"","stick-header-meta":"","header-above-stick-meta":"","header-main-stick-meta":"","header-below-stick-meta":"","astra-migrate-meta-layouts":"default","ast-page-background-enabled":"default","ast-page-background-meta":{"desktop":{"background-color":"var(--ast-global-color-4)","background-image":"","background-repeat":"repeat","background-position":"center center","background-size":"auto","background-attachment":"scroll","background-type":"","background-media":"","overlay-type":"","overlay-color":"","overlay-gradient":""},"tablet":{"background-color":"","background-image":"","background-repeat":"repeat","background-position":"center center","background-size":"auto","background-attachment":"scroll","background-type":"","background-media":"","overlay-type":"","overlay-color":"","overlay-gradient":""},"mobile":{"background-color":"","background-image":"","background-repeat":"repeat","background-position":"center center","background-size":"auto","background-attachment":"scroll","background-type":"","background-media":"","overlay-type":"","overlay-color":"","overlay-gradient":""}},"ast-content-background-meta":{"desktop":{"background-color":"var(--ast-global-color-5)","background-image":"","background-repeat":"repeat","background-position":"center center","background-size":"auto","background-attachment":"scroll","background-type":"","background-media":"","overlay-type":"","overlay-color":"","overlay-gradient":""},"tablet":{"background-color":"var(--ast-global-color-5)","background-image":"","background-repeat":"repeat","background-position":"center center","background-size":"auto","background-attachment":"scroll","background-type":"","background-media":"","overlay-type":"","overlay-color":"","overlay-gradient":""},"mobile":{"background-color":"var(--ast-global-color-5)","background-image":"","background-repeat":"repeat","background-position":"center center","background-size":"auto","background-attachment":"scroll","background-type":"","background-media":"","overlay-type":"","overlay-color":"","overlay-gradient":""}},"footnotes":""},"categories":[19815,155,9,33865,8607,1295,324,5774,5773,269],"tags":[1788,62507,22203,11642,53082,183600],"class_list":["post-87822","post","type-post","status-publish","format-standard","hentry","category-calidad-de-vida","category-ciencias-clinicas","category-ciencias-medicas","category-enfermedad","category-geriatria","category-problemas-y-conflictos-sociales","category-psicologia","category-psicologia-geriatrica","category-senectud","category-sociologia","tag-alfonso-perez-moreno","tag-carlos-mendoza-oltras","tag-carmen-villaverde-gutierrez","tag-miguel-angel-delgado-noguera","tag-neide-m-gomes-de-lucena","tag-ricardo-oliveira-guerra"],"_links":{"self":[{"href":"https:\/\/www.deberes.net\/tesis\/wp-json\/wp\/v2\/posts\/87822","targetHints":{"allow":["GET"]}}],"collection":[{"href":"https:\/\/www.deberes.net\/tesis\/wp-json\/wp\/v2\/posts"}],"about":[{"href":"https:\/\/www.deberes.net\/tesis\/wp-json\/wp\/v2\/types\/post"}],"author":[{"embeddable":true,"href":"https:\/\/www.deberes.net\/tesis\/wp-json\/wp\/v2\/users\/1"}],"replies":[{"embeddable":true,"href":"https:\/\/www.deberes.net\/tesis\/wp-json\/wp\/v2\/comments?post=87822"}],"version-history":[{"count":0,"href":"https:\/\/www.deberes.net\/tesis\/wp-json\/wp\/v2\/posts\/87822\/revisions"}],"wp:attachment":[{"href":"https:\/\/www.deberes.net\/tesis\/wp-json\/wp\/v2\/media?parent=87822"}],"wp:term":[{"taxonomy":"category","embeddable":true,"href":"https:\/\/www.deberes.net\/tesis\/wp-json\/wp\/v2\/categories?post=87822"},{"taxonomy":"post_tag","embeddable":true,"href":"https:\/\/www.deberes.net\/tesis\/wp-json\/wp\/v2\/tags?post=87822"}],"curies":[{"name":"wp","href":"https:\/\/api.w.org\/{rel}","templated":true}]}}