{"id":87838,"date":"2000-12-12T00:00:00","date_gmt":"2000-12-12T00:00:00","guid":{"rendered":"https:\/\/www.deberes.net\/tesis\/sin-categoria\/region-y-pueblos-del-papaloapan-veracruz-del-regimen-colonial-a-la-revolucion-mexicana-1521-1917\/"},"modified":"2000-12-12T00:00:00","modified_gmt":"2000-12-12T00:00:00","slug":"region-y-pueblos-del-papaloapan-veracruz-del-regimen-colonial-a-la-revolucion-mexicana-1521-1917","status":"publish","type":"post","link":"https:\/\/www.deberes.net\/tesis\/historia\/region-y-pueblos-del-papaloapan-veracruz-del-regimen-colonial-a-la-revolucion-mexicana-1521-1917\/","title":{"rendered":"Regi\u00f3n y pueblos del papaloapan, veracruz. del regimen colonial a la revoluci\u00f3n mexicana, 1521-1917"},"content":{"rendered":"<h2>Tesis doctoral de <strong>  Velasco Toro Jos\u00e9 Manuel <\/strong><\/h2>\n<p>La tesis analiza el conflicto por la propiedad comun al de la tierra de los pueblos, la formaci\u00f3n de la hacienda ganadera y la din\u00e1mica econ\u00f3mica de la regi\u00f3n del papaloapan entre 1521 y 1917.  en la regi\u00f3n de papaloapan, el proceso de restituci\u00f3n de tierras se inici\u00f3 en 1914. Si bien aqu\u00ed no hubo una movilizaci\u00f3n revolucionaria semejante a la ocurrida en el centro de m\u00e9xico, s\u00ed se dieron brotes de inconformidad a nivel local.Esto es, al interior de cada municipio. Su causa era el conflicto por la tierra y las pugnas pol\u00edticas por el control del ayuntamiento. De tal forma que conocerse la disposiciones constitucionalistas que la plantearon la restituci\u00f3n agraria, alvarado,tlacotalpan, cosamloapan, chacltianguis, ixmatlahuacan, tesechoac\u00e1n, otatitl\u00e1n y tlacojalpan, solicitaron la restituci\u00f3n de las iterras des\u00e1tandose una pugna interna que alter\u00f3 la paz social.Finalmente las tierras fueron restituidas afect\u00e1ndose a aquellos que hab\u00edan logrado acpararlas.<\/p>\n<p>&nbsp;<\/p>\n<h3>Datos acad\u00e9micos de la tesis doctoral \u00ab<strong>Regi\u00f3n y pueblos del papaloapan, veracruz. del regimen colonial a la revoluci\u00f3n mexicana, 1521-1917<\/strong>\u00ab<\/h3>\n<ul>\n<li><strong>T\u00edtulo de la tesis:<\/strong>\u00a0 Regi\u00f3n y pueblos del papaloapan, veracruz. del regimen colonial a la revoluci\u00f3n mexicana, 1521-1917 <\/li>\n<li><strong>Autor:<\/strong>\u00a0  Velasco Toro Jos\u00e9 Manuel <\/li>\n<li><strong>Universidad:<\/strong>\u00a0 Pa\u00eds vasco\/euskal herriko unibertsitatea<\/li>\n<li><strong>Fecha de lectura de la tesis:<\/strong>\u00a0 12\/12\/2000<\/li>\n<\/ul>\n<p>&nbsp;<\/p>\n<h3>Direcci\u00f3n y tribunal<\/h3>\n<ul>\n<li><strong>Director de la tesis<\/strong>\n<ul>\n<li>Manuel Gonzalez Portilla<\/li>\n<\/ul>\n<\/li>\n<li><strong>Tribunal<\/strong>\n<ul>\n<li>Presidente del tribunal: Miguel Gomez oliver <\/li>\n<li> De gortari rafiela hira (vocal)<\/li>\n<li>Antonio Morales moya (vocal)<\/li>\n<li>carmen Blazquez dom\u00ednguez (vocal)<\/li>\n<\/ul>\n<\/li>\n<\/ul>\n<p>&nbsp;<\/p>\n","protected":false},"excerpt":{"rendered":"<p>Tesis doctoral de Velasco Toro Jos\u00e9 Manuel La tesis analiza el conflicto por la propiedad comun al de la tierra [&hellip;]<\/p>\n","protected":false},"author":1,"featured_media":0,"comment_status":"open","ping_status":"open","sticky":false,"template":"","format":"standard","meta":{"site-sidebar-layout":"default","site-content-layout":"","ast-site-content-layout":"","site-content-style":"default","site-sidebar-style":"default","ast-global-header-display":"","ast-banner-title-visibility":"","ast-main-header-display":"","ast-hfb-above-header-display":"","ast-hfb-below-header-display":"","ast-hfb-mobile-header-display":"","site-post-title":"","ast-breadcrumbs-content":"","ast-featured-img":"","footer-sml-layout":"","theme-transparent-header-meta":"","adv-header-id-meta":"","stick-header-meta":"","header-above-stick-meta":"","header-main-stick-meta":"","header-below-stick-meta":"","astra-migrate-meta-layouts":"default","ast-page-background-enabled":"default","ast-page-background-meta":{"desktop":{"background-color":"var(--ast-global-color-4)","background-image":"","background-repeat":"repeat","background-position":"center center","background-size":"auto","background-attachment":"scroll","background-type":"","background-media":"","overlay-type":"","overlay-color":"","overlay-gradient":""},"tablet":{"background-color":"","background-image":"","background-repeat":"repeat","background-position":"center center","background-size":"auto","background-attachment":"scroll","background-type":"","background-media":"","overlay-type":"","overlay-color":"","overlay-gradient":""},"mobile":{"background-color":"","background-image":"","background-repeat":"repeat","background-position":"center center","background-size":"auto","background-attachment":"scroll","background-type":"","background-media":"","overlay-type":"","overlay-color":"","overlay-gradient":""}},"ast-content-background-meta":{"desktop":{"background-color":"var(--ast-global-color-5)","background-image":"","background-repeat":"repeat","background-position":"center center","background-size":"auto","background-attachment":"scroll","background-type":"","background-media":"","overlay-type":"","overlay-color":"","overlay-gradient":""},"tablet":{"background-color":"var(--ast-global-color-5)","background-image":"","background-repeat":"repeat","background-position":"center center","background-size":"auto","background-attachment":"scroll","background-type":"","background-media":"","overlay-type":"","overlay-color":"","overlay-gradient":""},"mobile":{"background-color":"var(--ast-global-color-5)","background-image":"","background-repeat":"repeat","background-position":"center center","background-size":"auto","background-attachment":"scroll","background-type":"","background-media":"","overlay-type":"","overlay-color":"","overlay-gradient":""}},"footnotes":""},"categories":[104,1816,6049,989,6343,220,12909],"tags":[7176,155546,183628,3996,3540,67541],"class_list":["post-87838","post","type-post","status-publish","format-standard","hentry","category-historia","category-historia-contemporanea","category-historia-contemporanea-del-area-americana","category-historia-moderna","category-historia-moderna-del-area-americana","category-historia-por-epocas","category-pais-vasco-euskal-herriko-unibertsitatea","tag-antonio-morales-moya","tag-carmen-blazquez-dominguez","tag-de-gortari-rafiela-hira","tag-manuel-gonzalez-portilla","tag-miguel-gomez-oliver","tag-velasco-toro-jose-manuel"],"_links":{"self":[{"href":"https:\/\/www.deberes.net\/tesis\/wp-json\/wp\/v2\/posts\/87838","targetHints":{"allow":["GET"]}}],"collection":[{"href":"https:\/\/www.deberes.net\/tesis\/wp-json\/wp\/v2\/posts"}],"about":[{"href":"https:\/\/www.deberes.net\/tesis\/wp-json\/wp\/v2\/types\/post"}],"author":[{"embeddable":true,"href":"https:\/\/www.deberes.net\/tesis\/wp-json\/wp\/v2\/users\/1"}],"replies":[{"embeddable":true,"href":"https:\/\/www.deberes.net\/tesis\/wp-json\/wp\/v2\/comments?post=87838"}],"version-history":[{"count":0,"href":"https:\/\/www.deberes.net\/tesis\/wp-json\/wp\/v2\/posts\/87838\/revisions"}],"wp:attachment":[{"href":"https:\/\/www.deberes.net\/tesis\/wp-json\/wp\/v2\/media?parent=87838"}],"wp:term":[{"taxonomy":"category","embeddable":true,"href":"https:\/\/www.deberes.net\/tesis\/wp-json\/wp\/v2\/categories?post=87838"},{"taxonomy":"post_tag","embeddable":true,"href":"https:\/\/www.deberes.net\/tesis\/wp-json\/wp\/v2\/tags?post=87838"}],"curies":[{"name":"wp","href":"https:\/\/api.w.org\/{rel}","templated":true}]}}