{"id":87859,"date":"2018-03-10T00:12:42","date_gmt":"2018-03-10T00:12:42","guid":{"rendered":"https:\/\/www.deberes.net\/tesis\/sin-categoria\/el-retablo-en-la-diocesis-de-plasencia-siglos-xvi-xviii\/"},"modified":"2018-03-10T00:12:42","modified_gmt":"2018-03-10T00:12:42","slug":"el-retablo-en-la-diocesis-de-plasencia-siglos-xvi-xviii","status":"publish","type":"post","link":"https:\/\/www.deberes.net\/tesis\/historia\/el-retablo-en-la-diocesis-de-plasencia-siglos-xvi-xviii\/","title":{"rendered":"El retablo en la di\u00f3cesis de plasencia (siglos xvi-xviii)"},"content":{"rendered":"<h2>Tesis doctoral de <strong> Vicente Mendez Hernan <\/strong><\/h2>\n<p>La tesis aborda el estudio del retablo en el amplio territorio diocesano de plasencia(abarca parte de las provincias de salamanca, c\u00e1ceres y badajoz), durante los siglos xvi,xvii,xviii. Los objetivos y logros del trabajo han consistido en realizar un amplio cat\u00e1logo de todos los retablos conservados en la catedral,parroquial, conventos y ermitas de dicha di\u00f3cesis, complementando, a su vez, con el rico aporte documental de los archivos consultados: libros de cuentas, actas capitulares, protocolos notariales, etc. Este cat\u00e1logo, junto con la amplia n\u00f3mina de artistas documentales, ha servido de base para la elaboraci\u00f3n del estudio del retablo diocesano placentino desde m\u00faltiples puntos de vista: sociol\u00f3gico, econ\u00f3mico, morfol\u00f3gico, iconogr\u00e1fico, est\u00edlistico, etc. Adem\u00e1s, a\u00f1ade una importante introducci\u00f3n hist\u00f3rica donde se analiza la fundaci\u00f3n y posterior evoluci\u00f3n de la di\u00f3cesis, y una complet\u00edsima bibliograf\u00eda que recoge todas las obras editadas hasta la fecha, relativas al estudio del retablo espa\u00f1ol.<\/p>\n<p>&nbsp;<\/p>\n<h3>Datos acad\u00e9micos de la tesis doctoral \u00ab<strong>El retablo en la di\u00f3cesis de plasencia (siglos xvi-xviii)<\/strong>\u00ab<\/h3>\n<ul>\n<li><strong>T\u00edtulo de la tesis:<\/strong>\u00a0 El retablo en la di\u00f3cesis de plasencia (siglos xvi-xviii) <\/li>\n<li><strong>Autor:<\/strong>\u00a0 Vicente Mendez Hernan <\/li>\n<li><strong>Universidad:<\/strong>\u00a0 Extremadura<\/li>\n<li><strong>Fecha de lectura de la tesis:<\/strong>\u00a0 13\/12\/2000<\/li>\n<\/ul>\n<p>&nbsp;<\/p>\n<h3>Direcci\u00f3n y tribunal<\/h3>\n<ul>\n<li><strong>Director de la tesis<\/strong>\n<ul>\n<li>Florencio Javier Garcia Mogollon<\/li>\n<\/ul>\n<\/li>\n<li><strong>Tribunal<\/strong>\n<ul>\n<li>Presidente del tribunal: Antonio  De La Banda  Vargas <\/li>\n<li>Jes\u00fas Miguel Palomero P\u00e1ramo (vocal)<\/li>\n<li>Mar\u00eda  Del Mar Lozano Bartolozzi (vocal)<\/li>\n<li>Jos\u00e9 Mar\u00eda Mart\u00ednez Fr\u00edas (vocal)<\/li>\n<\/ul>\n<\/li>\n<\/ul>\n<p>&nbsp;<\/p>\n","protected":false},"excerpt":{"rendered":"<p>Tesis doctoral de Vicente Mendez Hernan La tesis aborda el estudio del retablo en el amplio territorio diocesano de plasencia(abarca [&hellip;]<\/p>\n","protected":false},"author":1,"featured_media":0,"comment_status":"open","ping_status":"open","sticky":false,"template":"","format":"standard","meta":{"site-sidebar-layout":"default","site-content-layout":"","ast-site-content-layout":"","site-content-style":"default","site-sidebar-style":"default","ast-global-header-display":"","ast-banner-title-visibility":"","ast-main-header-display":"","ast-hfb-above-header-display":"","ast-hfb-below-header-display":"","ast-hfb-mobile-header-display":"","site-post-title":"","ast-breadcrumbs-content":"","ast-featured-img":"","footer-sml-layout":"","theme-transparent-header-meta":"","adv-header-id-meta":"","stick-header-meta":"","header-above-stick-meta":"","header-main-stick-meta":"","header-below-stick-meta":"","astra-migrate-meta-layouts":"default","ast-page-background-enabled":"default","ast-page-background-meta":{"desktop":{"background-color":"var(--ast-global-color-4)","background-image":"","background-repeat":"repeat","background-position":"center center","background-size":"auto","background-attachment":"scroll","background-type":"","background-media":"","overlay-type":"","overlay-color":"","overlay-gradient":""},"tablet":{"background-color":"","background-image":"","background-repeat":"repeat","background-position":"center center","background-size":"auto","background-attachment":"scroll","background-type":"","background-media":"","overlay-type":"","overlay-color":"","overlay-gradient":""},"mobile":{"background-color":"","background-image":"","background-repeat":"repeat","background-position":"center center","background-size":"auto","background-attachment":"scroll","background-type":"","background-media":"","overlay-type":"","overlay-color":"","overlay-gradient":""}},"ast-content-background-meta":{"desktop":{"background-color":"var(--ast-global-color-5)","background-image":"","background-repeat":"repeat","background-position":"center center","background-size":"auto","background-attachment":"scroll","background-type":"","background-media":"","overlay-type":"","overlay-color":"","overlay-gradient":""},"tablet":{"background-color":"var(--ast-global-color-5)","background-image":"","background-repeat":"repeat","background-position":"center center","background-size":"auto","background-attachment":"scroll","background-type":"","background-media":"","overlay-type":"","overlay-color":"","overlay-gradient":""},"mobile":{"background-color":"var(--ast-global-color-5)","background-image":"","background-repeat":"repeat","background-position":"center center","background-size":"auto","background-attachment":"scroll","background-type":"","background-media":"","overlay-type":"","overlay-color":"","overlay-gradient":""}},"footnotes":""},"categories":[949,104,1014,222],"tags":[99757,23983,26615,25766,19490,183655],"class_list":["post-87859","post","type-post","status-publish","format-standard","hentry","category-extremadura","category-historia","category-historia-del-arte","category-historias-especializadas","tag-antonio-de-la-banda-vargas","tag-florencio-javier-garcia-mogollon","tag-jesus-miguel-palomero-paramo","tag-jose-maria-Martinez-frias","tag-maria-del-mar-lozano-bartolozzi","tag-vicente-mendez-hernan"],"_links":{"self":[{"href":"https:\/\/www.deberes.net\/tesis\/wp-json\/wp\/v2\/posts\/87859","targetHints":{"allow":["GET"]}}],"collection":[{"href":"https:\/\/www.deberes.net\/tesis\/wp-json\/wp\/v2\/posts"}],"about":[{"href":"https:\/\/www.deberes.net\/tesis\/wp-json\/wp\/v2\/types\/post"}],"author":[{"embeddable":true,"href":"https:\/\/www.deberes.net\/tesis\/wp-json\/wp\/v2\/users\/1"}],"replies":[{"embeddable":true,"href":"https:\/\/www.deberes.net\/tesis\/wp-json\/wp\/v2\/comments?post=87859"}],"version-history":[{"count":0,"href":"https:\/\/www.deberes.net\/tesis\/wp-json\/wp\/v2\/posts\/87859\/revisions"}],"wp:attachment":[{"href":"https:\/\/www.deberes.net\/tesis\/wp-json\/wp\/v2\/media?parent=87859"}],"wp:term":[{"taxonomy":"category","embeddable":true,"href":"https:\/\/www.deberes.net\/tesis\/wp-json\/wp\/v2\/categories?post=87859"},{"taxonomy":"post_tag","embeddable":true,"href":"https:\/\/www.deberes.net\/tesis\/wp-json\/wp\/v2\/tags?post=87859"}],"curies":[{"name":"wp","href":"https:\/\/api.w.org\/{rel}","templated":true}]}}