{"id":87879,"date":"2018-03-10T00:12:46","date_gmt":"2018-03-10T00:12:46","guid":{"rendered":"https:\/\/www.deberes.net\/tesis\/sin-categoria\/lia%c2%a7oes-de-abismo-vidaobra-y-pensamiento-de-gustavo-corcao\/"},"modified":"2018-03-10T00:12:46","modified_gmt":"2018-03-10T00:12:46","slug":"lia%c2%a7oes-de-abismo-vidaobra-y-pensamiento-de-gustavo-corcao","status":"publish","type":"post","link":"https:\/\/www.deberes.net\/tesis\/historia\/lia%c2%a7oes-de-abismo-vidaobra-y-pensamiento-de-gustavo-corcao\/","title":{"rendered":"\u00abli\u00c1\u00a7oes de abismo: vida,obra y pensamiento de gustavo corcao\u00bb"},"content":{"rendered":"<h2>Tesis doctoral de <strong> Marta Braga <\/strong><\/h2>\n<p>Un primer intento de rescatar la imagen de gustavo corcao, escritor y pensador brasile\u00f1o que vivi\u00f3 entre 1896 y 1978. El trabajo se divide en cuatro partes: una introducci\u00f3n al contexto hist\u00f3rico-social, una breve biografia personal y profesional, un analisis m\u00e1s detenido de su obra y pensamiento y una visi\u00f3n comparada sobre los \u00faltimos a\u00f1os m\u00e1s polemicos del autor.  el trabajo se fundamenta sobre todo en fuentes primarias-orales y de archivo-e incluye una amplia investigaci\u00f3n en brasil, portugal, ee.Uu. y francia. Cuenta igualmente con muchas ilustraciones y una vasta bibliograf\u00eda relativa al tema, a la historia intelectual y al contexto religioso-filosofico de la epoca.  cor\u00ed\u00a7ao trae  una interpretaci\u00f3n innovadora acerca de la problem\u00e1tica contempor\u00e1nea brasile\u00f1a. Es un discipulo del humanismo cristiano y del catolicismo social y como tal, participa de forma importante en la actualidad filos\u00f3fica del mundo contemporaneo. Cient\u00edfico, laico, converso, fil\u00f3sofo y periodista, escritor de renombre internacional y una de las figuras m\u00e1s grandes del movimiento modernista de la literatura brasile\u00f1a, profesor y lider intelectual, cor\u00ed\u00a7ao merece ser estudiado y analizado como una de las m\u00e1s profundas voces latinoamericanas de nuestro siglo.<\/p>\n<p>&nbsp;<\/p>\n<h3>Datos acad\u00e9micos de la tesis doctoral \u00ab<strong>\u00abli\u00c1\u00a7oes de abismo: vida,obra y pensamiento de gustavo corcao\u00bb<\/strong>\u00ab<\/h3>\n<ul>\n<li><strong>T\u00edtulo de la tesis:<\/strong>\u00a0 \u00abli\u00c1\u00a7oes de abismo: vida,obra y pensamiento de gustavo corcao\u00bb <\/li>\n<li><strong>Autor:<\/strong>\u00a0 Marta Braga <\/li>\n<li><strong>Universidad:<\/strong>\u00a0 Navarra<\/li>\n<li><strong>Fecha de lectura de la tesis:<\/strong>\u00a0 13\/12\/2000<\/li>\n<\/ul>\n<p>&nbsp;<\/p>\n<h3>Direcci\u00f3n y tribunal<\/h3>\n<ul>\n<li><strong>Director de la tesis<\/strong>\n<ul>\n<li>Juan  Bosco Amores Carredano<\/li>\n<\/ul>\n<\/li>\n<li><strong>Tribunal<\/strong>\n<ul>\n<li>Presidente del tribunal: jose Andres gallego <\/li>\n<li>Ana de Zaballa beascoechea (vocal)<\/li>\n<li> Lama y cereceda enrique de la (vocal)<\/li>\n<li>\u00e1lvaro Ferrary ojeda (vocal)<\/li>\n<\/ul>\n<\/li>\n<\/ul>\n<p>&nbsp;<\/p>\n","protected":false},"excerpt":{"rendered":"<p>Tesis doctoral de Marta Braga Un primer intento de rescatar la imagen de gustavo corcao, escritor y pensador brasile\u00f1o que [&hellip;]<\/p>\n","protected":false},"author":1,"featured_media":0,"comment_status":"open","ping_status":"open","sticky":false,"template":"","format":"standard","meta":{"site-sidebar-layout":"default","site-content-layout":"","ast-site-content-layout":"","site-content-style":"default","site-sidebar-style":"default","ast-global-header-display":"","ast-banner-title-visibility":"","ast-main-header-display":"","ast-hfb-above-header-display":"","ast-hfb-below-header-display":"","ast-hfb-mobile-header-display":"","site-post-title":"","ast-breadcrumbs-content":"","ast-featured-img":"","footer-sml-layout":"","theme-transparent-header-meta":"","adv-header-id-meta":"","stick-header-meta":"","header-above-stick-meta":"","header-main-stick-meta":"","header-below-stick-meta":"","astra-migrate-meta-layouts":"default","ast-page-background-enabled":"default","ast-page-background-meta":{"desktop":{"background-color":"var(--ast-global-color-4)","background-image":"","background-repeat":"repeat","background-position":"center center","background-size":"auto","background-attachment":"scroll","background-type":"","background-media":"","overlay-type":"","overlay-color":"","overlay-gradient":""},"tablet":{"background-color":"","background-image":"","background-repeat":"repeat","background-position":"center center","background-size":"auto","background-attachment":"scroll","background-type":"","background-media":"","overlay-type":"","overlay-color":"","overlay-gradient":""},"mobile":{"background-color":"","background-image":"","background-repeat":"repeat","background-position":"center center","background-size":"auto","background-attachment":"scroll","background-type":"","background-media":"","overlay-type":"","overlay-color":"","overlay-gradient":""}},"ast-content-background-meta":{"desktop":{"background-color":"var(--ast-global-color-5)","background-image":"","background-repeat":"repeat","background-position":"center center","background-size":"auto","background-attachment":"scroll","background-type":"","background-media":"","overlay-type":"","overlay-color":"","overlay-gradient":""},"tablet":{"background-color":"var(--ast-global-color-5)","background-image":"","background-repeat":"repeat","background-position":"center center","background-size":"auto","background-attachment":"scroll","background-type":"","background-media":"","overlay-type":"","overlay-color":"","overlay-gradient":""},"mobile":{"background-color":"var(--ast-global-color-5)","background-image":"","background-repeat":"repeat","background-position":"center center","background-size":"auto","background-attachment":"scroll","background-type":"","background-media":"","overlay-type":"","overlay-color":"","overlay-gradient":""}},"footnotes":""},"categories":[954,104,17749],"tags":[49793,183683,17839,59217,183684,183682],"class_list":["post-87879","post","type-post","status-publish","format-standard","hentry","category-biografias","category-historia","category-navarra","tag-alvaro-ferrary-ojeda","tag-ana-de-zaballa-beascoechea","tag-jose-andres-gallego","tag-juan-bosco-amores-carredano","tag-lama-y-cereceda-enrique-de-la","tag-marta-braga"],"_links":{"self":[{"href":"https:\/\/www.deberes.net\/tesis\/wp-json\/wp\/v2\/posts\/87879","targetHints":{"allow":["GET"]}}],"collection":[{"href":"https:\/\/www.deberes.net\/tesis\/wp-json\/wp\/v2\/posts"}],"about":[{"href":"https:\/\/www.deberes.net\/tesis\/wp-json\/wp\/v2\/types\/post"}],"author":[{"embeddable":true,"href":"https:\/\/www.deberes.net\/tesis\/wp-json\/wp\/v2\/users\/1"}],"replies":[{"embeddable":true,"href":"https:\/\/www.deberes.net\/tesis\/wp-json\/wp\/v2\/comments?post=87879"}],"version-history":[{"count":0,"href":"https:\/\/www.deberes.net\/tesis\/wp-json\/wp\/v2\/posts\/87879\/revisions"}],"wp:attachment":[{"href":"https:\/\/www.deberes.net\/tesis\/wp-json\/wp\/v2\/media?parent=87879"}],"wp:term":[{"taxonomy":"category","embeddable":true,"href":"https:\/\/www.deberes.net\/tesis\/wp-json\/wp\/v2\/categories?post=87879"},{"taxonomy":"post_tag","embeddable":true,"href":"https:\/\/www.deberes.net\/tesis\/wp-json\/wp\/v2\/tags?post=87879"}],"curies":[{"name":"wp","href":"https:\/\/api.w.org\/{rel}","templated":true}]}}