{"id":87880,"date":"2018-03-10T00:12:46","date_gmt":"2018-03-10T00:12:46","guid":{"rendered":"https:\/\/www.deberes.net\/tesis\/sin-categoria\/sintesis-de-silicatos-sodicos-cristalinos-laminares\/"},"modified":"2018-03-10T00:12:46","modified_gmt":"2018-03-10T00:12:46","slug":"sintesis-de-silicatos-sodicos-cristalinos-laminares","status":"publish","type":"post","link":"https:\/\/www.deberes.net\/tesis\/ingenieria-y-tecnologia-quimicas\/sintesis-de-silicatos-sodicos-cristalinos-laminares\/","title":{"rendered":"Sintesis de silicatos sodicos cristalinos laminares"},"content":{"rendered":"<h2>Tesis doctoral de <strong> Justo Lobato Bajo <\/strong><\/h2>\n<p>En el presente trabajo se han estudiado y optimizado las principales variables de s\u00edntesis de silicatos s\u00f3dicos cristalinos laminares para su uso en detergentes.  la s\u00edntesis de dichos silictos, se llev\u00f3 a cabo en r\u00e9gimen discontinuo en un horno mufla, tanto a partir de silciato amorfo s\u00f3lido y en disoluci\u00f3n, adem\u00e1s, se sintetiz\u00f3 el 9-na2si2o5, en r\u00e9gimen continuo en un horno tobular rotatorio.  los diferentes productos de cristalizaci\u00f3no btenidos fueron caracterizados por diferentes t\u00e9cnicas anal\u00edticas como drx, sem, tga, atd, bet y medida de la capacidad fijadora de iones ca2+ y mg2+.  se mesotr\u00f3 que la fase alfa es termodin\u00e1micamente m\u00e1s estable que la fase delta, estando favorecida a altas temperaturas y altos tiempos de cristalizaci\u00f3n. Adem\u00e1s no posee ninguna propiedad fijadora.  asimismo, se realiz\u00f3 una evaluaci\u00f3n economica aproximada de los distintos m\u00e9todos de s\u00edntesis estudiados y por \u00faltimo, se realiz\u00f3 un estudio sobre la capacidad fijadora de los iones ca2+ y mg2+ del 8-na2si2o5, observ\u00e1ndose que dicha capacidad se ve favorecida con la temperatura y que dicho silicato es m\u00e1s selectivo hacia el ion mg2+.<\/p>\n<p>&nbsp;<\/p>\n<h3>Datos acad\u00e9micos de la tesis doctoral \u00ab<strong>Sintesis de silicatos sodicos cristalinos laminares<\/strong>\u00ab<\/h3>\n<ul>\n<li><strong>T\u00edtulo de la tesis:<\/strong>\u00a0 Sintesis de silicatos sodicos cristalinos laminares <\/li>\n<li><strong>Autor:<\/strong>\u00a0 Justo Lobato Bajo <\/li>\n<li><strong>Universidad:<\/strong>\u00a0 Castilla-la mancha<\/li>\n<li><strong>Fecha de lectura de la tesis:<\/strong>\u00a0 13\/12\/2000<\/li>\n<\/ul>\n<p>&nbsp;<\/p>\n<h3>Direcci\u00f3n y tribunal<\/h3>\n<ul>\n<li><strong>Director de la tesis<\/strong>\n<ul>\n<li>Antonio De Lucas Martinez<\/li>\n<\/ul>\n<\/li>\n<li><strong>Tribunal<\/strong>\n<ul>\n<li>Presidente del tribunal: agust\u00edn Escardinio benlloch <\/li>\n<li>pablo Ca\u00f1izares ca\u00f1izares (vocal)<\/li>\n<li>Fernando Camacho rubio (vocal)<\/li>\n<li>david pedro Serrano granados (vocal)<\/li>\n<\/ul>\n<\/li>\n<\/ul>\n<p>&nbsp;<\/p>\n","protected":false},"excerpt":{"rendered":"<p>Tesis doctoral de Justo Lobato Bajo En el presente trabajo se han estudiado y optimizado las principales variables de s\u00edntesis [&hellip;]<\/p>\n","protected":false},"author":1,"featured_media":0,"comment_status":"open","ping_status":"open","sticky":false,"template":"","format":"standard","meta":{"site-sidebar-layout":"default","site-content-layout":"","ast-site-content-layout":"","site-content-style":"default","site-sidebar-style":"default","ast-global-header-display":"","ast-banner-title-visibility":"","ast-main-header-display":"","ast-hfb-above-header-display":"","ast-hfb-below-header-display":"","ast-hfb-mobile-header-display":"","site-post-title":"","ast-breadcrumbs-content":"","ast-featured-img":"","footer-sml-layout":"","theme-transparent-header-meta":"","adv-header-id-meta":"","stick-header-meta":"","header-above-stick-meta":"","header-main-stick-meta":"","header-below-stick-meta":"","astra-migrate-meta-layouts":"default","ast-page-background-enabled":"default","ast-page-background-meta":{"desktop":{"background-color":"var(--ast-global-color-4)","background-image":"","background-repeat":"repeat","background-position":"center center","background-size":"auto","background-attachment":"scroll","background-type":"","background-media":"","overlay-type":"","overlay-color":"","overlay-gradient":""},"tablet":{"background-color":"","background-image":"","background-repeat":"repeat","background-position":"center center","background-size":"auto","background-attachment":"scroll","background-type":"","background-media":"","overlay-type":"","overlay-color":"","overlay-gradient":""},"mobile":{"background-color":"","background-image":"","background-repeat":"repeat","background-position":"center center","background-size":"auto","background-attachment":"scroll","background-type":"","background-media":"","overlay-type":"","overlay-color":"","overlay-gradient":""}},"ast-content-background-meta":{"desktop":{"background-color":"var(--ast-global-color-5)","background-image":"","background-repeat":"repeat","background-position":"center center","background-size":"auto","background-attachment":"scroll","background-type":"","background-media":"","overlay-type":"","overlay-color":"","overlay-gradient":""},"tablet":{"background-color":"var(--ast-global-color-5)","background-image":"","background-repeat":"repeat","background-position":"center center","background-size":"auto","background-attachment":"scroll","background-type":"","background-media":"","overlay-type":"","overlay-color":"","overlay-gradient":""},"mobile":{"background-color":"var(--ast-global-color-5)","background-image":"","background-repeat":"repeat","background-position":"center center","background-size":"auto","background-attachment":"scroll","background-type":"","background-media":"","overlay-type":"","overlay-color":"","overlay-gradient":""}},"footnotes":""},"categories":[18451,332,305,9297],"tags":[183686,2474,64756,3642,183685,5160],"class_list":["post-87880","post","type-post","status-publish","format-standard","hentry","category-castilla-la-mancha","category-ciencias-tecnologicas","category-ingenieria-y-tecnologia-quimicas","category-sintesis-quimica","tag-agustin-escardinio-benlloch","tag-antonio-de-lucas-Martinez","tag-david-pedro-serrano-granados","tag-fernando-camacho-rubio","tag-justo-lobato-bajo","tag-pablo-canizares-canizares"],"_links":{"self":[{"href":"https:\/\/www.deberes.net\/tesis\/wp-json\/wp\/v2\/posts\/87880","targetHints":{"allow":["GET"]}}],"collection":[{"href":"https:\/\/www.deberes.net\/tesis\/wp-json\/wp\/v2\/posts"}],"about":[{"href":"https:\/\/www.deberes.net\/tesis\/wp-json\/wp\/v2\/types\/post"}],"author":[{"embeddable":true,"href":"https:\/\/www.deberes.net\/tesis\/wp-json\/wp\/v2\/users\/1"}],"replies":[{"embeddable":true,"href":"https:\/\/www.deberes.net\/tesis\/wp-json\/wp\/v2\/comments?post=87880"}],"version-history":[{"count":0,"href":"https:\/\/www.deberes.net\/tesis\/wp-json\/wp\/v2\/posts\/87880\/revisions"}],"wp:attachment":[{"href":"https:\/\/www.deberes.net\/tesis\/wp-json\/wp\/v2\/media?parent=87880"}],"wp:term":[{"taxonomy":"category","embeddable":true,"href":"https:\/\/www.deberes.net\/tesis\/wp-json\/wp\/v2\/categories?post=87880"},{"taxonomy":"post_tag","embeddable":true,"href":"https:\/\/www.deberes.net\/tesis\/wp-json\/wp\/v2\/tags?post=87880"}],"curies":[{"name":"wp","href":"https:\/\/api.w.org\/{rel}","templated":true}]}}