{"id":87911,"date":"2018-03-10T00:12:46","date_gmt":"2018-03-10T00:12:46","guid":{"rendered":"https:\/\/www.deberes.net\/tesis\/sin-categoria\/inflamacion-hipermetabolismo-y-estado-nutricional-en-pacientes-con-infeccion-secundaria-al-sida\/"},"modified":"2018-03-10T00:12:46","modified_gmt":"2018-03-10T00:12:46","slug":"inflamacion-hipermetabolismo-y-estado-nutricional-en-pacientes-con-infeccion-secundaria-al-sida","status":"publish","type":"post","link":"https:\/\/www.deberes.net\/tesis\/ciencias-medicas\/inflamacion-hipermetabolismo-y-estado-nutricional-en-pacientes-con-infeccion-secundaria-al-sida\/","title":{"rendered":"Inflamaci\u00f3n, hipermetabolismo, y estado nutricional en pacientes con infecci\u00f3n secundaria al sida."},"content":{"rendered":"<h2>Tesis doctoral de <strong> Pilar Garc\u00eda Lorda <\/strong><\/h2>\n<p>El presente trabajo trata de determinar el estado nutricional, as\u00ed como las presencia y severidad de hipermetabolismo de reposo en pacientes con infecci\u00f3n oportunista secundaria al sida. Asimismo, trata de evaluar el posible papel de la respuesta inflmatoria sist\u00e9matica como condicionante de dicha respuesta hipermetab\u00f3lica de reposo en ete grupo de pacientes.  para ello se estudiaron 52 pacientes con sida que presentaban en el momento del estudio infecciones oportunistas activas exluyendo aquellos con sarcomo de daposi u otras neoplsias. A efectos de comparaci\u00f3n se dispuso de un grupo control compuesto por 19 voluntarios sanos y un grupo de 34 pacientes vih sin infecci\u00f3n oportunista. A todos los sujetos se les determin\u00f3 la composici\u00f3n corporal mediante antropometr\u00eda e impedancia bil\u00e9ctrica tetrapolar, el gasto energ\u00e9tico de reposo (ger) mediante colorimetr\u00eda indirecta en circuito abierto,prote\u00ednas de estado nutricional (alb\u00famina, prealb\u00famina y trasnferrina), maracadores de inflamci\u00f3n (pcr, vsg; ferritina yfibrin\u00f3geno), y concentraciones de mediadores de la inflamaci\u00f3n (tnf, receptor soluble tipo 1 del tnf e il-6).  los pacientes con infecci\u00f3n oportunista presentaron un gasto energ\u00e9tico de reposo ajustado por la composici\u00f3n corporla significativamente incrementado respecto a los controles y a los pacientes vih,  pese a que un 39% de ellos no fueron hipermetab\u00f3licos.  no se observa diferencias en este par\u00e1metros entre los otros dos grupos de estudio. Los dos grupos de pacientes presentaron p\u00e9rdidas de peso, afectaci\u00f3n del estado nutricional y de la composici\u00f3n corporal respecto a los controles, que fueron sifnificativamente m\u00e1s importantes en el grupo de pacientes con infecci\u00f3n oportunista. Los pacientes con infecci\u00f3n activa presentaron un significativo incremento de los par\u00e1metros inflamatorios y los mediadores de la inflamaci\u00f3n respecto a los controles y los vih que no presentaron diferencias entre s\u00ed.El<\/p>\n<p>&nbsp;<\/p>\n<h3>Datos acad\u00e9micos de la tesis doctoral \u00ab<strong>Inflamaci\u00f3n, hipermetabolismo, y estado nutricional en pacientes con infecci\u00f3n secundaria al sida.<\/strong>\u00ab<\/h3>\n<ul>\n<li><strong>T\u00edtulo de la tesis:<\/strong>\u00a0 Inflamaci\u00f3n, hipermetabolismo, y estado nutricional en pacientes con infecci\u00f3n secundaria al sida. <\/li>\n<li><strong>Autor:<\/strong>\u00a0 Pilar Garc\u00eda Lorda <\/li>\n<li><strong>Universidad:<\/strong>\u00a0 Rovira i virgili<\/li>\n<li><strong>Fecha de lectura de la tesis:<\/strong>\u00a0 14\/12\/2000<\/li>\n<\/ul>\n<p>&nbsp;<\/p>\n<h3>Direcci\u00f3n y tribunal<\/h3>\n<ul>\n<li><strong>Director de la tesis<\/strong>\n<ul>\n<li>Jordi Salas I Salvado<\/li>\n<\/ul>\n<\/li>\n<li><strong>Tribunal<\/strong>\n<ul>\n<li>Presidente del tribunal: abel Marine font <\/li>\n<li>pedro pablo Garcia luna (vocal)<\/li>\n<li>francesc xavier Remesar betlloch (vocal)<\/li>\n<li>marius Foz sala (vocal)<\/li>\n<\/ul>\n<\/li>\n<\/ul>\n<p>&nbsp;<\/p>\n","protected":false},"excerpt":{"rendered":"<p>Tesis doctoral de Pilar Garc\u00eda Lorda El presente trabajo trata de determinar el estado nutricional, as\u00ed como las presencia y [&hellip;]<\/p>\n","protected":false},"author":1,"featured_media":0,"comment_status":"open","ping_status":"open","sticky":false,"template":"","format":"standard","meta":{"site-sidebar-layout":"default","site-content-layout":"","ast-site-content-layout":"","site-content-style":"default","site-sidebar-style":"default","ast-global-header-display":"","ast-banner-title-visibility":"","ast-main-header-display":"","ast-hfb-above-header-display":"","ast-hfb-below-header-display":"","ast-hfb-mobile-header-display":"","site-post-title":"","ast-breadcrumbs-content":"","ast-featured-img":"","footer-sml-layout":"","theme-transparent-header-meta":"","adv-header-id-meta":"","stick-header-meta":"","header-above-stick-meta":"","header-main-stick-meta":"","header-below-stick-meta":"","astra-migrate-meta-layouts":"default","ast-page-background-enabled":"default","ast-page-background-meta":{"desktop":{"background-color":"var(--ast-global-color-4)","background-image":"","background-repeat":"repeat","background-position":"center center","background-size":"auto","background-attachment":"scroll","background-type":"","background-media":"","overlay-type":"","overlay-color":"","overlay-gradient":""},"tablet":{"background-color":"","background-image":"","background-repeat":"repeat","background-position":"center center","background-size":"auto","background-attachment":"scroll","background-type":"","background-media":"","overlay-type":"","overlay-color":"","overlay-gradient":""},"mobile":{"background-color":"","background-image":"","background-repeat":"repeat","background-position":"center center","background-size":"auto","background-attachment":"scroll","background-type":"","background-media":"","overlay-type":"","overlay-color":"","overlay-gradient":""}},"ast-content-background-meta":{"desktop":{"background-color":"var(--ast-global-color-5)","background-image":"","background-repeat":"repeat","background-position":"center center","background-size":"auto","background-attachment":"scroll","background-type":"","background-media":"","overlay-type":"","overlay-color":"","overlay-gradient":""},"tablet":{"background-color":"var(--ast-global-color-5)","background-image":"","background-repeat":"repeat","background-position":"center center","background-size":"auto","background-attachment":"scroll","background-type":"","background-media":"","overlay-type":"","overlay-color":"","overlay-gradient":""},"mobile":{"background-color":"var(--ast-global-color-5)","background-image":"","background-repeat":"repeat","background-position":"center center","background-size":"auto","background-attachment":"scroll","background-type":"","background-media":"","overlay-type":"","overlay-color":"","overlay-gradient":""}},"footnotes":""},"categories":[9,1085,139,156,18759,2935],"tags":[9421,72069,18761,14040,26712,183724],"class_list":["post-87911","post","type-post","status-publish","format-standard","hentry","category-ciencias-medicas","category-enfermedades-infecciosas","category-medicina-interna","category-patologia","category-rovira-i-virgili","category-sindrome-de-inmunodeficiencia-adquirida","tag-abel-marine-font","tag-francesc-xavier-remesar-betlloch","tag-jordi-salas-i-salvado","tag-marius-foz-sala","tag-pedro-pablo-garcia-luna","tag-pilar-garcia-lorda"],"_links":{"self":[{"href":"https:\/\/www.deberes.net\/tesis\/wp-json\/wp\/v2\/posts\/87911","targetHints":{"allow":["GET"]}}],"collection":[{"href":"https:\/\/www.deberes.net\/tesis\/wp-json\/wp\/v2\/posts"}],"about":[{"href":"https:\/\/www.deberes.net\/tesis\/wp-json\/wp\/v2\/types\/post"}],"author":[{"embeddable":true,"href":"https:\/\/www.deberes.net\/tesis\/wp-json\/wp\/v2\/users\/1"}],"replies":[{"embeddable":true,"href":"https:\/\/www.deberes.net\/tesis\/wp-json\/wp\/v2\/comments?post=87911"}],"version-history":[{"count":0,"href":"https:\/\/www.deberes.net\/tesis\/wp-json\/wp\/v2\/posts\/87911\/revisions"}],"wp:attachment":[{"href":"https:\/\/www.deberes.net\/tesis\/wp-json\/wp\/v2\/media?parent=87911"}],"wp:term":[{"taxonomy":"category","embeddable":true,"href":"https:\/\/www.deberes.net\/tesis\/wp-json\/wp\/v2\/categories?post=87911"},{"taxonomy":"post_tag","embeddable":true,"href":"https:\/\/www.deberes.net\/tesis\/wp-json\/wp\/v2\/tags?post=87911"}],"curies":[{"name":"wp","href":"https:\/\/api.w.org\/{rel}","templated":true}]}}