{"id":87932,"date":"2018-03-10T00:12:50","date_gmt":"2018-03-10T00:12:50","guid":{"rendered":"https:\/\/www.deberes.net\/tesis\/sin-categoria\/o-poder-do-votante-mediano-e-dos-grupos-de-interesse-na-competicao-politica\/"},"modified":"2018-03-10T00:12:50","modified_gmt":"2018-03-10T00:12:50","slug":"o-poder-do-votante-mediano-e-dos-grupos-de-interesse-na-competicao-politica","status":"publish","type":"post","link":"https:\/\/www.deberes.net\/tesis\/ciencias-economicas\/o-poder-do-votante-mediano-e-dos-grupos-de-interesse-na-competicao-politica\/","title":{"rendered":"O poder do votante mediano e dos grupos de interesse na competicao politica"},"content":{"rendered":"<h2>Tesis doctoral de <strong> Jos\u00e9 Manuel Nunes De Sousa Neves Cruz <\/strong><\/h2>\n<p>Este trabajo se centra en el an\u00e1lisis de la demanda en el mercedo pol\u00edtico, siguiendo la perspectiva \u00abpublic choio\u00bb.  se estudi\u00f3 de paradigma del votante mediano y la influencia de los grupos  de inter\u00e9s. Se realiza una apliaci\u00f3n emp\u00edrica de ambos modelos para los ayuntamientos portugueses y de galicia y varias categorias de gastos. Los resultados del an\u00e1lisis est\u00e1n en sinton\u00eda con las expuestas parte literatura cint\u00edfico en el sentido de que los grupos de inter\u00e9s influye a la elecci\u00f3n pol\u00edtica pero el &#8212; median impide del &#8212; excesivamente visibles a sus presferencias. no obstante, los grupos de inter\u00e9s tienen una mayor capacidad de modifica aquellos preferencias a los municipios de mayor &#8212; poblacional.<\/p>\n<p>&nbsp;<\/p>\n<h3>Datos acad\u00e9micos de la tesis doctoral \u00ab<strong>O poder do votante mediano e dos grupos de interesse na competicao politica<\/strong>\u00ab<\/h3>\n<ul>\n<li><strong>T\u00edtulo de la tesis:<\/strong>\u00a0 O poder do votante mediano e dos grupos de interesse na competicao politica <\/li>\n<li><strong>Autor:<\/strong>\u00a0 Jos\u00e9 Manuel Nunes De Sousa Neves Cruz <\/li>\n<li><strong>Universidad:<\/strong>\u00a0 Santiago de compostela<\/li>\n<li><strong>Fecha de lectura de la tesis:<\/strong>\u00a0 15\/12\/2000<\/li>\n<\/ul>\n<p>&nbsp;<\/p>\n<h3>Direcci\u00f3n y tribunal<\/h3>\n<ul>\n<li><strong>Director de la tesis<\/strong>\n<ul>\n<li>Pedro Puy Fraga<\/li>\n<\/ul>\n<\/li>\n<li><strong>Tribunal<\/strong>\n<ul>\n<li>Presidente del tribunal: enrique Moldes teo <\/li>\n<li> Da silva cost\u00e1 Jos\u00e9 (vocal)<\/li>\n<li>Francisco Cabrillo rodriguez (vocal)<\/li>\n<li> Weck-hannemann (vocal)<\/li>\n<\/ul>\n<\/li>\n<\/ul>\n<p>&nbsp;<\/p>\n","protected":false},"excerpt":{"rendered":"<p>Tesis doctoral de Jos\u00e9 Manuel Nunes De Sousa Neves Cruz Este trabajo se centra en el an\u00e1lisis de la demanda [&hellip;]<\/p>\n","protected":false},"author":1,"featured_media":0,"comment_status":"open","ping_status":"open","sticky":false,"template":"","format":"standard","meta":{"site-sidebar-layout":"default","site-content-layout":"","ast-site-content-layout":"","site-content-style":"default","site-sidebar-style":"default","ast-global-header-display":"","ast-banner-title-visibility":"","ast-main-header-display":"","ast-hfb-above-header-display":"","ast-hfb-below-header-display":"","ast-hfb-mobile-header-display":"","site-post-title":"","ast-breadcrumbs-content":"","ast-featured-img":"","footer-sml-layout":"","theme-transparent-header-meta":"","adv-header-id-meta":"","stick-header-meta":"","header-above-stick-meta":"","header-main-stick-meta":"","header-below-stick-meta":"","astra-migrate-meta-layouts":"default","ast-page-background-enabled":"default","ast-page-background-meta":{"desktop":{"background-color":"var(--ast-global-color-4)","background-image":"","background-repeat":"repeat","background-position":"center center","background-size":"auto","background-attachment":"scroll","background-type":"","background-media":"","overlay-type":"","overlay-color":"","overlay-gradient":""},"tablet":{"background-color":"","background-image":"","background-repeat":"repeat","background-position":"center center","background-size":"auto","background-attachment":"scroll","background-type":"","background-media":"","overlay-type":"","overlay-color":"","overlay-gradient":""},"mobile":{"background-color":"","background-image":"","background-repeat":"repeat","background-position":"center center","background-size":"auto","background-attachment":"scroll","background-type":"","background-media":"","overlay-type":"","overlay-color":"","overlay-gradient":""}},"ast-content-background-meta":{"desktop":{"background-color":"var(--ast-global-color-5)","background-image":"","background-repeat":"repeat","background-position":"center center","background-size":"auto","background-attachment":"scroll","background-type":"","background-media":"","overlay-type":"","overlay-color":"","overlay-gradient":""},"tablet":{"background-color":"var(--ast-global-color-5)","background-image":"","background-repeat":"repeat","background-position":"center center","background-size":"auto","background-attachment":"scroll","background-type":"","background-media":"","overlay-type":"","overlay-color":"","overlay-gradient":""},"mobile":{"background-color":"var(--ast-global-color-5)","background-image":"","background-repeat":"repeat","background-position":"center center","background-size":"auto","background-attachment":"scroll","background-type":"","background-media":"","overlay-type":"","overlay-color":"","overlay-gradient":""}},"footnotes":""},"categories":[838,82,3132,906,6838,977,993],"tags":[76400,34986,21559,183765,21023,183766],"class_list":["post-87932","post","type-post","status-publish","format-standard","hentry","category-ciencia-politica","category-ciencias-economicas","category-economia-general","category-grupos-politicos","category-politica-fiscal-y-hacienda-publica-nacionales","category-santiago-de-compostela","category-vida-politica","tag-da-silva-costa-jose","tag-enrique-moldes-teo","tag-francisco-cabrillo-rodriguez","tag-jose-manuel-nunes-de-sousa-neves-cruz","tag-pedro-puy-fraga","tag-weck-hannemann"],"_links":{"self":[{"href":"https:\/\/www.deberes.net\/tesis\/wp-json\/wp\/v2\/posts\/87932","targetHints":{"allow":["GET"]}}],"collection":[{"href":"https:\/\/www.deberes.net\/tesis\/wp-json\/wp\/v2\/posts"}],"about":[{"href":"https:\/\/www.deberes.net\/tesis\/wp-json\/wp\/v2\/types\/post"}],"author":[{"embeddable":true,"href":"https:\/\/www.deberes.net\/tesis\/wp-json\/wp\/v2\/users\/1"}],"replies":[{"embeddable":true,"href":"https:\/\/www.deberes.net\/tesis\/wp-json\/wp\/v2\/comments?post=87932"}],"version-history":[{"count":0,"href":"https:\/\/www.deberes.net\/tesis\/wp-json\/wp\/v2\/posts\/87932\/revisions"}],"wp:attachment":[{"href":"https:\/\/www.deberes.net\/tesis\/wp-json\/wp\/v2\/media?parent=87932"}],"wp:term":[{"taxonomy":"category","embeddable":true,"href":"https:\/\/www.deberes.net\/tesis\/wp-json\/wp\/v2\/categories?post=87932"},{"taxonomy":"post_tag","embeddable":true,"href":"https:\/\/www.deberes.net\/tesis\/wp-json\/wp\/v2\/tags?post=87932"}],"curies":[{"name":"wp","href":"https:\/\/api.w.org\/{rel}","templated":true}]}}