{"id":87940,"date":"2018-03-10T00:12:50","date_gmt":"2018-03-10T00:12:50","guid":{"rendered":"https:\/\/www.deberes.net\/tesis\/sin-categoria\/reconstruccion-de-defectos-del-maxilar-superior-con-el-colgajo-miofascial-temporal\/"},"modified":"2018-03-10T00:12:50","modified_gmt":"2018-03-10T00:12:50","slug":"reconstruccion-de-defectos-del-maxilar-superior-con-el-colgajo-miofascial-temporal","status":"publish","type":"post","link":"https:\/\/www.deberes.net\/tesis\/ciencias-medicas\/reconstruccion-de-defectos-del-maxilar-superior-con-el-colgajo-miofascial-temporal\/","title":{"rendered":"\u00abreconstruccion de defectos del maxilar superior con el colgajo miofascial temporal\u00bb"},"content":{"rendered":"<h2>Tesis doctoral de <strong> Antonio Clavero Garin <\/strong><\/h2>\n<p>La comunicaci\u00f3n entre cavidad oral y nasal como consecuencia de la cirug\u00eda ablativa afecta gravemente a funciones b\u00e1sicas como fonaci\u00f3n y degluci\u00f3n. una maxilectom\u00eda conlleva un defecto que determina secuelas sociales y funcionales muy importantes. Tradicionalmente se han utilizado obturadores e injertos cut\u00e1neos de espesor parcial, lo que no cumpl\u00eda los requisitos m\u00ednimos para tratar las secuelas mencionadas.  hemos estudiado una muestra formada por cincuenta y tres pacientes con defectos en maxilar superior causados por cirug\u00eda ablativa.  describimos las complicaciones de la reconstrucci\u00f3n con m\u00fasculo temporal.  se comparan cuarente y un pacientes reconstruidos con colgajo temporal con otros doce pacientes intervenidos antes de que la t\u00e9cnica fuera descrita.  comparamos los resultados obtenidos en el relleno de la zona donante con distintas t\u00e9cnicas reconstructivas.  y aportamos las conclusiones de nuestro estudio.<\/p>\n<p>&nbsp;<\/p>\n<h3>Datos acad\u00e9micos de la tesis doctoral \u00ab<strong>\u00abreconstruccion de defectos del maxilar superior con el colgajo miofascial temporal\u00bb<\/strong>\u00ab<\/h3>\n<ul>\n<li><strong>T\u00edtulo de la tesis:<\/strong>\u00a0 \u00abreconstruccion de defectos del maxilar superior con el colgajo miofascial temporal\u00bb <\/li>\n<li><strong>Autor:<\/strong>\u00a0 Antonio Clavero Garin <\/li>\n<li><strong>Universidad:<\/strong>\u00a0 Complutense de Madrid<\/li>\n<li><strong>Fecha de lectura de la tesis:<\/strong>\u00a0 15\/12\/2000<\/li>\n<\/ul>\n<p>&nbsp;<\/p>\n<h3>Direcci\u00f3n y tribunal<\/h3>\n<ul>\n<li><strong>Director de la tesis<\/strong>\n<ul>\n<li>Carlos Navarro Vila<\/li>\n<\/ul>\n<\/li>\n<li><strong>Tribunal<\/strong>\n<ul>\n<li>Presidente del tribunal: Jos\u00e9 Luis Balibrea  Cantero <\/li>\n<li>Victor Diaz Pizarro (vocal)<\/li>\n<li> Alonso Del Hoyo Jos\u00e9 R (vocal)<\/li>\n<li>Victor Lopez Pizarro (vocal)<\/li>\n<\/ul>\n<\/li>\n<\/ul>\n<p>&nbsp;<\/p>\n","protected":false},"excerpt":{"rendered":"<p>Tesis doctoral de Antonio Clavero Garin La comunicaci\u00f3n entre cavidad oral y nasal como consecuencia de la cirug\u00eda ablativa afecta [&hellip;]<\/p>\n","protected":false},"author":1,"featured_media":0,"comment_status":"open","ping_status":"open","sticky":false,"template":"","format":"standard","meta":{"site-sidebar-layout":"default","site-content-layout":"","ast-site-content-layout":"","site-content-style":"default","site-sidebar-style":"default","ast-global-header-display":"","ast-banner-title-visibility":"","ast-main-header-display":"","ast-hfb-above-header-display":"","ast-hfb-below-header-display":"","ast-hfb-mobile-header-display":"","site-post-title":"","ast-breadcrumbs-content":"","ast-featured-img":"","footer-sml-layout":"","theme-transparent-header-meta":"","adv-header-id-meta":"","stick-header-meta":"","header-above-stick-meta":"","header-main-stick-meta":"","header-below-stick-meta":"","astra-migrate-meta-layouts":"default","ast-page-background-enabled":"default","ast-page-background-meta":{"desktop":{"background-color":"var(--ast-global-color-4)","background-image":"","background-repeat":"repeat","background-position":"center center","background-size":"auto","background-attachment":"scroll","background-type":"","background-media":"","overlay-type":"","overlay-color":"","overlay-gradient":""},"tablet":{"background-color":"","background-image":"","background-repeat":"repeat","background-position":"center center","background-size":"auto","background-attachment":"scroll","background-type":"","background-media":"","overlay-type":"","overlay-color":"","overlay-gradient":""},"mobile":{"background-color":"","background-image":"","background-repeat":"repeat","background-position":"center center","background-size":"auto","background-attachment":"scroll","background-type":"","background-media":"","overlay-type":"","overlay-color":"","overlay-gradient":""}},"ast-content-background-meta":{"desktop":{"background-color":"var(--ast-global-color-5)","background-image":"","background-repeat":"repeat","background-position":"center center","background-size":"auto","background-attachment":"scroll","background-type":"","background-media":"","overlay-type":"","overlay-color":"","overlay-gradient":""},"tablet":{"background-color":"var(--ast-global-color-5)","background-image":"","background-repeat":"repeat","background-position":"center center","background-size":"auto","background-attachment":"scroll","background-type":"","background-media":"","overlay-type":"","overlay-color":"","overlay-gradient":""},"mobile":{"background-color":"var(--ast-global-color-5)","background-image":"","background-repeat":"repeat","background-position":"center center","background-size":"auto","background-attachment":"scroll","background-type":"","background-media":"","overlay-type":"","overlay-color":"","overlay-gradient":""}},"footnotes":""},"categories":[9,141,7472],"tags":[183776,151835,19275,4963,183775,183777],"class_list":["post-87940","post","type-post","status-publish","format-standard","hentry","category-ciencias-medicas","category-cirugia","category-cirugia-maxilofacial","tag-alonso-del-hoyo-jose-r","tag-antonio-clavero-garin","tag-carlos-navarro-vila","tag-jose-luis-balibrea-cantero","tag-victor-diaz-pizarro","tag-victor-lopez-pizarro"],"_links":{"self":[{"href":"https:\/\/www.deberes.net\/tesis\/wp-json\/wp\/v2\/posts\/87940","targetHints":{"allow":["GET"]}}],"collection":[{"href":"https:\/\/www.deberes.net\/tesis\/wp-json\/wp\/v2\/posts"}],"about":[{"href":"https:\/\/www.deberes.net\/tesis\/wp-json\/wp\/v2\/types\/post"}],"author":[{"embeddable":true,"href":"https:\/\/www.deberes.net\/tesis\/wp-json\/wp\/v2\/users\/1"}],"replies":[{"embeddable":true,"href":"https:\/\/www.deberes.net\/tesis\/wp-json\/wp\/v2\/comments?post=87940"}],"version-history":[{"count":0,"href":"https:\/\/www.deberes.net\/tesis\/wp-json\/wp\/v2\/posts\/87940\/revisions"}],"wp:attachment":[{"href":"https:\/\/www.deberes.net\/tesis\/wp-json\/wp\/v2\/media?parent=87940"}],"wp:term":[{"taxonomy":"category","embeddable":true,"href":"https:\/\/www.deberes.net\/tesis\/wp-json\/wp\/v2\/categories?post=87940"},{"taxonomy":"post_tag","embeddable":true,"href":"https:\/\/www.deberes.net\/tesis\/wp-json\/wp\/v2\/tags?post=87940"}],"curies":[{"name":"wp","href":"https:\/\/api.w.org\/{rel}","templated":true}]}}