{"id":87943,"date":"2018-03-10T00:12:50","date_gmt":"2018-03-10T00:12:50","guid":{"rendered":"https:\/\/www.deberes.net\/tesis\/sin-categoria\/discurso-pola%c2%adtico-y-propaganda-en-la-corte-de-los-reyes-catolicos1474-1482\/"},"modified":"2018-03-10T00:12:50","modified_gmt":"2018-03-10T00:12:50","slug":"discurso-pola%c2%adtico-y-propaganda-en-la-corte-de-los-reyes-catolicos1474-1482","status":"publish","type":"post","link":"https:\/\/www.deberes.net\/tesis\/historia\/discurso-pola%c2%adtico-y-propaganda-en-la-corte-de-los-reyes-catolicos1474-1482\/","title":{"rendered":"Discurso pol\u00edtico y propaganda en la corte de los reyes cat\u00f3licos(1474-1482)"},"content":{"rendered":"<h2>Tesis doctoral de <strong> Ana Isabel Carrasco Manchado <\/strong><\/h2>\n<p>La presente tesis doctoral gira en torno a conceptos tales como el de propaganda o discurso pol\u00edtico, que han sido analizados en esta investigaci\u00f3n en todas sus implicaciones, ocup\u00e1ndonos con detalle de la historia del acceso al poder de los reyes cat\u00f3licos. El estudio del discurso pol\u00edtico ha servido para acotar el tema de propaganda pol\u00edtica, dada la particular complejidad pol\u00edtica del reinado de los reyes cat\u00f3licos, y nos hemos ce\u00f1ido al per\u00edodo inicial de dicho reinado, el momento quiz\u00e1 m\u00e1s apropiado para abrir una investigaci\u00f3n como esta, por lo que tiene de crisis de legitimacion, en su doble vertiente, sucesoria y mon\u00e1rquica, y de soluci\u00f3n de esta crisis, en lo que se refiere a la cuesti\u00f3n sucesoria, y de ocmienzo de consolidaci\u00f3n, en lo que respecta a la superaci\u00f3n de la crisis de legitimidad mon\u00e1rquica arrastrada desde antes del siglo xv. Hemos logrado detectar en los autores pol\u00edticos del siglo xv, una actitud consciente de emplear, en la lucha pol\u00edtica, unos recursos equiparables a lo que hoy se entiende por propaganda pol\u00edtica. La existencia, plenamente comprobable, de lo que se ha acu\u00f1ado como consciencia propagandistica, prueba que es posible estudiar su funcionamiento en el siglo xv sin caer en un anacronismo. Se trata de un fen\u00f3meno pol\u00edtico del que los hombres del siglo xv eran conscientes, y, por tanto podr\u00edan manejar y manejaban, aunque l\u00f3gicamente no lo nombraran con los t\u00e9rminos actuales, sino que los percib\u00edan como t\u00e9cnicas de simulaci\u00f3n. Nuestro objetivo ha sido desgranar los acontecimientos ceremoniales y propagand\u00edsticos de esa primera etapa del reinado al ritmo de los acontecimientos pol\u00edticos y obtener as\u00ed el cuadro ideol\u00f3gico de los principales recursos ret\u00f3ricos y argumentales que sustentaron la propaganda de guerra y de legitimaci\u00f3n. como base de an\u00e1lisis del discurso hemos empleado tanto las fuentes literarias de esa \u00e9poca que surgen en el entorno cortesano y transmiten la<\/p>\n<p>&nbsp;<\/p>\n<h3>Datos acad\u00e9micos de la tesis doctoral \u00ab<strong>Discurso pol\u00edtico y propaganda en la corte de los reyes cat\u00f3licos(1474-1482)<\/strong>\u00ab<\/h3>\n<ul>\n<li><strong>T\u00edtulo de la tesis:<\/strong>\u00a0 Discurso pol\u00edtico y propaganda en la corte de los reyes cat\u00f3licos(1474-1482) <\/li>\n<li><strong>Autor:<\/strong>\u00a0 Ana Isabel Carrasco Manchado <\/li>\n<li><strong>Universidad:<\/strong>\u00a0 Complutense de Madrid<\/li>\n<li><strong>Fecha de lectura de la tesis:<\/strong>\u00a0 15\/12\/2000<\/li>\n<\/ul>\n<p>&nbsp;<\/p>\n<h3>Direcci\u00f3n y tribunal<\/h3>\n<ul>\n<li><strong>Director de la tesis<\/strong>\n<ul>\n<li>Jos\u00e9 Manuel Nieto Soria<\/li>\n<\/ul>\n<\/li>\n<li><strong>Tribunal<\/strong>\n<ul>\n<li>Presidente del tribunal: Miguel \u00e1ngel Ladero quesada <\/li>\n<li> Val valdivieso isabel de (vocal)<\/li>\n<li> Carretero zamora Juan  Manuel (vocal)<\/li>\n<li>currul Sabate i (vocal)<\/li>\n<\/ul>\n<\/li>\n<\/ul>\n<p>&nbsp;<\/p>\n","protected":false},"excerpt":{"rendered":"<p>Tesis doctoral de Ana Isabel Carrasco Manchado La presente tesis doctoral gira en torno a conceptos tales como el de [&hellip;]<\/p>\n","protected":false},"author":1,"featured_media":0,"comment_status":"open","ping_status":"open","sticky":false,"template":"","format":"standard","meta":{"site-sidebar-layout":"default","site-content-layout":"","ast-site-content-layout":"","site-content-style":"default","site-sidebar-style":"default","ast-global-header-display":"","ast-banner-title-visibility":"","ast-main-header-display":"","ast-hfb-above-header-display":"","ast-hfb-below-header-display":"","ast-hfb-mobile-header-display":"","site-post-title":"","ast-breadcrumbs-content":"","ast-featured-img":"","footer-sml-layout":"","theme-transparent-header-meta":"","adv-header-id-meta":"","stick-header-meta":"","header-above-stick-meta":"","header-main-stick-meta":"","header-below-stick-meta":"","astra-migrate-meta-layouts":"default","ast-page-background-enabled":"default","ast-page-background-meta":{"desktop":{"background-color":"var(--ast-global-color-4)","background-image":"","background-repeat":"repeat","background-position":"center center","background-size":"auto","background-attachment":"scroll","background-type":"","background-media":"","overlay-type":"","overlay-color":"","overlay-gradient":""},"tablet":{"background-color":"","background-image":"","background-repeat":"repeat","background-position":"center center","background-size":"auto","background-attachment":"scroll","background-type":"","background-media":"","overlay-type":"","overlay-color":"","overlay-gradient":""},"mobile":{"background-color":"","background-image":"","background-repeat":"repeat","background-position":"center center","background-size":"auto","background-attachment":"scroll","background-type":"","background-media":"","overlay-type":"","overlay-color":"","overlay-gradient":""}},"ast-content-background-meta":{"desktop":{"background-color":"var(--ast-global-color-5)","background-image":"","background-repeat":"repeat","background-position":"center center","background-size":"auto","background-attachment":"scroll","background-type":"","background-media":"","overlay-type":"","overlay-color":"","overlay-gradient":""},"tablet":{"background-color":"var(--ast-global-color-5)","background-image":"","background-repeat":"repeat","background-position":"center center","background-size":"auto","background-attachment":"scroll","background-type":"","background-media":"","overlay-type":"","overlay-color":"","overlay-gradient":""},"mobile":{"background-color":"var(--ast-global-color-5)","background-image":"","background-repeat":"repeat","background-position":"center center","background-size":"auto","background-attachment":"scroll","background-type":"","background-media":"","overlay-type":"","overlay-color":"","overlay-gradient":""}},"footnotes":""},"categories":[838,104,989,220,4840,23527],"tags":[183780,62180,183782,5297,5296,183781],"class_list":["post-87943","post","type-post","status-publish","format-standard","hentry","category-ciencia-politica","category-historia","category-historia-moderna","category-historia-por-epocas","category-opinion-publica","category-propaganda","tag-ana-isabel-carrasco-manchado","tag-carretero-zamora-juan-manuel","tag-currul-sabate-i","tag-jose-manuel-nieto-soria","tag-miguel-angel-ladero-quesada","tag-val-valdivieso-isabel-de"],"_links":{"self":[{"href":"https:\/\/www.deberes.net\/tesis\/wp-json\/wp\/v2\/posts\/87943","targetHints":{"allow":["GET"]}}],"collection":[{"href":"https:\/\/www.deberes.net\/tesis\/wp-json\/wp\/v2\/posts"}],"about":[{"href":"https:\/\/www.deberes.net\/tesis\/wp-json\/wp\/v2\/types\/post"}],"author":[{"embeddable":true,"href":"https:\/\/www.deberes.net\/tesis\/wp-json\/wp\/v2\/users\/1"}],"replies":[{"embeddable":true,"href":"https:\/\/www.deberes.net\/tesis\/wp-json\/wp\/v2\/comments?post=87943"}],"version-history":[{"count":0,"href":"https:\/\/www.deberes.net\/tesis\/wp-json\/wp\/v2\/posts\/87943\/revisions"}],"wp:attachment":[{"href":"https:\/\/www.deberes.net\/tesis\/wp-json\/wp\/v2\/media?parent=87943"}],"wp:term":[{"taxonomy":"category","embeddable":true,"href":"https:\/\/www.deberes.net\/tesis\/wp-json\/wp\/v2\/categories?post=87943"},{"taxonomy":"post_tag","embeddable":true,"href":"https:\/\/www.deberes.net\/tesis\/wp-json\/wp\/v2\/tags?post=87943"}],"curies":[{"name":"wp","href":"https:\/\/api.w.org\/{rel}","templated":true}]}}