{"id":87945,"date":"2018-03-10T00:12:50","date_gmt":"2018-03-10T00:12:50","guid":{"rendered":"https:\/\/www.deberes.net\/tesis\/sin-categoria\/poder-judicial-y-sistema-de-fuentes-la-potestad-normativa-del-consejo-general-del-poder-judicial\/"},"modified":"2018-03-10T00:12:50","modified_gmt":"2018-03-10T00:12:50","slug":"poder-judicial-y-sistema-de-fuentes-la-potestad-normativa-del-consejo-general-del-poder-judicial","status":"publish","type":"post","link":"https:\/\/www.deberes.net\/tesis\/ciencias-juridicas-y-derecho\/poder-judicial-y-sistema-de-fuentes-la-potestad-normativa-del-consejo-general-del-poder-judicial\/","title":{"rendered":"Poder judicial y sistema de fuentes. la potestad normativa del consejo general del poder judicial."},"content":{"rendered":"<h2>Tesis doctoral de <strong>  Navas Sanchez M. Mar <\/strong><\/h2>\n<p>La autora realiza un an\u00e1lisis de la articulaci\u00f3n constitucional de las competencias normativas relativas a la regulaci\u00f3n del poder judicial. Aborda el estudio de las potestades normativas de los diferentes \u00f3rganos que convergen en la regulaci\u00f3n de este poder, en especial de la potestad normativa que corresponde al consejo general del poder judicial. Para ello, delimita, con car\u00e1cter previo, cu\u00e1l es el \u00e1mbito del poder judicial definido por la constituci\u00f3n, puesto que de ello depende tanto los \u00f3rganos a los que corresponde o pueden asumir competencias con relaci\u00f3n al poder judicial, como la naturaleza y significado de las mismas. Una vez realizada esta delimitaci\u00f3n y estudiado el modelo constitucional del poder judicial,se centra en el an\u00e1lisis de las competencias normativas para la regulaci\u00f3n del poder judicial, de los \u00f3rganos competentes, y de las normas, que como realizaci\u00f3n de dichas competencias, regulan este poder. Estudia as\u00ed la reserva de ley org\u00e1nica que la constituci\u00f3n establece para la regulaci\u00f3n del poder judicial(art. 122 ce), dedicando una especial atenci\u00f3n a la intensidad de la obligaci\u00f3n que dicha reserva supone para el legislador, para tratar de explicar si es posible el ejercicio de una potestad reglamentaria en el \u00e1mbito cubierto por la reserva de ley, y en su caso, el \u00e1mbito o la extensi\u00f3n de la misma. Una vez resuelta la cuesti\u00f3n anterior, se estudia con detenimiento cu\u00e1l es la potestad normativa que corresponde al consejo general del poder judicial, tanto en su vertiente ad intra o potestad autonormativa como en su vertiente ad extra, es decir, en cuanto competencia para dictar los reglamentos de desarrollo de la ley org\u00e1nica del poder judicial en lo relativo al estatuto jur\u00eddico de los jueces y magistrados. Estudia cu\u00e1les son las competencias que corresponden al cgpj, su naturaleza, extensi\u00f3n y l\u00edmites, as\u00ed como el control de las normas reglamentarias y cu\u00e1n es su relaci\u00f3n con el sist<\/p>\n<p>&nbsp;<\/p>\n<h3>Datos acad\u00e9micos de la tesis doctoral \u00ab<strong>Poder judicial y sistema de fuentes. la potestad normativa del consejo general del poder judicial.<\/strong>\u00ab<\/h3>\n<ul>\n<li><strong>T\u00edtulo de la tesis:<\/strong>\u00a0 Poder judicial y sistema de fuentes. la potestad normativa del consejo general del poder judicial. <\/li>\n<li><strong>Autor:<\/strong>\u00a0  Navas Sanchez M. Mar <\/li>\n<li><strong>Universidad:<\/strong>\u00a0 M\u00e1laga<\/li>\n<li><strong>Fecha de lectura de la tesis:<\/strong>\u00a0 15\/12\/2000<\/li>\n<\/ul>\n<p>&nbsp;<\/p>\n<h3>Direcci\u00f3n y tribunal<\/h3>\n<ul>\n<li><strong>Director de la tesis<\/strong>\n<ul>\n<li>Mar\u00eda  Luisa Balaguer Callejon<\/li>\n<\/ul>\n<\/li>\n<li><strong>Tribunal<\/strong>\n<ul>\n<li>Presidente del tribunal: Antonio Torres del moral <\/li>\n<li>gregorio Camara villar (vocal)<\/li>\n<li>Francisco Balaguer callejon (vocal)<\/li>\n<li>  (vocal)<\/li>\n<\/ul>\n<\/li>\n<\/ul>\n<p>&nbsp;<\/p>\n","protected":false},"excerpt":{"rendered":"<p>Tesis doctoral de Navas Sanchez M. Mar La autora realiza un an\u00e1lisis de la articulaci\u00f3n constitucional de las competencias normativas [&hellip;]<\/p>\n","protected":false},"author":1,"featured_media":0,"comment_status":"open","ping_status":"open","sticky":false,"template":"","format":"standard","meta":{"site-sidebar-layout":"default","site-content-layout":"","ast-site-content-layout":"","site-content-style":"default","site-sidebar-style":"default","ast-global-header-display":"","ast-banner-title-visibility":"","ast-main-header-display":"","ast-hfb-above-header-display":"","ast-hfb-below-header-display":"","ast-hfb-mobile-header-display":"","site-post-title":"","ast-breadcrumbs-content":"","ast-featured-img":"","footer-sml-layout":"","theme-transparent-header-meta":"","adv-header-id-meta":"","stick-header-meta":"","header-above-stick-meta":"","header-main-stick-meta":"","header-below-stick-meta":"","astra-migrate-meta-layouts":"default","ast-page-background-enabled":"default","ast-page-background-meta":{"desktop":{"background-color":"var(--ast-global-color-4)","background-image":"","background-repeat":"repeat","background-position":"center center","background-size":"auto","background-attachment":"scroll","background-type":"","background-media":"","overlay-type":"","overlay-color":"","overlay-gradient":""},"tablet":{"background-color":"","background-image":"","background-repeat":"repeat","background-position":"center center","background-size":"auto","background-attachment":"scroll","background-type":"","background-media":"","overlay-type":"","overlay-color":"","overlay-gradient":""},"mobile":{"background-color":"","background-image":"","background-repeat":"repeat","background-position":"center center","background-size":"auto","background-attachment":"scroll","background-type":"","background-media":"","overlay-type":"","overlay-color":"","overlay-gradient":""}},"ast-content-background-meta":{"desktop":{"background-color":"var(--ast-global-color-5)","background-image":"","background-repeat":"repeat","background-position":"center center","background-size":"auto","background-attachment":"scroll","background-type":"","background-media":"","overlay-type":"","overlay-color":"","overlay-gradient":""},"tablet":{"background-color":"var(--ast-global-color-5)","background-image":"","background-repeat":"repeat","background-position":"center center","background-size":"auto","background-attachment":"scroll","background-type":"","background-media":"","overlay-type":"","overlay-color":"","overlay-gradient":""},"mobile":{"background-color":"var(--ast-global-color-5)","background-image":"","background-repeat":"repeat","background-position":"center center","background-size":"auto","background-attachment":"scroll","background-type":"","background-media":"","overlay-type":"","overlay-color":"","overlay-gradient":""}},"footnotes":""},"categories":[612,1450,979,7834],"tags":[4689,39343,3461,24887,183784],"class_list":["post-87945","post","type-post","status-publish","format-standard","hentry","category-ciencias-juridicas-y-derecho","category-derecho-constitucional","category-derecho-y-legislacion-nacionales","category-malaga","tag-antonio-torres-del-moral","tag-francisco-balaguer-callejon","tag-gregorio-camara-villar","tag-maria-luisa-balaguer-callejon","tag-navas-sanchez-m-mar"],"_links":{"self":[{"href":"https:\/\/www.deberes.net\/tesis\/wp-json\/wp\/v2\/posts\/87945","targetHints":{"allow":["GET"]}}],"collection":[{"href":"https:\/\/www.deberes.net\/tesis\/wp-json\/wp\/v2\/posts"}],"about":[{"href":"https:\/\/www.deberes.net\/tesis\/wp-json\/wp\/v2\/types\/post"}],"author":[{"embeddable":true,"href":"https:\/\/www.deberes.net\/tesis\/wp-json\/wp\/v2\/users\/1"}],"replies":[{"embeddable":true,"href":"https:\/\/www.deberes.net\/tesis\/wp-json\/wp\/v2\/comments?post=87945"}],"version-history":[{"count":0,"href":"https:\/\/www.deberes.net\/tesis\/wp-json\/wp\/v2\/posts\/87945\/revisions"}],"wp:attachment":[{"href":"https:\/\/www.deberes.net\/tesis\/wp-json\/wp\/v2\/media?parent=87945"}],"wp:term":[{"taxonomy":"category","embeddable":true,"href":"https:\/\/www.deberes.net\/tesis\/wp-json\/wp\/v2\/categories?post=87945"},{"taxonomy":"post_tag","embeddable":true,"href":"https:\/\/www.deberes.net\/tesis\/wp-json\/wp\/v2\/tags?post=87945"}],"curies":[{"name":"wp","href":"https:\/\/api.w.org\/{rel}","templated":true}]}}