{"id":87987,"date":"2018-03-10T00:12:54","date_gmt":"2018-03-10T00:12:54","guid":{"rendered":"https:\/\/www.deberes.net\/tesis\/sin-categoria\/variabilidad-de-la-fenologa%c2%ada-y-del-ciclo-reproductor-de-quercus-suber-l-en-la-pena%c2%adnsula-iberica\/"},"modified":"2018-03-10T00:12:54","modified_gmt":"2018-03-10T00:12:54","slug":"variabilidad-de-la-fenologa%c2%ada-y-del-ciclo-reproductor-de-quercus-suber-l-en-la-pena%c2%adnsula-iberica","status":"publish","type":"post","link":"https:\/\/www.deberes.net\/tesis\/ciencias-de-la-vida\/variabilidad-de-la-fenologa%c2%ada-y-del-ciclo-reproductor-de-quercus-suber-l-en-la-pena%c2%adnsula-iberica\/","title":{"rendered":"Variabilidad de la fenolog\u00eda y del ciclo reproductor de quercus suber l. en la pen\u00ednsula ib\u00e9rica"},"content":{"rendered":"<h2>Tesis doctoral de <strong>  D\u00edaz Fern\u00e1ndez Pedro Manuel <\/strong><\/h2>\n<p>La fenolog\u00eda de quercus suber l ha sido un cl\u00e1sico tema de discusi \u00f3n desde mediados del siglo pasado, cuando el bot\u00e1nico suizo j. Gay describi\u00f3 en las landas francesas la existencia de una nueva especie caracterizada por el ciclo bienal de maduraci\u00f3n de sus frutos, a quien denomin\u00f3 quercus occidentalis.  el car\u00e1cter de la maduraci\u00f3n bienal fue rechazado por los autores espa\u00f1oles y portu gueses quienes explicaron la presencia de varias cosechas de bell tas por la capacidad del \u00e1rbol de florecer varias veces en un mismo ciclo vegetativo desde la primavera hasta el oto\u00f1o.  por otra parte el forestal italiano roberto corti estudio la reproducci\u00f3n de quercus suber en los a\u00f1os cincuenta y encontro ciclos anuales y bianuales de maduraci\u00f3n criticando a los autores ib\u00e9ricos.  en nuestro trabajo se relaciona las cosechas de la especie con la floraci\u00f3n que las origina mediante el seguimiento de diez \u00e1rboles en el pardo.  pudo comprobarse que a partir de la floracio primaveral se originan frutos que pueden tener ciclos anuales o bianuales, caracter\u00edstica com\u00fan con otras especies del grupo cerris. La cosecha tempara procede de flores que maduran siguiendo el ciclo bianual y las cosechas mediana y tardia a partir de frutos que maduran en un ciclo anual. Los ciclos bianuales son m\u00e1s frecuentes en poblaciones septentrionales con periodos vegetativos cortos y en el sur aparecen cuando la sequ\u00eda estival es m\u00e1s dura.<\/p>\n<p>&nbsp;<\/p>\n<h3>Datos acad\u00e9micos de la tesis doctoral \u00ab<strong>Variabilidad de la fenolog\u00eda y del ciclo reproductor de quercus suber l. en la pen\u00ednsula ib\u00e9rica<\/strong>\u00ab<\/h3>\n<ul>\n<li><strong>T\u00edtulo de la tesis:<\/strong>\u00a0 Variabilidad de la fenolog\u00eda y del ciclo reproductor de quercus suber l. en la pen\u00ednsula ib\u00e9rica <\/li>\n<li><strong>Autor:<\/strong>\u00a0  D\u00edaz Fern\u00e1ndez Pedro Manuel <\/li>\n<li><strong>Universidad:<\/strong>\u00a0 Polit\u00e9cnica de Madrid<\/li>\n<li><strong>Fecha de lectura de la tesis:<\/strong>\u00a0 15\/12\/2000<\/li>\n<\/ul>\n<p>&nbsp;<\/p>\n<h3>Direcci\u00f3n y tribunal<\/h3>\n<ul>\n<li><strong>Director de la tesis<\/strong>\n<ul>\n<li>Luis Alfonso Gil S\u00e1nchez<\/li>\n<\/ul>\n<\/li>\n<li><strong>Tribunal<\/strong>\n<ul>\n<li>Presidente del tribunal: alfonso San Miguel ayanz <\/li>\n<li> Vazquez pardo Francisco m. (vocal)<\/li>\n<li> Mariano varela m. carolina (vocal)<\/li>\n<li>gregorio Montero gonz\u00e1lez (vocal)<\/li>\n<\/ul>\n<\/li>\n<\/ul>\n<p>&nbsp;<\/p>\n","protected":false},"excerpt":{"rendered":"<p>Tesis doctoral de D\u00edaz Fern\u00e1ndez Pedro Manuel La fenolog\u00eda de quercus suber l ha sido un cl\u00e1sico tema de discusi [&hellip;]<\/p>\n","protected":false},"author":1,"featured_media":0,"comment_status":"open","ping_status":"open","sticky":false,"template":"","format":"standard","meta":{"site-sidebar-layout":"default","site-content-layout":"","ast-site-content-layout":"","site-content-style":"default","site-sidebar-style":"default","ast-global-header-display":"","ast-banner-title-visibility":"","ast-main-header-display":"","ast-hfb-above-header-display":"","ast-hfb-below-header-display":"","ast-hfb-mobile-header-display":"","site-post-title":"","ast-breadcrumbs-content":"","ast-featured-img":"","footer-sml-layout":"","theme-transparent-header-meta":"","adv-header-id-meta":"","stick-header-meta":"","header-above-stick-meta":"","header-main-stick-meta":"","header-below-stick-meta":"","astra-migrate-meta-layouts":"default","ast-page-background-enabled":"default","ast-page-background-meta":{"desktop":{"background-color":"var(--ast-global-color-4)","background-image":"","background-repeat":"repeat","background-position":"center center","background-size":"auto","background-attachment":"scroll","background-type":"","background-media":"","overlay-type":"","overlay-color":"","overlay-gradient":""},"tablet":{"background-color":"","background-image":"","background-repeat":"repeat","background-position":"center center","background-size":"auto","background-attachment":"scroll","background-type":"","background-media":"","overlay-type":"","overlay-color":"","overlay-gradient":""},"mobile":{"background-color":"","background-image":"","background-repeat":"repeat","background-position":"center center","background-size":"auto","background-attachment":"scroll","background-type":"","background-media":"","overlay-type":"","overlay-color":"","overlay-gradient":""}},"ast-content-background-meta":{"desktop":{"background-color":"var(--ast-global-color-5)","background-image":"","background-repeat":"repeat","background-position":"center center","background-size":"auto","background-attachment":"scroll","background-type":"","background-media":"","overlay-type":"","overlay-color":"","overlay-gradient":""},"tablet":{"background-color":"var(--ast-global-color-5)","background-image":"","background-repeat":"repeat","background-position":"center center","background-size":"auto","background-attachment":"scroll","background-type":"","background-media":"","overlay-type":"","overlay-color":"","overlay-gradient":""},"mobile":{"background-color":"var(--ast-global-color-5)","background-image":"","background-repeat":"repeat","background-position":"center center","background-size":"auto","background-attachment":"scroll","background-type":"","background-media":"","overlay-type":"","overlay-color":"","overlay-gradient":""}},"footnotes":""},"categories":[972,621,35,13894,620,16008],"tags":[16101,132579,14952,2885,183848,64925],"class_list":["post-87987","post","type-post","status-publish","format-standard","hentry","category-botanica","category-botanica-general","category-ciencias-de-la-vida","category-desarrollo-vegetal","category-ecologia-vegetal","category-politecnica-de-madrid","tag-alfonso-san-miguel-ayanz","tag-diaz-fernandez-pedro-manuel","tag-gregorio-montero-gonzalez","tag-luis-alfonso-gil-sanchez","tag-mariano-varela-m-carolina","tag-vazquez-pardo-francisco-m"],"_links":{"self":[{"href":"https:\/\/www.deberes.net\/tesis\/wp-json\/wp\/v2\/posts\/87987","targetHints":{"allow":["GET"]}}],"collection":[{"href":"https:\/\/www.deberes.net\/tesis\/wp-json\/wp\/v2\/posts"}],"about":[{"href":"https:\/\/www.deberes.net\/tesis\/wp-json\/wp\/v2\/types\/post"}],"author":[{"embeddable":true,"href":"https:\/\/www.deberes.net\/tesis\/wp-json\/wp\/v2\/users\/1"}],"replies":[{"embeddable":true,"href":"https:\/\/www.deberes.net\/tesis\/wp-json\/wp\/v2\/comments?post=87987"}],"version-history":[{"count":0,"href":"https:\/\/www.deberes.net\/tesis\/wp-json\/wp\/v2\/posts\/87987\/revisions"}],"wp:attachment":[{"href":"https:\/\/www.deberes.net\/tesis\/wp-json\/wp\/v2\/media?parent=87987"}],"wp:term":[{"taxonomy":"category","embeddable":true,"href":"https:\/\/www.deberes.net\/tesis\/wp-json\/wp\/v2\/categories?post=87987"},{"taxonomy":"post_tag","embeddable":true,"href":"https:\/\/www.deberes.net\/tesis\/wp-json\/wp\/v2\/tags?post=87987"}],"curies":[{"name":"wp","href":"https:\/\/api.w.org\/{rel}","templated":true}]}}