{"id":88032,"date":"2018-03-10T00:12:54","date_gmt":"2018-03-10T00:12:54","guid":{"rendered":"https:\/\/www.deberes.net\/tesis\/sin-categoria\/las-otras-mujeres-aprendizaje-dialogico-de-personas-adultas-como-generador-de-transformacion-social-en-las-relaciones-de-genero\/"},"modified":"2018-03-10T00:12:54","modified_gmt":"2018-03-10T00:12:54","slug":"las-otras-mujeres-aprendizaje-dialogico-de-personas-adultas-como-generador-de-transformacion-social-en-las-relaciones-de-genero","status":"publish","type":"post","link":"https:\/\/www.deberes.net\/tesis\/barcelona\/las-otras-mujeres-aprendizaje-dialogico-de-personas-adultas-como-generador-de-transformacion-social-en-las-relaciones-de-genero\/","title":{"rendered":"Las otras mujeres. aprendizaje dialogico de personas adultas como generador de transformacion social en las relaciones de genero."},"content":{"rendered":"<h2>Tesis doctoral de <strong> Lidia Puigvert Mallart <\/strong><\/h2>\n<p>Hay en europa unas nuevas autoras, m\u00e1s ligadas a los movimientos sociales, que est\u00e1n planteando desde diferentes ambitos el que est\u00e1 empezando a ser un gran tema del feminismo del siglo xxi: su apertura a las voces de todas las mujeres superando la exclusi\u00f3n de las que he denominado en esta tesis las otras mujeres y que ya estan reclamando esa voz. No obstante, el debate cl\u00e1sico a nivel mundial sobre feminismo est\u00e1 hegemonizado por las autores que uso como principales referencias. Benhabib,butler y fraser. En esta tesis planteo que la participaci\u00f3n de las mujeres que no tienen titulo universitario en procesos de aprendizaje dial\u00f3gico genera su protagonismo en la transformaci\u00f3n de las relaciones de genero, incluyendo su irrupci\u00f3n en el discurso feminista habitualmente monopolizado por la \u00e9lite de universitarias. la tesis est\u00e1 muy en la linea con las aportaciones m\u00e1s relevantes y recientes de este tema en el \u00e1mbito internacional, con lo que est\u00e1 generando mucho inter\u00e9s, en lugar de oponer riguroso bagaje te\u00f3rico, vinculaci\u00f3n a proyectos concretos de rtd e implicaci\u00f3n social, combno los tres elementos en una teor\u00eda feminista que no s\u00f3lo se integra en la actual vida academica sino que tambi\u00e9n la renueva. Las bases te\u00f3ricas utilizadas son las m\u00e1s importantes en la actualidad en ciencias sociales, educativas y en teor\u00eda feminista y la relaci\u00f3n del trabajo con investigaciones concretas potencia la calidad y utilidad social y cientifica de la tesis. La implicaci\u00f3n social tienen una especial relavancia en este tema por cuanto lo es con las propias organizaciones de otras mujeres que se est\u00e1n investigando y que as\u00ed son consideradas como sujetos y no simplemente como objetos de este estudio. La voz que las otras mujeres est\u00e1 presente en todo el texto, tanto cuando se incluyen pasajes de sus palabra como cuando se tratan las bases te\u00f3ricas, ya que tambien estas se abordan desde la perspectiva de lo que resulte \u00fatil para l<\/p>\n<p>&nbsp;<\/p>\n<h3>Datos acad\u00e9micos de la tesis doctoral \u00ab<strong>Las otras mujeres. aprendizaje dialogico de personas adultas como generador de transformacion social en las relaciones de genero.<\/strong>\u00ab<\/h3>\n<ul>\n<li><strong>T\u00edtulo de la tesis:<\/strong>\u00a0 Las otras mujeres. aprendizaje dialogico de personas adultas como generador de transformacion social en las relaciones de genero. <\/li>\n<li><strong>Autor:<\/strong>\u00a0 Lidia Puigvert Mallart <\/li>\n<li><strong>Universidad:<\/strong>\u00a0 Barcelona<\/li>\n<li><strong>Fecha de lectura de la tesis:<\/strong>\u00a0 18\/12\/2000<\/li>\n<\/ul>\n<p>&nbsp;<\/p>\n<h3>Direcci\u00f3n y tribunal<\/h3>\n<ul>\n<li><strong>Director de la tesis<\/strong>\n<ul>\n<li>Ramon Flecha Garcia<\/li>\n<\/ul>\n<\/li>\n<li><strong>Tribunal<\/strong>\n<ul>\n<li>Presidente del tribunal: salvador Giner sanjuli\u00e1n <\/li>\n<li>maite Arandia loro\u00f1o (vocal)<\/li>\n<li>Francisco Fernandez palomares (vocal)<\/li>\n<li>barbara Merrill (vocal)<\/li>\n<\/ul>\n<\/li>\n<\/ul>\n<p>&nbsp;<\/p>\n","protected":false},"excerpt":{"rendered":"<p>Tesis doctoral de Lidia Puigvert Mallart Hay en europa unas nuevas autoras, m\u00e1s ligadas a los movimientos sociales, que est\u00e1n [&hellip;]<\/p>\n","protected":false},"author":1,"featured_media":0,"comment_status":"open","ping_status":"open","sticky":false,"template":"","format":"standard","meta":{"site-sidebar-layout":"default","site-content-layout":"","ast-site-content-layout":"","site-content-style":"default","site-sidebar-style":"default","ast-global-header-display":"","ast-banner-title-visibility":"","ast-main-header-display":"","ast-hfb-above-header-display":"","ast-hfb-below-header-display":"","ast-hfb-mobile-header-display":"","site-post-title":"","ast-breadcrumbs-content":"","ast-featured-img":"","footer-sml-layout":"","theme-transparent-header-meta":"","adv-header-id-meta":"","stick-header-meta":"","header-above-stick-meta":"","header-main-stick-meta":"","header-below-stick-meta":"","astra-migrate-meta-layouts":"default","ast-page-background-enabled":"default","ast-page-background-meta":{"desktop":{"background-color":"var(--ast-global-color-4)","background-image":"","background-repeat":"repeat","background-position":"center center","background-size":"auto","background-attachment":"scroll","background-type":"","background-media":"","overlay-type":"","overlay-color":"","overlay-gradient":""},"tablet":{"background-color":"","background-image":"","background-repeat":"repeat","background-position":"center center","background-size":"auto","background-attachment":"scroll","background-type":"","background-media":"","overlay-type":"","overlay-color":"","overlay-gradient":""},"mobile":{"background-color":"","background-image":"","background-repeat":"repeat","background-position":"center center","background-size":"auto","background-attachment":"scroll","background-type":"","background-media":"","overlay-type":"","overlay-color":"","overlay-gradient":""}},"ast-content-background-meta":{"desktop":{"background-color":"var(--ast-global-color-5)","background-image":"","background-repeat":"repeat","background-position":"center center","background-size":"auto","background-attachment":"scroll","background-type":"","background-media":"","overlay-type":"","overlay-color":"","overlay-gradient":""},"tablet":{"background-color":"var(--ast-global-color-5)","background-image":"","background-repeat":"repeat","background-position":"center center","background-size":"auto","background-attachment":"scroll","background-type":"","background-media":"","overlay-type":"","overlay-color":"","overlay-gradient":""},"mobile":{"background-color":"var(--ast-global-color-5)","background-image":"","background-repeat":"repeat","background-position":"center center","background-size":"auto","background-attachment":"scroll","background-type":"","background-media":"","overlay-type":"","overlay-color":"","overlay-gradient":""}},"footnotes":""},"categories":[951,13042,1184,1141,2231],"tags":[183913,22228,73264,95575,13046,34348],"class_list":["post-88032","post","type-post","status-publish","format-standard","hentry","category-barcelona","category-educacion-de-adultos","category-organizacion-y-planificacion-de-la-educacion","category-pedagogia","category-sociologia-de-la-literatura","tag-barbara-merrill","tag-francisco-fernandez-palomares","tag-lidia-puigvert-mallart","tag-maite-arandia-lorono","tag-ramon-flecha-garcia","tag-salvador-giner-sanjulian"],"_links":{"self":[{"href":"https:\/\/www.deberes.net\/tesis\/wp-json\/wp\/v2\/posts\/88032","targetHints":{"allow":["GET"]}}],"collection":[{"href":"https:\/\/www.deberes.net\/tesis\/wp-json\/wp\/v2\/posts"}],"about":[{"href":"https:\/\/www.deberes.net\/tesis\/wp-json\/wp\/v2\/types\/post"}],"author":[{"embeddable":true,"href":"https:\/\/www.deberes.net\/tesis\/wp-json\/wp\/v2\/users\/1"}],"replies":[{"embeddable":true,"href":"https:\/\/www.deberes.net\/tesis\/wp-json\/wp\/v2\/comments?post=88032"}],"version-history":[{"count":0,"href":"https:\/\/www.deberes.net\/tesis\/wp-json\/wp\/v2\/posts\/88032\/revisions"}],"wp:attachment":[{"href":"https:\/\/www.deberes.net\/tesis\/wp-json\/wp\/v2\/media?parent=88032"}],"wp:term":[{"taxonomy":"category","embeddable":true,"href":"https:\/\/www.deberes.net\/tesis\/wp-json\/wp\/v2\/categories?post=88032"},{"taxonomy":"post_tag","embeddable":true,"href":"https:\/\/www.deberes.net\/tesis\/wp-json\/wp\/v2\/tags?post=88032"}],"curies":[{"name":"wp","href":"https:\/\/api.w.org\/{rel}","templated":true}]}}