{"id":88046,"date":"2018-03-10T00:12:54","date_gmt":"2018-03-10T00:12:54","guid":{"rendered":"https:\/\/www.deberes.net\/tesis\/sin-categoria\/la-diferenciacion-socio-espacial-y-los-espacios-subjetivos-de-los-bahienses\/"},"modified":"2018-03-10T00:12:54","modified_gmt":"2018-03-10T00:12:54","slug":"la-diferenciacion-socio-espacial-y-los-espacios-subjetivos-de-los-bahienses","status":"publish","type":"post","link":"https:\/\/www.deberes.net\/tesis\/geografia\/la-diferenciacion-socio-espacial-y-los-espacios-subjetivos-de-los-bahienses\/","title":{"rendered":"La diferenciacion socio-espacial y los espacios subjetivos de los bahienses."},"content":{"rendered":"<h2>Tesis doctoral de <strong> Ester Formiga Nidia <\/strong><\/h2>\n<p>El prop\u00f3sito es es estudio de la estructuraci\u00f3n del espacio urbano, en cuanto a sus efectos en la diferenciaci\u00f3n socioespacial y los espacios sujetivos de sus habitantes. Se considera que para comprender el acontecer local es precios interpretarlo en el marco de los procesos globales, pues a trav\u00e9s de las transformaciones que se evidencian en el espacio urbano se explicitan las relaciones entre el estado, el capital, la sociedad y el territorio.  el caso de estudio es la ciudad de bah\u00eda blanca, argentina. Se organiza ele studio aen cuatro partes. En la primera se hace una revisi\u00f3n de las perpectivas te\u00f3ricas y se expone el marco conceptual centrado en el proceso de estructuraci\u00f3n y las pr\u00e1cticas socioespaciales, en el marco de la econom\u00eda flexible y de los condicionantes del nuevo paradigma en cuanto a la distribuci\u00f3n, la organizaci\u00f3n y la gesti\u00f3n de las actividades productivas.  se presenta una s\u00edntesis hist\u00f3rica de la evoluci\u00f3n de la ciudad que permite comprender la realidad actual y el inter\u00e9s por recuperar un protagonismo perdido en el \u00e1mbito regional. Mediante una rvisi\u00f3n de los recursos locales, se plantean las posibilidades de inserci\u00f3n de bah\u00eda blanca en el mercado ampliado del mercosur.  luego se aborda el estudio intraurbano, mediante una caracterizaci\u00f3n de la din\u00e1mica actual y los rasgos singulares que estructuran el espacio urbano. Con este contesto, se incorporan las experiencias de los habitantes, a nivel global de la ciudad y de las experincias indiviudales.  en las concluisones y reflexiones finales, se palantean algunas propuestas en la medida en que la existencia de recursos puede constituir la sustentaci\u00f3n de una propuesta de desarrollo local, apartir de un plan estrat\u00e9gico que se est\u00e1 implementando, atendiendo a las necesidades locales y a la calidad de vida de la poblaci\u00f3n.<\/p>\n<p>&nbsp;<\/p>\n<h3>Datos acad\u00e9micos de la tesis doctoral \u00ab<strong>La diferenciacion socio-espacial y los espacios subjetivos de los bahienses.<\/strong>\u00ab<\/h3>\n<ul>\n<li><strong>T\u00edtulo de la tesis:<\/strong>\u00a0 La diferenciacion socio-espacial y los espacios subjetivos de los bahienses. <\/li>\n<li><strong>Autor:<\/strong>\u00a0 Ester Formiga Nidia <\/li>\n<li><strong>Universidad:<\/strong>\u00a0 Complutense de Madrid<\/li>\n<li><strong>Fecha de lectura de la tesis:<\/strong>\u00a0 18\/12\/2000<\/li>\n<\/ul>\n<p>&nbsp;<\/p>\n<h3>Direcci\u00f3n y tribunal<\/h3>\n<ul>\n<li><strong>Director de la tesis<\/strong>\n<ul>\n<li>Aurora Garcia Ballesteros<\/li>\n<\/ul>\n<\/li>\n<li><strong>Tribunal<\/strong>\n<ul>\n<li>Presidente del tribunal: mercedes Molina iba\u00f1ez <\/li>\n<li>carles Carreras verdaguer (vocal)<\/li>\n<li>roberto Bustos cara (vocal)<\/li>\n<li> Zarate martin Manuel Antonio (vocal)<\/li>\n<\/ul>\n<\/li>\n<\/ul>\n<p>&nbsp;<\/p>\n","protected":false},"excerpt":{"rendered":"<p>Tesis doctoral de Ester Formiga Nidia El prop\u00f3sito es es estudio de la estructuraci\u00f3n del espacio urbano, en cuanto a [&hellip;]<\/p>\n","protected":false},"author":1,"featured_media":0,"comment_status":"open","ping_status":"open","sticky":false,"template":"","format":"standard","meta":{"site-sidebar-layout":"default","site-content-layout":"","ast-site-content-layout":"","site-content-style":"default","site-sidebar-style":"default","ast-global-header-display":"","ast-banner-title-visibility":"","ast-main-header-display":"","ast-hfb-above-header-display":"","ast-hfb-below-header-display":"","ast-hfb-mobile-header-display":"","site-post-title":"","ast-breadcrumbs-content":"","ast-featured-img":"","footer-sml-layout":"","theme-transparent-header-meta":"","adv-header-id-meta":"","stick-header-meta":"","header-above-stick-meta":"","header-main-stick-meta":"","header-below-stick-meta":"","astra-migrate-meta-layouts":"default","ast-page-background-enabled":"default","ast-page-background-meta":{"desktop":{"background-color":"var(--ast-global-color-4)","background-image":"","background-repeat":"repeat","background-position":"center center","background-size":"auto","background-attachment":"scroll","background-type":"","background-media":"","overlay-type":"","overlay-color":"","overlay-gradient":""},"tablet":{"background-color":"","background-image":"","background-repeat":"repeat","background-position":"center center","background-size":"auto","background-attachment":"scroll","background-type":"","background-media":"","overlay-type":"","overlay-color":"","overlay-gradient":""},"mobile":{"background-color":"","background-image":"","background-repeat":"repeat","background-position":"center center","background-size":"auto","background-attachment":"scroll","background-type":"","background-media":"","overlay-type":"","overlay-color":"","overlay-gradient":""}},"ast-content-background-meta":{"desktop":{"background-color":"var(--ast-global-color-5)","background-image":"","background-repeat":"repeat","background-position":"center center","background-size":"auto","background-attachment":"scroll","background-type":"","background-media":"","overlay-type":"","overlay-color":"","overlay-gradient":""},"tablet":{"background-color":"var(--ast-global-color-5)","background-image":"","background-repeat":"repeat","background-position":"center center","background-size":"auto","background-attachment":"scroll","background-type":"","background-media":"","overlay-type":"","overlay-color":"","overlay-gradient":""},"mobile":{"background-color":"var(--ast-global-color-5)","background-image":"","background-repeat":"repeat","background-position":"center center","background-size":"auto","background-attachment":"scroll","background-type":"","background-media":"","overlay-type":"","overlay-color":"","overlay-gradient":""}},"footnotes":""},"categories":[1399,3091],"tags":[7226,18494,183929,6765,157526,111479],"class_list":["post-88046","post","type-post","status-publish","format-standard","hentry","category-geografia","category-geografia-economica","tag-aurora-garcia-ballesteros","tag-carles-carreras-verdaguer","tag-ester-formiga-nidia","tag-mercedes-molina-ibanez","tag-roberto-bustos-cara","tag-zarate-martin-manuel-antonio"],"_links":{"self":[{"href":"https:\/\/www.deberes.net\/tesis\/wp-json\/wp\/v2\/posts\/88046","targetHints":{"allow":["GET"]}}],"collection":[{"href":"https:\/\/www.deberes.net\/tesis\/wp-json\/wp\/v2\/posts"}],"about":[{"href":"https:\/\/www.deberes.net\/tesis\/wp-json\/wp\/v2\/types\/post"}],"author":[{"embeddable":true,"href":"https:\/\/www.deberes.net\/tesis\/wp-json\/wp\/v2\/users\/1"}],"replies":[{"embeddable":true,"href":"https:\/\/www.deberes.net\/tesis\/wp-json\/wp\/v2\/comments?post=88046"}],"version-history":[{"count":0,"href":"https:\/\/www.deberes.net\/tesis\/wp-json\/wp\/v2\/posts\/88046\/revisions"}],"wp:attachment":[{"href":"https:\/\/www.deberes.net\/tesis\/wp-json\/wp\/v2\/media?parent=88046"}],"wp:term":[{"taxonomy":"category","embeddable":true,"href":"https:\/\/www.deberes.net\/tesis\/wp-json\/wp\/v2\/categories?post=88046"},{"taxonomy":"post_tag","embeddable":true,"href":"https:\/\/www.deberes.net\/tesis\/wp-json\/wp\/v2\/tags?post=88046"}],"curies":[{"name":"wp","href":"https:\/\/api.w.org\/{rel}","templated":true}]}}